{"id":99095,"date":"2020-09-17T09:45:24","date_gmt":"2020-09-17T13:45:24","guid":{"rendered":"https:\/\/linitiative.ca\/International\/loi-organique-sur-la-greve-lappel-du-pps\/"},"modified":"2020-09-17T09:45:24","modified_gmt":"2020-09-17T13:45:24","slug":"loi-organique-sur-la-greve-lappel-du-pps","status":"publish","type":"post","link":"https:\/\/linitiative.ca\/International\/loi-organique-sur-la-greve-lappel-du-pps\/","title":{"rendered":"Loi organique sur la gr\u00e8ve: L\u2019appel du PPS"},"content":{"rendered":"<div class=\"body\">\n<div class=\"field field-name-body field-type-text-with-summary field-label-hidden\">\n<div class=\"field-items\" readability=\"9.5\">\n<div class=\"field-item even\" property=\"content:encoded\" readability=\"14\">\n<p class=\"rtejustify\">Le bureau politique du PPS s\u2019est greff\u00e9 sur le d\u00e9bat autour du projet de loi organique sur l\u2019exercice du droit de gr\u00e8ve, dont l\u2019examen a \u00e9t\u00e9 report\u00e9 sine-die. Pour le parti de Nabil Benabdallah, le gouvernement est appel\u00e9 \u00e0 lancer un processus de consultations pr\u00e9alables autour de ce texte, avant de le r\u00e9introduire dans le circuit d\u2019adoption parlementaire. Ces consultations devront \u00e9galement prendre en compte les dispositions du projet de loi organique sur les syndicats, selon l\u2019\u00e9tat major de ce parti.<br \/><em>M.A.M.<\/em><\/p>\n<\/div>\n<\/div>\n<\/div>\n<\/div>\n<div class=\"eco-conseil\">\n<div class=\"view view-eco-conseil-16 view-id-eco_conseil_16 view-display-id-cookies view-dom-id-4a5d4896c62f85f1842ea466ef562de3\">\n<div class=\"view-content\">\n<div id=\"views-bootstrap-grid-1\" class=\"views-bootstrap-grid-plugin-style\">\n<div class=\"row\">\n<div class=\" col-xs-12 col-lg-4\">\n<div class=\"row\">\n<div class=\"col col-xs-12 col-lg-12\">\n<div class=\"field-content\"><a href=\"\/article\/1067316-covid-19-des-effets-sur-le-capital-humain\"><img loading=\"lazy\" decoding=\"async\" class=\"img-responsive\" typeof=\"foaf:Image\" src=\"https:\/\/www.leconomiste.com\/sites\/default\/files\/eco7\/public\/styles\/800x400\/public\/default_images\/default_une.jpg?itok=4jZlgnIZ\" width=\"660\" height=\"330\" alt=\"\"\/><\/a><\/div>\n<\/div>\n<div class=\" title_suite_2 col col-xs-12 col-lg-12\"> <a href=\"\/article\/1067316-covid-19-des-effets-sur-le-capital-humain\"\/><span class=\"field-content\">Covid-19: Des effets sur le capital humain\u2026<\/span><\/div>\n<\/div>\n<\/div>\n<div class=\" col-xs-12 col-lg-4\">\n<div class=\"row\">\n<div class=\"col col-xs-12 col-lg-12\">\n<div class=\"field-content\"><a href=\"\/article\/1067314-immatriculation-fonciere-six-mois-de-plus-pour-les-proprietes-rurales\"><img loading=\"lazy\" decoding=\"async\" class=\"img-responsive\" typeof=\"foaf:Image\" src=\"https:\/\/www.leconomiste.com\/sites\/default\/files\/eco7\/public\/styles\/800x400\/public\/default_images\/default_une.jpg?itok=4jZlgnIZ\" width=\"660\" height=\"330\" alt=\"\"\/><\/a><\/div>\n<\/div>\n<div class=\" title_suite_2 col col-xs-12 col-lg-12\"> <a href=\"\/article\/1067314-immatriculation-fonciere-six-mois-de-plus-pour-les-proprietes-rurales\"\/><span class=\"field-content\">Immatriculation fonci\u00e8re: Six mois de plus pour les propri\u00e9t\u00e9s rurales<\/span><\/div>\n<\/div>\n<\/div>\n<div class=\" col-xs-12 col-lg-4\">\n<div class=\"row\">\n<div class=\"col col-xs-12 col-lg-12\">\n<div class=\"field-content\"><a href=\"\/article\/1067313-vols-speciaux-tui-fly-obtient-l-accord-du-maroc\"><img loading=\"lazy\" decoding=\"async\" class=\"img-responsive\" typeof=\"foaf:Image\" src=\"https:\/\/www.leconomiste.com\/sites\/default\/files\/eco7\/public\/styles\/800x400\/public\/default_images\/default_une.jpg?itok=4jZlgnIZ\" width=\"660\" height=\"330\" alt=\"\"\/><\/a><\/div>\n<\/div>\n<div class=\" title_suite_2 col col-xs-12 col-lg-12\"> <a href=\"\/article\/1067313-vols-speciaux-tui-fly-obtient-l-accord-du-maroc\"\/><span class=\"field-content\">Vols sp\u00e9ciaux: TUI Fly obtient l\u2019accord du Maroc<\/span><\/div>\n<\/div>\n<\/div>\n<\/div>\n<\/div>\n<\/div>\n<\/div>\n<\/div>\n<p>Auteur: hlafriqi<br \/>\n<a href=\"https:\/\/www.leconomiste.com\/article\/1067315-loi-organique-sur-la-greve-l-appel-du-pps\">Cliquez ici pour lire l&rsquo;article depuis sa source.<\/a><\/p>\n","protected":false},"excerpt":{"rendered":"<p>Le bureau politique du PPS s\u2019est greff\u00e9 sur le d\u00e9bat autour du projet de loi organique sur l\u2019exercice du droit de gr\u00e8ve, dont l\u2019examen a \u00e9t\u00e9 report\u00e9 sine-die. Pour le parti de Nabil Benabdallah, le gouvernement est appel\u00e9 \u00e0 lancer un processus de consultations pr\u00e9alables autour de ce texte, avant de le r\u00e9introduire dans le [&hellip;]<\/p>\n","protected":false},"author":1763,"featured_media":0,"comment_status":"closed","ping_status":"closed","sticky":false,"template":"","format":"standard","meta":{"fifu_image_url":"","fifu_image_alt":"","footnotes":""},"categories":[78,54],"tags":[],"class_list":["post-99095","post","type-post","status-publish","format-standard","hentry","category-economie","category-maroc"],"_links":{"self":[{"href":"https:\/\/linitiative.ca\/International\/wp-json\/wp\/v2\/posts\/99095","targetHints":{"allow":["GET"]}}],"collection":[{"href":"https:\/\/linitiative.ca\/International\/wp-json\/wp\/v2\/posts"}],"about":[{"href":"https:\/\/linitiative.ca\/International\/wp-json\/wp\/v2\/types\/post"}],"author":[{"embeddable":true,"href":"https:\/\/linitiative.ca\/International\/wp-json\/wp\/v2\/users\/1763"}],"replies":[{"embeddable":true,"href":"https:\/\/linitiative.ca\/International\/wp-json\/wp\/v2\/comments?post=99095"}],"version-history":[{"count":0,"href":"https:\/\/linitiative.ca\/International\/wp-json\/wp\/v2\/posts\/99095\/revisions"}],"wp:attachment":[{"href":"https:\/\/linitiative.ca\/International\/wp-json\/wp\/v2\/media?parent=99095"}],"wp:term":[{"taxonomy":"category","embeddable":true,"href":"https:\/\/linitiative.ca\/International\/wp-json\/wp\/v2\/categories?post=99095"},{"taxonomy":"post_tag","embeddable":true,"href":"https:\/\/linitiative.ca\/International\/wp-json\/wp\/v2\/tags?post=99095"}],"curies":[{"name":"wp","href":"https:\/\/api.w.org\/{rel}","templated":true}]}}