{"id":99096,"date":"2020-09-17T09:46:11","date_gmt":"2020-09-17T13:46:11","guid":{"rendered":"https:\/\/linitiative.ca\/International\/covid-19-des-effets-sur-le-capital-humain\/"},"modified":"2020-09-17T09:46:11","modified_gmt":"2020-09-17T13:46:11","slug":"covid-19-des-effets-sur-le-capital-humain","status":"publish","type":"post","link":"https:\/\/linitiative.ca\/International\/covid-19-des-effets-sur-le-capital-humain\/","title":{"rendered":"Covid-19: Des effets sur le capital humain\u2026"},"content":{"rendered":"<div class=\"body\">\n<div class=\"field field-name-body field-type-text-with-summary field-label-hidden\">\n<div class=\"field-items\" readability=\"10\">\n<div class=\"field-item even\" property=\"content:encoded\" readability=\"15\">\n<p class=\"rtejustify\">D\u2019apr\u00e8s la Banque mondiale, la pand\u00e9mie de Covid-19 menace de r\u00e9duire \u00e0 n\u00e9ant les progr\u00e8s durement obtenus au cours de la derni\u00e8re d\u00e9cennie sur le plan de la sant\u00e9 et de l\u2019\u00e9ducation, surtout dans les pays les plus pauvres. La plupart des enfants dans le monde (plus d\u2019un milliard) ont \u00e9t\u00e9 priv\u00e9s d\u2019\u00e9cole et pourraient, potentiellement, perdre en moyenne une demi-ann\u00e9e de scolarit\u00e9. Les donn\u00e9es r\u00e9v\u00e8lent aussi des perturbations dans les services de sant\u00e9 essentiels destin\u00e9s aux femmes et aux enfants, un grand nombre d\u2019entre eux n\u2019ayant pas re\u00e7u les vaccins n\u00e9cessaires.<br \/><em>\u00a0F.Z.T. <\/em><\/p>\n<\/div>\n<\/div>\n<\/div>\n<\/div>\n<div class=\"eco-conseil\">\n<div class=\"view view-eco-conseil-16 view-id-eco_conseil_16 view-display-id-cookies view-dom-id-2db3717674f1ea7e4d017669af1e4eba\">\n<div class=\"view-content\">\n<div id=\"views-bootstrap-grid-1\" class=\"views-bootstrap-grid-plugin-style\">\n<div class=\"row\">\n<div class=\" col-xs-12 col-lg-4\">\n<div class=\"row\">\n<div class=\"col col-xs-12 col-lg-12\">\n<div class=\"field-content\"><a href=\"\/article\/1067315-loi-organique-sur-la-greve-l-appel-du-pps\"><img loading=\"lazy\" decoding=\"async\" class=\"img-responsive\" typeof=\"foaf:Image\" src=\"https:\/\/www.leconomiste.com\/sites\/default\/files\/eco7\/public\/styles\/800x400\/public\/default_images\/default_une.jpg?itok=4jZlgnIZ\" width=\"660\" height=\"330\" alt=\"\"\/><\/a><\/div>\n<\/div>\n<div class=\" title_suite_2 col col-xs-12 col-lg-12\"> <a href=\"\/article\/1067315-loi-organique-sur-la-greve-l-appel-du-pps\"\/><span class=\"field-content\">Loi organique sur la gr\u00e8ve: L\u2019appel du PPS<\/span><\/div>\n<\/div>\n<\/div>\n<div class=\" col-xs-12 col-lg-4\">\n<div class=\"row\">\n<div class=\"col col-xs-12 col-lg-12\">\n<div class=\"field-content\"><a href=\"\/article\/1067314-immatriculation-fonciere-six-mois-de-plus-pour-les-proprietes-rurales\"><img loading=\"lazy\" decoding=\"async\" class=\"img-responsive\" typeof=\"foaf:Image\" src=\"https:\/\/www.leconomiste.com\/sites\/default\/files\/eco7\/public\/styles\/800x400\/public\/default_images\/default_une.jpg?itok=4jZlgnIZ\" width=\"660\" height=\"330\" alt=\"\"\/><\/a><\/div>\n<\/div>\n<div class=\" title_suite_2 col col-xs-12 col-lg-12\"> <a href=\"\/article\/1067314-immatriculation-fonciere-six-mois-de-plus-pour-les-proprietes-rurales\"\/><span class=\"field-content\">Immatriculation fonci\u00e8re: Six mois de plus pour les propri\u00e9t\u00e9s rurales<\/span><\/div>\n<\/div>\n<\/div>\n<div class=\" col-xs-12 col-lg-4\">\n<div class=\"row\">\n<div class=\"col col-xs-12 col-lg-12\">\n<div class=\"field-content\"><a href=\"\/article\/1067313-vols-speciaux-tui-fly-obtient-l-accord-du-maroc\"><img loading=\"lazy\" decoding=\"async\" class=\"img-responsive\" typeof=\"foaf:Image\" src=\"https:\/\/www.leconomiste.com\/sites\/default\/files\/eco7\/public\/styles\/800x400\/public\/default_images\/default_une.jpg?itok=4jZlgnIZ\" width=\"660\" height=\"330\" alt=\"\"\/><\/a><\/div>\n<\/div>\n<div class=\" title_suite_2 col col-xs-12 col-lg-12\"> <a href=\"\/article\/1067313-vols-speciaux-tui-fly-obtient-l-accord-du-maroc\"\/><span class=\"field-content\">Vols sp\u00e9ciaux: TUI Fly obtient l\u2019accord du Maroc<\/span><\/div>\n<\/div>\n<\/div>\n<\/div>\n<\/div>\n<\/div>\n<\/div>\n<\/div>\n<p>Auteur: hlafriqi<br \/>\n<a href=\"https:\/\/www.leconomiste.com\/article\/1067316-covid-19-des-effets-sur-le-capital-humain\">Cliquez ici pour lire l&rsquo;article depuis sa source.<\/a><\/p>\n","protected":false},"excerpt":{"rendered":"<p>D\u2019apr\u00e8s la Banque mondiale, la pand\u00e9mie de Covid-19 menace de r\u00e9duire \u00e0 n\u00e9ant les progr\u00e8s durement obtenus au cours de la derni\u00e8re d\u00e9cennie sur le plan de la sant\u00e9 et de l\u2019\u00e9ducation, surtout dans les pays les plus pauvres. La plupart des enfants dans le monde (plus d\u2019un milliard) ont \u00e9t\u00e9 priv\u00e9s d\u2019\u00e9cole et pourraient, [&hellip;]<\/p>\n","protected":false},"author":1763,"featured_media":0,"comment_status":"closed","ping_status":"closed","sticky":false,"template":"","format":"standard","meta":{"fifu_image_url":"","fifu_image_alt":"","footnotes":""},"categories":[78,54],"tags":[],"class_list":["post-99096","post","type-post","status-publish","format-standard","hentry","category-economie","category-maroc"],"_links":{"self":[{"href":"https:\/\/linitiative.ca\/International\/wp-json\/wp\/v2\/posts\/99096","targetHints":{"allow":["GET"]}}],"collection":[{"href":"https:\/\/linitiative.ca\/International\/wp-json\/wp\/v2\/posts"}],"about":[{"href":"https:\/\/linitiative.ca\/International\/wp-json\/wp\/v2\/types\/post"}],"author":[{"embeddable":true,"href":"https:\/\/linitiative.ca\/International\/wp-json\/wp\/v2\/users\/1763"}],"replies":[{"embeddable":true,"href":"https:\/\/linitiative.ca\/International\/wp-json\/wp\/v2\/comments?post=99096"}],"version-history":[{"count":0,"href":"https:\/\/linitiative.ca\/International\/wp-json\/wp\/v2\/posts\/99096\/revisions"}],"wp:attachment":[{"href":"https:\/\/linitiative.ca\/International\/wp-json\/wp\/v2\/media?parent=99096"}],"wp:term":[{"taxonomy":"category","embeddable":true,"href":"https:\/\/linitiative.ca\/International\/wp-json\/wp\/v2\/categories?post=99096"},{"taxonomy":"post_tag","embeddable":true,"href":"https:\/\/linitiative.ca\/International\/wp-json\/wp\/v2\/tags?post=99096"}],"curies":[{"name":"wp","href":"https:\/\/api.w.org\/{rel}","templated":true}]}}