{"id":99097,"date":"2020-09-17T12:30:00","date_gmt":"2020-09-17T16:30:00","guid":{"rendered":"https:\/\/linitiative.ca\/International\/lemerre-aujourdhui-a-sousse\/"},"modified":"2020-09-17T12:30:00","modified_gmt":"2020-09-17T16:30:00","slug":"lemerre-aujourdhui-a-sousse","status":"publish","type":"post","link":"https:\/\/linitiative.ca\/International\/lemerre-aujourdhui-a-sousse\/","title":{"rendered":"Lemerre, aujourd\u2019hui \u00e0 Sousse ?"},"content":{"rendered":"<p class=\"p1 c3\"><span class=\"c2\">Il semble que le feuilleton Lemerre ait pris fin cette fois-ci pour de bon, puisque le technicien fran\u00e7ais est attendu aujourd\u2019hui \u00e0 Sousse pour entamer ses fonctions \u00e0 la t\u00eate de l\u2019Etoile, apr\u00e8s s\u2019\u00eatre mis d\u2019accord avec le pr\u00e9sident du club sur tous les d\u00e9tails se rapportant \u00e0 sa nouvelle mission et o\u00f9 il est consid\u00e9r\u00e9 tel un messie pour remettre un peu d\u2019ordre \u00e0 la maison.<\/span><\/p>\n<p class=\"p1 c3\"><span class=\"c2\">Le fait remarquable dans cette 3\u00e8me aventure de l\u2019ex-s\u00e9lectionneur national, c\u2019est qu\u2019il s\u2019engagera pour deux saisons avec la formation sah\u00e9lienne, ce qui est d\u00e9j\u00e0 exceptionnel puisque Roger Lemerre est peu enclin \u00e0 des missions de longue dur\u00e9e et a toujours r\u00e9pondu pr\u00e9sent pour des vacations ponctuelles et limit\u00e9e dans le temps.<\/span><\/p>\n<p class=\"p2 c4\"><span class=\"c2\">\u00a0 \u00a0 \u00a0 \u00a0 \u00a0 \u00a0 \u00a0 \u00a0 \u00a0 \u00a0 \u00a0 \u00a0 \u00a0 \u00a0 \u00a0 \u00a0 \u00a0<\/span><\/p>\n<p class=\"p3 c5\"><span class=\"c2\"><strong>Le stade Olympique<\/strong><\/span><\/p>\n<p class=\"p3 c5\"><span class=\"c2\"><strong><span class=\"Apple-converted-space\">\u00a0<\/span>pr\u00eat en septembre 2021<\/strong><\/span><\/p>\n<p class=\"p1 c3\"><span class=\"c2\">D\u2019apr\u00e8s Khemais Ben Fattoum le pr\u00e9sident de la commission des jeunes et des installation sportives \u00e0 la municipalit\u00e9 de Sousse ,la fin des travaux d\u2019extension du stade olympique de Sousse est annonc\u00e9e pour le mois de septembre 2021,un retard de deux mois d\u00fb aux retomb\u00e9es de la crise sanitaire. L\u2019ancien joueur de l\u2019Etoile et actuel responsable municipal a m\u00eame annonc\u00e9 l\u2019organisation d\u2019un match-gala opposant l\u2019ESS \u00e0 un grand club europ\u00e9en \u00e0 l\u2019occasion de la r\u00e9ouverture du fief de l\u2019Etoile du sahel.<\/span><\/p>\n<p class=\"p2 c4\">\u00a0<\/p>\n<p class=\"p3 c5\"><span class=\"c2\"><strong>Un remue-m\u00e9nage<span class=\"Apple-converted-space\">\u00a0<\/span><\/strong><\/span><\/p>\n<p class=\"p3 c5\"><span class=\"c2\"><strong>manag\u00e9rial en perspective !<\/strong><\/span><\/p>\n<p class=\"p1 c3\"><span class=\"c2\">Conjointement avec le volet fonci\u00e8rement footballistique, il semble que l\u2019Etoile du Sahel s\u2019oriente \u00e9galement vers un remue -m\u00e9nage d\u2019ordre administratif et manag\u00e9rial cette fois-ci.<span class=\"Apple-converted-space\">\u00a0<\/span><\/span><\/p>\n<p class=\"p1 c3\"><span class=\"c2\">En effet, on vient d\u2019apprendre qu\u2019une nouvelle \u00e9quipe dirigeante s\u2019appr\u00eate \u00e0 prendre place, surtout que l\u2019on pr\u00eate \u00e0 Chokri Laamiri l\u2019intention de pr\u00e9senter sa d\u00e9mission.<\/span><\/p>\n<p class=\"p4 c6\"><span class=\"c2\"><strong>Hatem REGAIEG<\/strong><\/span><\/p>\n<p>Auteur: letemps1<br \/>\n<a href=\"http:\/\/www.letemps.com.tn\/article\/117093\/lemerre-aujourd%E2%80%99hui-%C3%A0-sousse\">Cliquez ici pour lire l&rsquo;article depuis sa source.<\/a><\/p>\n","protected":false},"excerpt":{"rendered":"<p>Il semble que le feuilleton Lemerre ait pris fin cette fois-ci pour de bon, puisque le technicien fran\u00e7ais est attendu aujourd\u2019hui \u00e0 Sousse pour entamer ses fonctions \u00e0 la t\u00eate de l\u2019Etoile, apr\u00e8s s\u2019\u00eatre mis d\u2019accord avec le pr\u00e9sident du club sur tous les d\u00e9tails se rapportant \u00e0 sa nouvelle mission et o\u00f9 il est [&hellip;]<\/p>\n","protected":false},"author":1773,"featured_media":0,"comment_status":"closed","ping_status":"closed","sticky":false,"template":"","format":"standard","meta":{"fifu_image_url":"","fifu_image_alt":"","footnotes":""},"categories":[73,55],"tags":[],"class_list":["post-99097","post","type-post","status-publish","format-standard","hentry","category-actualite","category-tunisie"],"_links":{"self":[{"href":"https:\/\/linitiative.ca\/International\/wp-json\/wp\/v2\/posts\/99097","targetHints":{"allow":["GET"]}}],"collection":[{"href":"https:\/\/linitiative.ca\/International\/wp-json\/wp\/v2\/posts"}],"about":[{"href":"https:\/\/linitiative.ca\/International\/wp-json\/wp\/v2\/types\/post"}],"author":[{"embeddable":true,"href":"https:\/\/linitiative.ca\/International\/wp-json\/wp\/v2\/users\/1773"}],"replies":[{"embeddable":true,"href":"https:\/\/linitiative.ca\/International\/wp-json\/wp\/v2\/comments?post=99097"}],"version-history":[{"count":0,"href":"https:\/\/linitiative.ca\/International\/wp-json\/wp\/v2\/posts\/99097\/revisions"}],"wp:attachment":[{"href":"https:\/\/linitiative.ca\/International\/wp-json\/wp\/v2\/media?parent=99097"}],"wp:term":[{"taxonomy":"category","embeddable":true,"href":"https:\/\/linitiative.ca\/International\/wp-json\/wp\/v2\/categories?post=99097"},{"taxonomy":"post_tag","embeddable":true,"href":"https:\/\/linitiative.ca\/International\/wp-json\/wp\/v2\/tags?post=99097"}],"curies":[{"name":"wp","href":"https:\/\/api.w.org\/{rel}","templated":true}]}}