{"id":99098,"date":"2020-09-17T12:30:00","date_gmt":"2020-09-17T16:30:00","guid":{"rendered":"https:\/\/linitiative.ca\/International\/bale-tout-proche-de-tottenham\/"},"modified":"2020-09-17T12:30:00","modified_gmt":"2020-09-17T16:30:00","slug":"bale-tout-proche-de-tottenham","status":"publish","type":"post","link":"https:\/\/linitiative.ca\/International\/bale-tout-proche-de-tottenham\/","title":{"rendered":"Bale tout proche de Tottenham"},"content":{"rendered":"<p class=\"p1 c3\"><span class=\"c2\">L&rsquo;agent de Gareth Bale, Jonathan Barnett, a d\u00e9clar\u00e9 que le Real Madrid \u00e9tait en n\u00e9gociations avec Tottenham concernant un transfert pour la star du Pays de Galles. Gareth Bale a rejoint la Liga en 2013, l&rsquo;ancienne star des Spurs ayant remport\u00e9 quatre Ligue des champions lors de son s\u00e9jour en Espagne.<span class=\"Apple-converted-space\">\u00a0<\/span><\/span><\/p>\n<p class=\"p1 c3\"><span class=\"c2\">L&rsquo;ailier a inscrit 105 buts en 251 matches au Real Madrid, apr\u00e8s avoir \u00e9galement remport\u00e9 deux titres en Liga pour accompagner ces quatre triomphes europ\u00e9ens.<\/span><\/p>\n<p class=\"p2 c4\">\u00a0<\/p>\n<p class=\"p3 c5\"><span class=\"c2\"><strong>\u00ab\u00a0J&rsquo;ai sign\u00e9 un nouveau contrat avec les Spurs \u00e0 cause de Mourinho\u00a0\u00bb<\/strong><\/span><\/p>\n<p class=\"p1 c3\"><span class=\"c2\">Cependant, l&rsquo;ailier est sorti des plans de Zinedine Zidane puisqu&rsquo;il n&rsquo;a fait que 16 apparitions la saison derni\u00e8re toutes comp\u00e9titions confondues. Bale a \u00e9t\u00e9 fortement li\u00e9 \u00e0 un d\u00e9part cet \u00e9t\u00e9, ayant \u00e9galement \u00e9t\u00e9 fr\u00e9quemment annonc\u00e9 sur le d\u00e9part au cours des derni\u00e8res saisons. Manchester United et Tottenham auraient \u00e9t\u00e9 int\u00e9ress\u00e9s et, mardi, l&rsquo;agent de Bale a confirm\u00e9 qu&rsquo;un retour aux Spurs \u00e9tait sa destination pr\u00e9f\u00e9r\u00e9e.<\/span><\/p>\n<p class=\"p3 c5\"><span class=\"c2\"><strong>\u00ab\u00a0Bale aime toujours<span class=\"Apple-converted-space\">\u00a0<\/span><\/strong><\/span><\/p>\n<p class=\"p3 c5\"><span class=\"c2\"><strong>les Spurs\u00a0\u00bb<\/strong><\/span><\/p>\n<p class=\"p1 c3\"><span class=\"c2\">\u00ab\u00a0Gareth aime toujours les Spurs\u00a0\u00bb, a d\u00e9clar\u00e9 Barnett \u00e0 BBC Sport Wales. \u00ab\u00a0Nous parlons (les Spurs, le Real et le camp de Bale). C&rsquo;est l\u00e0 qu&rsquo;il veut \u00eatre.\u00a0\u00bb Bale a d&rsquo;abord perc\u00e9 avec les Spurs en 2007-08 apr\u00e8s \u00eatre arriv\u00e9 en provenance de Southampton l&rsquo;\u00e9t\u00e9 pr\u00e9c\u00e9dent. Il est rapidement devenu une figure cl\u00e9 \u00e0 White Hart Lane avant de v\u00e9ritablement devenir une star de classe mondiale en 2012-13 en marquant 26 buts, dont 21 en Premier League.<\/span><\/p>\n<p class=\"p2 c4\">\u00a0<\/p>\n<p class=\"p3 c5\"><span class=\"c2\"><strong>Vers un \u00e9change Gareth Bale-Dele Alli ?<\/strong><\/span><\/p>\n<p class=\"p1 c3\"><span class=\"c2\">Gareth Bale a remport\u00e9 \u00e0 la fois le titre de meilleur joueur de l&rsquo;ann\u00e9e en Premier League \u00e9lu par les joueurs, ainsi que le titre de meilleur jeune du championnat cette saison-l\u00e0, ajoutant \u00e9galement le prix du footballeur de l&rsquo;ann\u00e9e \u00e9lu par les journalistes rejoignant son futur co\u00e9quipier Cristiano Ronaldo pour devenir le deuxi\u00e8me joueur \u00e0 remporter les trois distinctions en m\u00eame temps.<span class=\"Apple-converted-space\">\u00a0<\/span><\/span><\/p>\n<p class=\"p1 c3\"><span class=\"c2\">\u00c0 l&rsquo;\u00e9chelle internationale, Bale a \u00e9t\u00e9 un pilier du Pays de Galles pendant pr\u00e8s d&rsquo;une d\u00e9cennie et demie, marquant 33 buts en 85 matchs pour son pays.<\/span><\/p>\n<p class=\"p1 c3\"><span class=\"c2\">Il a r\u00e9cemment particip\u00e9 \u00e0 de r\u00e9cents affrontements dans la Ligue des Nations face \u00e0 la Finlande et la Bulgarie, le Pays de Galles remportant 1-0 les deux rencontres. Tottenham a commenc\u00e9 la saison de Premier League avec une d\u00e9faite difficile, tombant 1-0 contre Everton pour commencer sa premi\u00e8re saison compl\u00e8te sous la direction de Jose Mourinho. Le Real Madrid, quant \u00e0 lui, vient de remporter un titre en Liga et commencera la d\u00e9fense de ce titre dimanche avec une visite \u00e0 la Real Sociedad.<\/span><\/p>\n<p>Auteur: letemps1<br \/>\n<a href=\"http:\/\/www.letemps.com.tn\/article\/117094\/bale-tout-proche-de-tottenham\">Cliquez ici pour lire l&rsquo;article depuis sa source.<\/a><\/p>\n","protected":false},"excerpt":{"rendered":"<p>L&rsquo;agent de Gareth Bale, Jonathan Barnett, a d\u00e9clar\u00e9 que le Real Madrid \u00e9tait en n\u00e9gociations avec Tottenham concernant un transfert pour la star du Pays de Galles. Gareth Bale a rejoint la Liga en 2013, l&rsquo;ancienne star des Spurs ayant remport\u00e9 quatre Ligue des champions lors de son s\u00e9jour en Espagne.\u00a0 L&rsquo;ailier a inscrit 105 [&hellip;]<\/p>\n","protected":false},"author":1773,"featured_media":0,"comment_status":"closed","ping_status":"closed","sticky":false,"template":"","format":"standard","meta":{"fifu_image_url":"","fifu_image_alt":"","footnotes":""},"categories":[73,55],"tags":[],"class_list":["post-99098","post","type-post","status-publish","format-standard","hentry","category-actualite","category-tunisie"],"_links":{"self":[{"href":"https:\/\/linitiative.ca\/International\/wp-json\/wp\/v2\/posts\/99098","targetHints":{"allow":["GET"]}}],"collection":[{"href":"https:\/\/linitiative.ca\/International\/wp-json\/wp\/v2\/posts"}],"about":[{"href":"https:\/\/linitiative.ca\/International\/wp-json\/wp\/v2\/types\/post"}],"author":[{"embeddable":true,"href":"https:\/\/linitiative.ca\/International\/wp-json\/wp\/v2\/users\/1773"}],"replies":[{"embeddable":true,"href":"https:\/\/linitiative.ca\/International\/wp-json\/wp\/v2\/comments?post=99098"}],"version-history":[{"count":0,"href":"https:\/\/linitiative.ca\/International\/wp-json\/wp\/v2\/posts\/99098\/revisions"}],"wp:attachment":[{"href":"https:\/\/linitiative.ca\/International\/wp-json\/wp\/v2\/media?parent=99098"}],"wp:term":[{"taxonomy":"category","embeddable":true,"href":"https:\/\/linitiative.ca\/International\/wp-json\/wp\/v2\/categories?post=99098"},{"taxonomy":"post_tag","embeddable":true,"href":"https:\/\/linitiative.ca\/International\/wp-json\/wp\/v2\/tags?post=99098"}],"curies":[{"name":"wp","href":"https:\/\/api.w.org\/{rel}","templated":true}]}}