{"id":99123,"date":"2020-09-17T07:14:00","date_gmt":"2020-09-17T11:14:00","guid":{"rendered":"https:\/\/linitiative.ca\/International\/un-an-apres-les-jeunes-qui-avaient-vote-kais-saied-se-retrouvent-ils-aujourdhui-dans-leur-choix\/"},"modified":"2020-09-17T07:14:00","modified_gmt":"2020-09-17T11:14:00","slug":"un-an-apres-les-jeunes-qui-avaient-vote-kais-saied-se-retrouvent-ils-aujourdhui-dans-leur-choix","status":"publish","type":"post","link":"https:\/\/linitiative.ca\/International\/un-an-apres-les-jeunes-qui-avaient-vote-kais-saied-se-retrouvent-ils-aujourdhui-dans-leur-choix\/","title":{"rendered":"Un an apr\u00e8s, les jeunes qui avaient vot\u00e9 Kais Sa\u00efed se retrouvent-ils aujourd&rsquo;hui dans leur choix?"},"content":{"rendered":"<p><span class=\"c2\"><strong>Par Hassan Zargouni &#8211;<\/strong><\/span> Ka\u00efs Saied il y a de cela un an exactement a obtenu 620 711 voix (18.6%) face \u00e0 Nabil Karoui qui a obtenu 525 517 voix (15.6%), Abdelfattah Mourou 434 530 voix (12.9%) et Abdelkrim Zbidi avec 361 864 voix soit 10.7% des 3.4 millions de votants.<\/p>\n<p>L\u2019aspect d\u00e9cisif dans ces \u00e9lections aura \u00e9t\u00e9 le vote des jeunes de 18 \u00e0 25 ans. Cette tranche d\u2019\u00e2ge est g\u00e9n\u00e9ralement r\u00e9calcitrante quant au vote lors \u00e9lections. Mais, lors du premier tour du scrutin pr\u00e9sidentiel de 2019, ils ont \u00e9t\u00e9 47% (440 mille) \u00e0 se rendre aux urnes, un taux de participation record de cette cat\u00e9gorie d\u2019\u00e2ge qui repr\u00e9sente 920 mille inscrits.<\/p>\n<p>Selon le sondage SIGMA sortie des urnes, 91% de ces jeunes ont vot\u00e9 au premier tour pour Kais Saied, soit pr\u00e8s de 400 mille voix sur les 620 mille voix obtenu par KS en tout. Les jeunes de 18 \u00e0 25 ans ont repr\u00e9sent\u00e9 pr\u00e8s des 2\/3 des voix obtenues par KS. On peut affirmer sans se tromper que ce sont eux qui l\u2019ont propuls\u00e9 au second tour. Leurs suffrages \u00e9taient, \u00e0 ce titre, d\u00e9cisifs puisque KS a \u00e9t\u00e9 \u00e9lu (largement) au second tour. Cela nous rappelle le vote d\u00e9cisif des femmes au second tour de l\u2019\u00e9lection pr\u00e9sidentielle de 2014 en faveur de feu Beji Ca\u00efd Essebsi.<\/p>\n<p>\u00c9videmment au second tour de la pr\u00e9sidentielle de 2019, les jeunes de 18 \u00e0 25 ans n\u2019ont repr\u00e9sent\u00e9 que 14% des 2.8 millions de voix obtenues par KS. Ce r\u00e9sultat n\u2019aurait jamais eu lieu si ces jeunes n\u2019ont pas donn\u00e9 leurs voix massivement presque comme un seul homme \u00e0 un homme qui est Kais Said, au premier tour.<\/p>\n<p><span class=\"c2\"><strong>Un fait de jeu \u00e9lectoral a chang\u00e9 la donne du tout au tout.<\/strong><\/span><\/p>\n<p>Est-ce que ces jeunes se retrouvent encore dans ce vote un an apr\u00e8s ? Oui et non. Oui car beaucoup d\u2019entre eux gardent espoir en leur candidat devenu Pr\u00e9sident. D\u2019autres en sont cependant d\u00e9\u00e7us pendant que KS d\u00e9tient d\u00e9sormais toutes les cl\u00e9s de la gouvernance du pays (m\u00e9connaissance des r\u00e8gles constitutionnelles). Ce qui est nouveau, c\u2019est que ceux qui ont vot\u00e9 pour KS, le \u00ab tout sauf Nabil \u00bb, sont globalement, un an apr\u00e8s, confiants par rapport \u00e0 leur choix, g\u00e9n\u00e9ralement des adultes,. Jusqu\u2019\u00e0 quand ?<\/p>\n<p>Le discours diviseur et clivant (nous et eux, peuple et classe politique, propres et corrompus, sans distinction ou discernement) et non f\u00e9d\u00e9rateur ou rassembleur, risque de faire d\u00e9pr\u00e9cier ce capital confiance. Encore plus dans cette phase d\u00e9licate que vit le pays avec des d\u00e9fis sanitaires et socio-\u00e9conomiques o\u00f9 on a besoin d\u2019unit\u00e9 nationale.<\/p>\n<p><span class=\"c2\"><strong>Souvenons-nous :<\/strong><\/span> Tzeu Koung interrogea Confucius sur l\u2019art de gouverner.<\/p>\n<p class=\"c3\"><em>Le Ma\u00eetre r\u00e9pondit : \u00ab Celui qui gouverne doit avoir soin que les vivres ne manquent pas, que les forces militaires soient suffisantes, que le peuple lui donne sa confiance\u00bb.<br \/><\/em><\/p>\n<p class=\"c3\"><em>Tzeu Koung dit : \u00ab S\u2019il \u00e9tait absolument n\u00e9cessaire de n\u00e9gliger une de ces trois choses, laquelle conviendrait-il de n\u00e9gliger ?<br \/><\/em><\/p>\n<p class=\"c3\"><em>\u2013 Les forces militaires \u00bb, r\u00e9pondit Confucius.<br \/><\/em><\/p>\n<p class=\"c3\"><em>\u00ab Et s\u2019il \u00e9tait absolument n\u00e9cessaire d\u2019en n\u00e9gliger encore une seconde, dit Tzeu Koung, quelle serait-elle ?<\/em><\/p>\n<p><strong>Hassan Zargouni<\/strong><em><br \/>\u00a0<\/em><\/p>\n<p>Auteur:<br \/>\n<a href=\"https:\/\/www.leaders.com.tn\/article\/30589-un-an-apres-les-jeunes-qui-avaient-vote-kais-saied-se-retrouvent-ils-aujourd-hui-dans-leur-choix\">Cliquez ici pour lire l&rsquo;article depuis sa source.<\/a><\/p>\n","protected":false},"excerpt":{"rendered":"<p>Par Hassan Zargouni &#8211; Ka\u00efs Saied il y a de cela un an exactement a obtenu 620 711 voix (18.6%) face \u00e0 Nabil Karoui qui a obtenu 525 517 voix (15.6%), Abdelfattah Mourou 434 530 voix (12.9%) et Abdelkrim Zbidi avec 361 864 voix soit 10.7% des 3.4 millions de votants. L\u2019aspect d\u00e9cisif dans ces [&hellip;]<\/p>\n","protected":false},"author":1772,"featured_media":0,"comment_status":"closed","ping_status":"closed","sticky":false,"template":"","format":"standard","meta":{"fifu_image_url":"","fifu_image_alt":"","footnotes":""},"categories":[73,55],"tags":[],"class_list":["post-99123","post","type-post","status-publish","format-standard","hentry","category-actualite","category-tunisie"],"_links":{"self":[{"href":"https:\/\/linitiative.ca\/International\/wp-json\/wp\/v2\/posts\/99123","targetHints":{"allow":["GET"]}}],"collection":[{"href":"https:\/\/linitiative.ca\/International\/wp-json\/wp\/v2\/posts"}],"about":[{"href":"https:\/\/linitiative.ca\/International\/wp-json\/wp\/v2\/types\/post"}],"author":[{"embeddable":true,"href":"https:\/\/linitiative.ca\/International\/wp-json\/wp\/v2\/users\/1772"}],"replies":[{"embeddable":true,"href":"https:\/\/linitiative.ca\/International\/wp-json\/wp\/v2\/comments?post=99123"}],"version-history":[{"count":0,"href":"https:\/\/linitiative.ca\/International\/wp-json\/wp\/v2\/posts\/99123\/revisions"}],"wp:attachment":[{"href":"https:\/\/linitiative.ca\/International\/wp-json\/wp\/v2\/media?parent=99123"}],"wp:term":[{"taxonomy":"category","embeddable":true,"href":"https:\/\/linitiative.ca\/International\/wp-json\/wp\/v2\/categories?post=99123"},{"taxonomy":"post_tag","embeddable":true,"href":"https:\/\/linitiative.ca\/International\/wp-json\/wp\/v2\/tags?post=99123"}],"curies":[{"name":"wp","href":"https:\/\/api.w.org\/{rel}","templated":true}]}}