{"id":99124,"date":"2020-09-17T14:44:00","date_gmt":"2020-09-17T18:44:00","guid":{"rendered":"https:\/\/linitiative.ca\/International\/rappel-a-lordre-de-mechichi-a-ses-ministres-pour-les-nouvelles-nominations-competence-parite-et-pluralite-de-candidatures\/"},"modified":"2020-09-17T14:44:00","modified_gmt":"2020-09-17T18:44:00","slug":"rappel-a-lordre-de-mechichi-a-ses-ministres-pour-les-nouvelles-nominations-competence-parite-et-pluralite-de-candidatures","status":"publish","type":"post","link":"https:\/\/linitiative.ca\/International\/rappel-a-lordre-de-mechichi-a-ses-ministres-pour-les-nouvelles-nominations-competence-parite-et-pluralite-de-candidatures\/","title":{"rendered":"Rappel \u00e0 l\u2019ordre de Mechichi \u00e0 ses ministres pour les nouvelles nominations : comp\u00e9tence, parit\u00e9 et pluralit\u00e9 de candidatures"},"content":{"rendered":"<p>Cool en apparence, irr\u00e9ductible, au fond? Hichem Mechichi affirme en effet son style, clair et ferme. Dans une mise au point adress\u00e9e par circulaire aux ministres, au sujet des nominations aux hautes fonctions, il pr\u00e9cise les modalit\u00e9s \u00e0 respecter. Il s\u2019agit en effet de :<\/p>\n<p>S\u2019assurer d\u2019une part, de la conformit\u00e9 des profils propos\u00e9s \u00e0 la description des t\u00e2ches et comp\u00e9tences exig\u00e9es et, de l\u2019autre, de la vacance du poste \u00e0 pourvoir,<\/p>\n<p>V\u00e9rifier l&rsquo;ad\u00e9quation des comp\u00e9tences et qualifications acad\u00e9miques, professionnelles et de exp\u00e9rience, avec la nature des fonctions \u00e0 assumer,<\/p>\n<p>Proposer trois candidatures pour chaque emploi fonctionnel \u00e0 pourvoir, en tenant que compte de la parit\u00e9 du genre (Hommes \/ Femmes)<\/p>\n<p>Soumettre en m\u00eame temps le projet de d\u00e9cret portant nomination avec celui relatif \u00e0 la fin de mission,<\/p>\n<p>Ne pas inviter les candidats concern\u00e9s \u00e0 prendre leurs nouvelles fonctions avant l\u2019obtention de l\u2019accord pr\u00e9alable du chef du gouvernement.<\/p>\n<p><span class=\"c2\"><strong>Quid des anciennes nominations non-conformes,<\/strong><\/span> notamment celles, partisanes et sectaires, d\u00e9cid\u00e9es \u00e0 la h\u00e2te lors des fameuses de p\u00e9riodes transitoires, des gouvernements d\u2019exp\u00e9dition des affaires courantes. Hichem Mechichi doit prendre son courage et les faire auditer pour les confirmer ou les annuler.<\/p>\n<p class=\"c3\"><img loading=\"lazy\" decoding=\"async\" src=\"\/uploads\/FCK_files\/Circulaire.jpg\" width=\"500\" vspace=\"5\" hspace=\"5\" height=\"713\" align=\"middle\" alt=\"\"\/><br \/>\u00a0<\/p>\n<p>Auteur:<br \/>\n<a href=\"https:\/\/www.leaders.com.tn\/article\/30590-rappel-a-l-ordre-de-mechichi-a-ses-ministres-pour-les-nouvelles-nominations-competence-parite-et-pluralite-de-candidatures\">Cliquez ici pour lire l&rsquo;article depuis sa source.<\/a><\/p>\n","protected":false},"excerpt":{"rendered":"<p>Cool en apparence, irr\u00e9ductible, au fond? Hichem Mechichi affirme en effet son style, clair et ferme. Dans une mise au point adress\u00e9e par circulaire aux ministres, au sujet des nominations aux hautes fonctions, il pr\u00e9cise les modalit\u00e9s \u00e0 respecter. Il s\u2019agit en effet de : S\u2019assurer d\u2019une part, de la conformit\u00e9 des profils propos\u00e9s \u00e0 [&hellip;]<\/p>\n","protected":false},"author":1772,"featured_media":99125,"comment_status":"closed","ping_status":"closed","sticky":false,"template":"","format":"standard","meta":{"fifu_image_url":"","fifu_image_alt":"","footnotes":""},"categories":[73,55],"tags":[],"class_list":["post-99124","post","type-post","status-publish","format-standard","has-post-thumbnail","hentry","category-actualite","category-tunisie"],"_links":{"self":[{"href":"https:\/\/linitiative.ca\/International\/wp-json\/wp\/v2\/posts\/99124","targetHints":{"allow":["GET"]}}],"collection":[{"href":"https:\/\/linitiative.ca\/International\/wp-json\/wp\/v2\/posts"}],"about":[{"href":"https:\/\/linitiative.ca\/International\/wp-json\/wp\/v2\/types\/post"}],"author":[{"embeddable":true,"href":"https:\/\/linitiative.ca\/International\/wp-json\/wp\/v2\/users\/1772"}],"replies":[{"embeddable":true,"href":"https:\/\/linitiative.ca\/International\/wp-json\/wp\/v2\/comments?post=99124"}],"version-history":[{"count":0,"href":"https:\/\/linitiative.ca\/International\/wp-json\/wp\/v2\/posts\/99124\/revisions"}],"wp:featuredmedia":[{"embeddable":true,"href":"https:\/\/linitiative.ca\/International\/wp-json\/"}],"wp:attachment":[{"href":"https:\/\/linitiative.ca\/International\/wp-json\/wp\/v2\/media?parent=99124"}],"wp:term":[{"taxonomy":"category","embeddable":true,"href":"https:\/\/linitiative.ca\/International\/wp-json\/wp\/v2\/categories?post=99124"},{"taxonomy":"post_tag","embeddable":true,"href":"https:\/\/linitiative.ca\/International\/wp-json\/wp\/v2\/tags?post=99124"}],"curies":[{"name":"wp","href":"https:\/\/api.w.org\/{rel}","templated":true}]}}