{"id":99126,"date":"2020-09-17T16:06:00","date_gmt":"2020-09-17T20:06:00","guid":{"rendered":"https:\/\/linitiative.ca\/International\/comment-lallemagne-reitere-sa-solidarite-avec-a-la-tunisie-face-aux-defis-economiques-et-sociaux\/"},"modified":"2020-09-17T16:06:00","modified_gmt":"2020-09-17T20:06:00","slug":"comment-lallemagne-reitere-sa-solidarite-avec-a-la-tunisie-face-aux-defis-economiques-et-sociaux","status":"publish","type":"post","link":"https:\/\/linitiative.ca\/International\/comment-lallemagne-reitere-sa-solidarite-avec-a-la-tunisie-face-aux-defis-economiques-et-sociaux\/","title":{"rendered":"Comment l\u2019Allemagne r\u00e9it\u00e8re sa solidarit\u00e9 avec \u00e0 la Tunisie face aux d\u00e9fis \u00e9conomiques et sociaux"},"content":{"rendered":"<p>\u00ab L\u2019Allemagne r\u00e9it\u00e8re sa solidarit\u00e9 avec la Tunisie face aux d\u00e9fis \u00e9conomiques et sociaux induits par la crise sanitaire du Covid-19 ainsi que dans la poursuite des r\u00e9formes n\u00e9cessaires, afin de lib\u00e9rer davantage le potentiel de la d\u00e9mocratie tunisienne et r\u00e9aliser les dividendes tant attendus de la r\u00e9volution \u00bb. C\u2019est ce qu\u2019a affirm\u00e9 le nouvel Ambassadeur de la R\u00e9publique f\u00e9d\u00e9rale d\u2019Allemagne en Tunisie, M. Peter Pr\u00fcgel, en remettant jeudi ses lettres de cr\u00e9ance au pr\u00e9sident Ka\u00efs Sa\u00efed.<\/p>\n<p class=\"c3\"><em><span class=\"c2\"><strong>D\u00e9cryptage :<\/strong><\/span> <strong>Dans ce langage diplomatique, les mots clefs sont r\u00e9formes, lib\u00e9ration du potentiel d\u00e9mocratique (moins d\u2019entraves et plus de libert\u00e9s), et dividendes escompt\u00e9es. L\u2019Allemagne campe ferment, en toute amiti\u00e9, sur des principes fondamentaux.<\/strong><\/em><\/p>\n<p>Evoquant les questions de migration et de s\u00e9curit\u00e9, M. Pr\u00fcgel a soulign\u00e9 la ferme volont\u00e9 de l\u2019Allemagne, qui pr\u00e9side actuellement le conseil de l\u2019UE, de jouer un r\u00f4le actif en soutenant les efforts de l\u2019Union afin de promouvoir une approche holistique sous l\u2019inclusion du d\u00e9veloppement \u00e9conomique et de cr\u00e9er d\u2019opportunit\u00e9s et de perspectives, notamment pour les jeunes en Tunisie.<\/p>\n<p class=\"c3\"><em><span class=\"c2\"><strong>D\u00e9cryptage :<\/strong><\/span> <strong>Approche holistique et inclusive, cr\u00e9er des opportunit\u00e9s et des perspectives pour les jeunes \u00e0 maintenir <span class=\"c2\">en Tunisie<\/span> et non en vue de favoriser un programme de migration concert\u00e9e.<\/strong><\/em><\/p>\n<p>Le diplomate allemand s\u2019est f\u00e9licit\u00e9 de l\u2019excellente coop\u00e9ration avec la Tunisie au niveau international, au Conseil de S\u00e9curit\u00e9 des Nations Unies ainsi que dans le cadre de l\u2019Alliance pour le Multilat\u00e9ralisme et vis-\u00e0-vis de la Libye, en particulier dans la poursuite du processus de Berlin.<\/p>\n<p class=\"c3\"><em><span class=\"c2\"><strong>D\u00e9cryptage :<\/strong><\/span> <strong>Libye : retour au processus de Berlin, la Tunisie s\u2019\u00e9tant absent\u00e9e lors de son lancement en janvier dernier&#8230;<\/strong><\/em><\/p>\n<p class=\"c4\"><img loading=\"lazy\" decoding=\"async\" src=\"\/uploads\/FCK_files\/Allemagne 33.jpg\" width=\"700\" vspace=\"5\" hspace=\"5\" height=\"427\" align=\"middle\" alt=\"\"\/><\/p>\n<p class=\"c4\"><img loading=\"lazy\" decoding=\"async\" src=\"\/uploads\/FCK_files\/Allemamgne 22.jpg\" width=\"700\" vspace=\"5\" hspace=\"5\" height=\"427\" align=\"middle\" alt=\"\"\/><\/p>\n<h2>Biographie<\/h2>\n<p>N\u00e9 en 1958, \u00e0 S\u00e4ckingen au Bade-Wurtemberg, le nouvel Ambassadeur d\u2019Allemagne en Tunisie a d\u00e9but\u00e9 sa carri\u00e8re en tant que diplomate en 1989 au sein du Minist\u00e8re des Affaires \u00e9trang\u00e8res \u00e0 Bonn. Depuis, il a occup\u00e9 de nombreuses fonctions au Minist\u00e8re dont notamment, de 2002 \u00e0 2006, de Conseiller personnel des anciens Ministres des Affaires \u00e9trang\u00e8res Joschka Fischer et Frank-Walter Steinmeier, l&rsquo;actuel Pr\u00e9sident de la R\u00e9publique f\u00e9d\u00e9rale d\u2019Allemagne.<\/p>\n<p>A partir de 2006, M. Pr\u00fcgel a successivement occup\u00e9 le poste d\u2019Ambassadeur adjoint de la mission diplomatique de la R\u00e9publique f\u00e9d\u00e9rale d\u2019Allemagne \u00e0 Ankara puis \u00e0 Tel Aviv. De retour \u00e0 Berlin, de 2012 \u00e0 2015, il a \u00e9t\u00e9 Directeur pour l&rsquo;Asie et le Pacifique au Minist\u00e8re f\u00e9d\u00e9ral des Affaires \u00e9trang\u00e8res.<\/p>\n<p>En ao\u00fbt 2015, M. Pr\u00fcgel a \u00e9t\u00e9 nomm\u00e9 Ambassadeur de la R\u00e9publique f\u00e9d\u00e9rale d&rsquo;Allemagne en Tha\u00eflande et ensuite, en 2018, poste qu\u2019il a occup\u00e9 en Afghanistan jusqu\u2019\u00e0 sa nomination en tant qu\u2019Ambassadeur en Tunisie.<\/p>\n<p>Dipl\u00f4m\u00e9 en sciences politiques ainsi qu\u2019en lettres romanes \u00e0 l&rsquo;universit\u00e9 de Constance, le nouvel Ambassadeur d\u2019Allemagne, M. Peter Pr\u00fcgel, est \u00e9galement ancien \u00e9l\u00e8ve de l&rsquo;\u00c9cole Nationale d\u2019Administration (ENA) \u00e0 Paris (promotion \u00ab Libert\u00e9 \u2013 \u00c9galit\u00e9, Fraternit\u00e9 \u00bb).<\/p>\n<p>ll est mari\u00e9 et p\u00e8re de deux enfants.<br \/>\u00a0<\/p>\n<p>Auteur:<br \/>\n<a href=\"https:\/\/www.leaders.com.tn\/article\/30593-comment-l-allemagne-reitere-sa-solidarite-avec-a-la-tunisie-face-aux-defis-economiques-et-sociaux\">Cliquez ici pour lire l&rsquo;article depuis sa source.<\/a><\/p>\n","protected":false},"excerpt":{"rendered":"<p>\u00ab L\u2019Allemagne r\u00e9it\u00e8re sa solidarit\u00e9 avec la Tunisie face aux d\u00e9fis \u00e9conomiques et sociaux induits par la crise sanitaire du Covid-19 ainsi que dans la poursuite des r\u00e9formes n\u00e9cessaires, afin de lib\u00e9rer davantage le potentiel de la d\u00e9mocratie tunisienne et r\u00e9aliser les dividendes tant attendus de la r\u00e9volution \u00bb. C\u2019est ce qu\u2019a affirm\u00e9 le nouvel [&hellip;]<\/p>\n","protected":false},"author":1772,"featured_media":99127,"comment_status":"closed","ping_status":"closed","sticky":false,"template":"","format":"standard","meta":{"fifu_image_url":"","fifu_image_alt":"","footnotes":""},"categories":[73,55],"tags":[],"class_list":["post-99126","post","type-post","status-publish","format-standard","has-post-thumbnail","hentry","category-actualite","category-tunisie"],"_links":{"self":[{"href":"https:\/\/linitiative.ca\/International\/wp-json\/wp\/v2\/posts\/99126","targetHints":{"allow":["GET"]}}],"collection":[{"href":"https:\/\/linitiative.ca\/International\/wp-json\/wp\/v2\/posts"}],"about":[{"href":"https:\/\/linitiative.ca\/International\/wp-json\/wp\/v2\/types\/post"}],"author":[{"embeddable":true,"href":"https:\/\/linitiative.ca\/International\/wp-json\/wp\/v2\/users\/1772"}],"replies":[{"embeddable":true,"href":"https:\/\/linitiative.ca\/International\/wp-json\/wp\/v2\/comments?post=99126"}],"version-history":[{"count":0,"href":"https:\/\/linitiative.ca\/International\/wp-json\/wp\/v2\/posts\/99126\/revisions"}],"wp:featuredmedia":[{"embeddable":true,"href":"https:\/\/linitiative.ca\/International\/wp-json\/"}],"wp:attachment":[{"href":"https:\/\/linitiative.ca\/International\/wp-json\/wp\/v2\/media?parent=99126"}],"wp:term":[{"taxonomy":"category","embeddable":true,"href":"https:\/\/linitiative.ca\/International\/wp-json\/wp\/v2\/categories?post=99126"},{"taxonomy":"post_tag","embeddable":true,"href":"https:\/\/linitiative.ca\/International\/wp-json\/wp\/v2\/tags?post=99126"}],"curies":[{"name":"wp","href":"https:\/\/api.w.org\/{rel}","templated":true}]}}