{"id":99133,"date":"2020-09-17T11:12:04","date_gmt":"2020-09-17T15:12:04","guid":{"rendered":"https:\/\/linitiative.ca\/International\/le-ministere-de-la-sante-rassure-sur-la-disponibilite-des-medicaments-traitant-le-covid-19\/"},"modified":"2020-09-17T11:12:04","modified_gmt":"2020-09-17T15:12:04","slug":"le-ministere-de-la-sante-rassure-sur-la-disponibilite-des-medicaments-traitant-le-covid-19","status":"publish","type":"post","link":"https:\/\/linitiative.ca\/International\/le-ministere-de-la-sante-rassure-sur-la-disponibilite-des-medicaments-traitant-le-covid-19\/","title":{"rendered":"Le minist\u00e8re de la Sant\u00e9 rassure sur la disponibilit\u00e9 des m\u00e9dicaments traitant le covid-19"},"content":{"rendered":"<p><strong>Alors que de nombreux professionnels de la sant\u00e9 alertent, depuis plusieurs semaines, sur le risque d\u2019une \u00e9ventuelle rupture de stock des m\u00e9dicaments entrant dans le traitement du covid-19, le minist\u00e8re de la Sant\u00e9 tient \u00e0 rassurer la population.<\/strong><\/p>\n<div class=\"c10\"\/>\n<p>Le d\u00e9partement de Khalid Ait Taleb pr\u00e9cise qu\u2019il y a un stock de m\u00e9dicaments traitant le covid-19 suffisant pour couvrir les prochains mois. \u00ab\u00a0L\u2019approvisionnement du march\u00e9 en ces m\u00e9dicaments ne conna\u00eetra aucun changement. Le march\u00e9 national sera approvisionn\u00e9 en quantit\u00e9s r\u00e9guli\u00e8res n\u00e9cessaires, \u00e0 condition que tout un chacun adh\u00e8re \u00e0 un usage rationnel des m\u00e9dicaments\u00a0\u00bb, poursuit le minist\u00e8re, appelant tous les acteurs concern\u00e9s \u00e0 s\u2019engager dans le respect de ces mesures pour garantir la disponibilit\u00e9 du traitement \u00e0 tous les malades.<\/p>\n<p><strong>Lire aussi|<\/strong><a href=\"https:\/\/www.challenge.ma\/coronavirus-le-ministere-de-la-sante-veut-dupliquer-lexperience-de-la-region-fes-meknes-pour-maitriser-lepidemie-157229\/\"><strong>Coronavirus : le minist\u00e8re de la Sant\u00e9 veut dupliquer l\u2019exp\u00e9rience de la r\u00e9gion F\u00e8s-Mekn\u00e8s pour ma\u00eetriser l\u2019\u00e9pid\u00e9mie<\/strong><\/a><\/p>\n<p>\u00ab\u00a0D\u00e8s l\u2019apparition des premiers cas de coronavirus au Royaume, le minist\u00e8re a \u0153uvr\u00e9 \u00e0 garantir l\u2019approvisionnement du march\u00e9 national en m\u00e9dicaments essentiels, conform\u00e9ment \u00e0 la circulaire minist\u00e9rielle N\u00b075 DMP\/00 du 18 mars 2020 relative \u00e0 l\u2019approvisionnement du march\u00e9 national en m\u00e9dicaments\u00a0\u00bb, indique la m\u00eame source. Le d\u00e9partement de la sant\u00e9 ajoute que le programme national d\u2019encouragement de l\u2019industrie pharmaceutique nationale a eu des \u00e9chos positifs illustr\u00e9s par la disponibilit\u00e9 des m\u00e9dicaments produits au Maroc et contenant du zinc.<\/p>\n<p><strong>Lire aussi|<\/strong><a href=\"https:\/\/www.challenge.ma\/indemnites-covid-19-apres-le-tourisme-de-nouveaux-secteurs-bientot-eligibles-157189\/\"><strong>Indemnit\u00e9s Covid-19 : apr\u00e8s le tourisme, de nouveaux secteurs bient\u00f4t \u00e9ligibles<\/strong><\/a><\/p>\n<p>Le minist\u00e8re fait aussi remarquer que, dans le cadre du renforcement de l\u2019arsenal pharmaceutique fabriqu\u00e9 localement, des autorisations seront accord\u00e9es pour mettre sur le march\u00e9 prochainement d\u2019un nouveau m\u00e9dicament contenant de la Vitamine C.<\/p>\n<p>Auteur: challenge<br \/>\n<a href=\"https:\/\/www.challenge.ma\/le-ministere-de-la-sante-rassure-sur-la-disponibilite-des-medicaments-traitant-le-covid-19-157247\/\">Cliquez ici pour lire l&rsquo;article depuis sa source.<\/a><\/p>\n","protected":false},"excerpt":{"rendered":"<p>Alors que de nombreux professionnels de la sant\u00e9 alertent, depuis plusieurs semaines, sur le risque d\u2019une \u00e9ventuelle rupture de stock des m\u00e9dicaments entrant dans le traitement du covid-19, le minist\u00e8re de la Sant\u00e9 tient \u00e0 rassurer la population. Le d\u00e9partement de Khalid Ait Taleb pr\u00e9cise qu\u2019il y a un stock de m\u00e9dicaments traitant le covid-19 [&hellip;]<\/p>\n","protected":false},"author":1787,"featured_media":0,"comment_status":"closed","ping_status":"closed","sticky":false,"template":"","format":"standard","meta":{"fifu_image_url":"","fifu_image_alt":"","footnotes":""},"categories":[78,54],"tags":[],"class_list":["post-99133","post","type-post","status-publish","format-standard","hentry","category-economie","category-maroc"],"_links":{"self":[{"href":"https:\/\/linitiative.ca\/International\/wp-json\/wp\/v2\/posts\/99133","targetHints":{"allow":["GET"]}}],"collection":[{"href":"https:\/\/linitiative.ca\/International\/wp-json\/wp\/v2\/posts"}],"about":[{"href":"https:\/\/linitiative.ca\/International\/wp-json\/wp\/v2\/types\/post"}],"author":[{"embeddable":true,"href":"https:\/\/linitiative.ca\/International\/wp-json\/wp\/v2\/users\/1787"}],"replies":[{"embeddable":true,"href":"https:\/\/linitiative.ca\/International\/wp-json\/wp\/v2\/comments?post=99133"}],"version-history":[{"count":0,"href":"https:\/\/linitiative.ca\/International\/wp-json\/wp\/v2\/posts\/99133\/revisions"}],"wp:attachment":[{"href":"https:\/\/linitiative.ca\/International\/wp-json\/wp\/v2\/media?parent=99133"}],"wp:term":[{"taxonomy":"category","embeddable":true,"href":"https:\/\/linitiative.ca\/International\/wp-json\/wp\/v2\/categories?post=99133"},{"taxonomy":"post_tag","embeddable":true,"href":"https:\/\/linitiative.ca\/International\/wp-json\/wp\/v2\/tags?post=99133"}],"curies":[{"name":"wp","href":"https:\/\/api.w.org\/{rel}","templated":true}]}}