{"id":99135,"date":"2020-09-17T13:30:39","date_gmt":"2020-09-17T17:30:39","guid":{"rendered":"https:\/\/linitiative.ca\/International\/vrai-ou-fake-sur-la-covid-19-au-maroc-jeudi-17-septembre\/"},"modified":"2020-09-17T13:30:39","modified_gmt":"2020-09-17T17:30:39","slug":"vrai-ou-fake-sur-la-covid-19-au-maroc-jeudi-17-septembre","status":"publish","type":"post","link":"https:\/\/linitiative.ca\/International\/vrai-ou-fake-sur-la-covid-19-au-maroc-jeudi-17-septembre\/","title":{"rendered":"Vrai ou Fake sur la Covid-19 au Maroc, jeudi 17 septembre"},"content":{"rendered":"<p><strong>Le coronavirus, qui a contamin\u00e9 plus de 29 millions de personnes dans le monde, est \u00e0 l\u2019origine d\u2019un flot de Fake news relay\u00e9es par des sites d\u2019information et sur les r\u00e9seaux sociaux.<\/strong><\/p>\n<div class=\"c10\"\/>\n<p>\u2013 Le Maroc se classe 44\u00e8me mondialement et 4\u00e8me en Afrique pour ce qui est du nombre de d\u00e9c\u00e8s d\u00fbs au coronavirus. <strong>VRAI<\/strong><\/p>\n<p>\u2013 Les autorit\u00e9s locales de Casablanca ont annonc\u00e9 un reconfinement total. <strong>FAKE<\/strong><\/p>\n<p>\u2013 La pand\u00e9mie de Covid-19 pourrait co\u00fbter 14 milliards de dollars au football mondial. <strong>VRAI<\/strong> Entre les perturbations de calendrier, les stades vides et les pertes de droits t\u00e9l\u00e9vis\u00e9s, cette estimation \u00ab couvre la totalit\u00e9 de l\u2019\u00e9conomie du football \u00bb pour les 211 associations membres de la FIFA, formations et \u00e9quipes de jeunes incluses, a indiqu\u00e9 Olli Rehn, qui pilote ce dossier au sein de la FIFA.<\/p>\n<p><strong>Lire aussi |<\/strong><a class=\"\" href=\"https:\/\/www.challenge.ma\/coronavirus-le-ministere-de-la-sante-veut-dupliquer-lexperience-de-la-region-fes-meknes-pour-maitriser-lepidemie-157229\/\"><strong>Coronavirus : le minist\u00e8re de la Sant\u00e9 veut dupliquer l\u2019exp\u00e9rience de la r\u00e9gion F\u00e8s-Mekn\u00e8s pour ma\u00eetriser l\u2019\u00e9pid\u00e9mie<\/strong><\/a><\/p>\n<p>\u2013 Des chercheurs marocains ont d\u00e9couvert des traces du coronavirus dans l\u2019eau du robinet, estimant \u00eatre un vecteur de transfert du virus au Royaume. <strong>FAKE<\/strong><\/p>\n<p>\u2013 Les autorit\u00e9s locales de Rabat exigent une autorisation de d\u00e9placement pour les habitants des quartiers Farah et Rachad dans l\u2019arrondissement Youssoufia. <strong>VRAI<\/strong><\/p>\n<p>\u2013 La pand\u00e9mie de coronavirus a fait au moins 941.541 morts dans le monde depuis son apparition. <strong>VRAI<\/strong><\/p>\n<p>\u2013 Un collectif de parents d\u2019\u00e9l\u00e8ves \u00e0 Casablanca, a lanc\u00e9 un recours en justice contre le Gouvernement pour \u00ab\u00a0exc\u00e8s de pouvoir\u00a0\u00bb, afin de rouvrir imm\u00e9diatement les \u00e9coles. <strong>VRAI<\/strong><\/p>\n<p><strong>Lire aussi |<\/strong><a href=\"https:\/\/www.challenge.ma\/fifa-la-pandemie-pourrait-couter-14-milliards-de-dollars-au-foot-mondial-157197\/\"><strong>FIFA : la pand\u00e9mie pourrait co\u00fbter 14 milliards de dollars au foot mondial<\/strong><\/a><\/p>\n<p>Auteur: Hajar DARI<br \/>\n<a href=\"https:\/\/www.challenge.ma\/vrai-ou-fake-sur-la-covid-19-au-maroc-jeudi-17-septembre-157262\/\">Cliquez ici pour lire l&rsquo;article depuis sa source.<\/a><\/p>\n","protected":false},"excerpt":{"rendered":"<p>Le coronavirus, qui a contamin\u00e9 plus de 29 millions de personnes dans le monde, est \u00e0 l\u2019origine d\u2019un flot de Fake news relay\u00e9es par des sites d\u2019information et sur les r\u00e9seaux sociaux. \u2013 Le Maroc se classe 44\u00e8me mondialement et 4\u00e8me en Afrique pour ce qui est du nombre de d\u00e9c\u00e8s d\u00fbs au coronavirus. VRAI [&hellip;]<\/p>\n","protected":false},"author":1787,"featured_media":0,"comment_status":"closed","ping_status":"closed","sticky":false,"template":"","format":"standard","meta":{"fifu_image_url":"","fifu_image_alt":"","footnotes":""},"categories":[78,54],"tags":[],"class_list":["post-99135","post","type-post","status-publish","format-standard","hentry","category-economie","category-maroc"],"_links":{"self":[{"href":"https:\/\/linitiative.ca\/International\/wp-json\/wp\/v2\/posts\/99135","targetHints":{"allow":["GET"]}}],"collection":[{"href":"https:\/\/linitiative.ca\/International\/wp-json\/wp\/v2\/posts"}],"about":[{"href":"https:\/\/linitiative.ca\/International\/wp-json\/wp\/v2\/types\/post"}],"author":[{"embeddable":true,"href":"https:\/\/linitiative.ca\/International\/wp-json\/wp\/v2\/users\/1787"}],"replies":[{"embeddable":true,"href":"https:\/\/linitiative.ca\/International\/wp-json\/wp\/v2\/comments?post=99135"}],"version-history":[{"count":0,"href":"https:\/\/linitiative.ca\/International\/wp-json\/wp\/v2\/posts\/99135\/revisions"}],"wp:attachment":[{"href":"https:\/\/linitiative.ca\/International\/wp-json\/wp\/v2\/media?parent=99135"}],"wp:term":[{"taxonomy":"category","embeddable":true,"href":"https:\/\/linitiative.ca\/International\/wp-json\/wp\/v2\/categories?post=99135"},{"taxonomy":"post_tag","embeddable":true,"href":"https:\/\/linitiative.ca\/International\/wp-json\/wp\/v2\/tags?post=99135"}],"curies":[{"name":"wp","href":"https:\/\/api.w.org\/{rel}","templated":true}]}}