{"id":99136,"date":"2020-09-17T14:16:38","date_gmt":"2020-09-17T18:16:38","guid":{"rendered":"https:\/\/linitiative.ca\/International\/sale-temps-pour-lemploi\/"},"modified":"2020-09-17T14:16:38","modified_gmt":"2020-09-17T18:16:38","slug":"sale-temps-pour-lemploi","status":"publish","type":"post","link":"https:\/\/linitiative.ca\/International\/sale-temps-pour-lemploi\/","title":{"rendered":"Sale temps pour l\u2019emploi"},"content":{"rendered":"<p><strong>Au niveau mondial, on consid\u00e8re que le march\u00e9 de l\u2019emploi affronte sa plus grave crise depuis la seconde guerre mondiale. On \u00e9value \u00e0 pr\u00e8s de 1,25 milliard les emplois risquant la destruction et c\u2019est l\u2019Organisation internationale du travail qui le dit.<\/strong><\/p>\n<div class=\"c10\"\/>\n<p>Au Maroc, le ministre du Travail nous annonce la perte de 712.000 emplois et un taux de ch\u00f4mage record \u00e0 14%. Si la vague de licenciements semble in\u00e9vitable, le gouvernement essaye de l\u2019adoucir en offrant des avantages au niveau de la CNSS, en contrepartie de la sauvegarde de 80 % des effectifs. Les patrons pr\u00e9f\u00e8rent remettre sur la table la r\u00e9forme du code du travail et la question de la flexibilit\u00e9. Sans relance r\u00e9elle, le march\u00e9 de l\u2019emploi restera sous tension avec ce que cela implique, comme la baisse de la consommation et peut \u00eatre des tensions sociales.<\/p>\n<p><strong>Lire aussi |<a href=\"https:\/\/www.challenge.ma\/redevances-le-secteur-de-laffichage-urbain-etouffe-157038\/\">Redevances: le secteur de l\u2019affichage urbain \u00e9touffe<\/a><\/strong><\/p>\n<p>Depuis f\u00e9vrier, le leitmotiv \u00ab\u00a0la sant\u00e9 d\u2019abord\u00a0\u00bb est sur toutes les l\u00e8vres. Mais on peut en douter, quand on suit les questions angoissantes pos\u00e9es par les ONG sur le traitement des d\u00e9chets. Les arr\u00eat\u00e9s minist\u00e9riels publi\u00e9s le 03 ao\u00fbt dernier, autorisant l\u2019importation de 360 types de d\u00e9chets, dont certains interdits pr\u00e9c\u00e9demment par la loi, comme les d\u00e9chets en plastique, incitent \u00e0 la prudence. L\u2019arsenal juridique adopt\u00e9 et les chantiers annonc\u00e9s, ont besoin d\u2019une p\u00e9riode de maturation et d\u2019exp\u00e9rimentation des m\u00e9canismes de contr\u00f4le. Vigilance donc.<\/p>\n<p><strong>Lire aussi | <a href=\"https:\/\/www.challenge.ma\/le-ministere-de-la-sante-rassure-sur-la-disponibilite-des-medicaments-traitant-le-covid-19-157247\/\" target=\"_blank\" rel=\"noreferrer noopener\" aria-label=\"Le minist&#xE8;re de la Sant&#xE9; rassure sur la disponibilit&#xE9; des m&#xE9;dicaments traitant le covid-19 (opens in a new tab)\">Le minist\u00e8re de la Sant\u00e9 rassure sur la disponibilit\u00e9 des m\u00e9dicaments traitant le covid-19<\/a><\/strong><\/p>\n<p>Le Haut-Commissariat au Plan met en lumi\u00e8re le degr\u00e9 intol\u00e9rable des in\u00e9galit\u00e9s r\u00e9gionales : Casablanca-Settat et Tanger-Al Hoceima repr\u00e9sentent \u00e0 elles seules plus des 2\/3 de la contribution \u00e0 la croissance du PIB en 2018. Ces chiffres d\u00e9noncent un vrai frein au d\u00e9veloppement. Sans un vrai plan de rattrapage r\u00e9gional, la croissance ne peut pas \u00eatre diffuse et alimenter le d\u00e9veloppement. L\u2019am\u00e9nagement du territoire est le talent d\u2019Achille des politiques publiques et ce, depuis des d\u00e9cennies.<\/p>\n<p>Auteur: Jamal Berraoui<br \/>\n<a href=\"https:\/\/www.challenge.ma\/sale-temps-pour-lemploi-157322\/\">Cliquez ici pour lire l&rsquo;article depuis sa source.<\/a><\/p>\n","protected":false},"excerpt":{"rendered":"<p>Au niveau mondial, on consid\u00e8re que le march\u00e9 de l\u2019emploi affronte sa plus grave crise depuis la seconde guerre mondiale. On \u00e9value \u00e0 pr\u00e8s de 1,25 milliard les emplois risquant la destruction et c\u2019est l\u2019Organisation internationale du travail qui le dit. Au Maroc, le ministre du Travail nous annonce la perte de 712.000 emplois et [&hellip;]<\/p>\n","protected":false},"author":1787,"featured_media":0,"comment_status":"closed","ping_status":"closed","sticky":false,"template":"","format":"standard","meta":{"fifu_image_url":"","fifu_image_alt":"","footnotes":""},"categories":[78,54],"tags":[],"class_list":["post-99136","post","type-post","status-publish","format-standard","hentry","category-economie","category-maroc"],"_links":{"self":[{"href":"https:\/\/linitiative.ca\/International\/wp-json\/wp\/v2\/posts\/99136","targetHints":{"allow":["GET"]}}],"collection":[{"href":"https:\/\/linitiative.ca\/International\/wp-json\/wp\/v2\/posts"}],"about":[{"href":"https:\/\/linitiative.ca\/International\/wp-json\/wp\/v2\/types\/post"}],"author":[{"embeddable":true,"href":"https:\/\/linitiative.ca\/International\/wp-json\/wp\/v2\/users\/1787"}],"replies":[{"embeddable":true,"href":"https:\/\/linitiative.ca\/International\/wp-json\/wp\/v2\/comments?post=99136"}],"version-history":[{"count":0,"href":"https:\/\/linitiative.ca\/International\/wp-json\/wp\/v2\/posts\/99136\/revisions"}],"wp:attachment":[{"href":"https:\/\/linitiative.ca\/International\/wp-json\/wp\/v2\/media?parent=99136"}],"wp:term":[{"taxonomy":"category","embeddable":true,"href":"https:\/\/linitiative.ca\/International\/wp-json\/wp\/v2\/categories?post=99136"},{"taxonomy":"post_tag","embeddable":true,"href":"https:\/\/linitiative.ca\/International\/wp-json\/wp\/v2\/tags?post=99136"}],"curies":[{"name":"wp","href":"https:\/\/api.w.org\/{rel}","templated":true}]}}