{"id":99137,"date":"2020-09-17T16:06:27","date_gmt":"2020-09-17T20:06:27","guid":{"rendered":"https:\/\/linitiative.ca\/International\/capital-humain-le-maroc-a-du-chemin-a-faire-pour-atteindre-les-pleines-capacites-de-ses-citoyens\/"},"modified":"2020-09-17T16:06:27","modified_gmt":"2020-09-17T20:06:27","slug":"capital-humain-le-maroc-a-du-chemin-a-faire-pour-atteindre-les-pleines-capacites-de-ses-citoyens","status":"publish","type":"post","link":"https:\/\/linitiative.ca\/International\/capital-humain-le-maroc-a-du-chemin-a-faire-pour-atteindre-les-pleines-capacites-de-ses-citoyens\/","title":{"rendered":"Capital humain\u00a0: le Maroc a du chemin \u00e0 faire pour atteindre les pleines capacit\u00e9s de ses citoyens"},"content":{"rendered":"<p><strong>50% de ses capacit\u00e9s productives\u00a0: c\u2019est le maximum que pourrait atteindre un citoyen marocain n\u00e9 aujourd\u2019hui \u00e0 l\u2019\u00e2ge adulte si les conditions d\u2019\u00e9ducation et de sant\u00e9 ne changent pas significativement. Le \u201cdiagnostic\u201c effectu\u00e9 par la Banque mondiale devrait \u00eatre un appel au r\u00e9veil pour la gestion du capital humain marocain.<\/strong><\/p>\n<div class=\"c10\"\/>\n<p>C\u2019est le constat qui ressort de \u00ab\u00a0Indice du capital humain pour 2020\u00a0: le capital humain en p\u00e9riode de Covid-19\u00a0\u00bb de l\u2019institution de Bretton Woods. Le Royaume obtient 0,5 sur 1 dans ce classement qui \u00e9value la quantit\u00e9 de capital humain qu\u2019un enfant n\u00e9 aujourd\u2019hui peut esp\u00e9rer atteindre \u00e0 l\u2019\u00e2ge de 18 ans. L\u2019indice entend donner une id\u00e9e sur la productivit\u00e9 de la prochaine g\u00e9n\u00e9ration de population active par rapports aux infrastructures et \u00e0 la qualit\u00e9 de l\u2019\u00e9ducation et de la sant\u00e9. En d\u00e9pit de cette moyenne peu flatteuse, il faut noter que le Maroc a r\u00e9alis\u00e9 un bond entre 2010 et 2020, passant d\u2019un indice de 0,47 \u00e0 0,5. Ces efforts ont port\u00e9 sur la sant\u00e9, la lutte contre la mortalit\u00e9 infantile et maternelle, le contr\u00f4le de f\u00e9condit\u00e9 \u00e0 travers des programmes de planification, la politique de vaccination. Seule la brique \u00ab\u00a0\u00e9ducation\u00a0\u00bb reste encore \u00e0 la traine.<\/p>\n<p><strong>Lire aussi | <a href=\"https:\/\/www.challenge.ma\/un-delai-de-3-mois-pour-renouveler-le-permis-de-conduire-et-le-certificat-dimmatriculation-157252\/\">Un d\u00e9lai de 3 mois pour renouveler le permis de conduire et le certificat d\u2019immatriculation<\/a><\/strong><\/p>\n<p>Malgr\u00e9 tout, le Maroc reste l\u2019un des pays qui a am\u00e9lior\u00e9 ses performances sur la derni\u00e8re d\u00e9cennie, notamment parmi les pays arabes. \u00abAlors que la pand\u00e9mie risque d\u2019an\u00e9antir les fragiles progr\u00e8s du d\u00e9veloppement humain, les pays MENA doivent se mobiliser davantage pour am\u00e9liorer l\u2019efficacit\u00e9 des investissements dans leurs populations\u00bb, a d\u00e9clar\u00e9\u00a0Ferid Belhaj, vice-pr\u00e9sident de la Banque mondiale pour la r\u00e9gion Moyen-Orient et Afrique du Nord. Dans la r\u00e9gion MENA, le Maroc vient apr\u00e8s les Emirats arabes unis, le Bahre\u00efn, le Qatar, le Sultanat d\u2019Oman, la Palestine, l\u2019Arabie saoudite, le Kowe\u00eft, la Jordanie, l\u2019Alg\u00e9rie, la Tunisie et le Liban.<\/p>\n<p>En Afrique subsaharienne, ce sont les Seychelles, l\u2019\u00cele Maurice et le Kenya qui sont en t\u00eate dans cet indice. \u00c0 l\u2019\u00e9chelle mondiale, Singapore, Hong Kong, le Japon, la Cor\u00e9e du Sud et le Canada trustent les meilleurs scores\u00a0; le Mali, le Niger, le Soudan du Sud, le Tchad et la R\u00e9publique Centrafricaine sont en queue de peloton.<\/p>\n<p><strong>Lire aussi | <a href=\"https:\/\/www.challenge.ma\/sale-temps-pour-lemploi-157322\/\">Sale temps pour l\u2019emploi<\/a><\/strong><\/p>\n<p>Auteur: challenge<br \/>\n<a href=\"https:\/\/www.challenge.ma\/capital-humain-un-adulte-marocain-natteindra-que-50-de-ses-capacites-productives-157328\/\">Cliquez ici pour lire l&rsquo;article depuis sa source.<\/a><\/p>\n","protected":false},"excerpt":{"rendered":"<p>50% de ses capacit\u00e9s productives\u00a0: c\u2019est le maximum que pourrait atteindre un citoyen marocain n\u00e9 aujourd\u2019hui \u00e0 l\u2019\u00e2ge adulte si les conditions d\u2019\u00e9ducation et de sant\u00e9 ne changent pas significativement. Le \u201cdiagnostic\u201c effectu\u00e9 par la Banque mondiale devrait \u00eatre un appel au r\u00e9veil pour la gestion du capital humain marocain. C\u2019est le constat qui ressort [&hellip;]<\/p>\n","protected":false},"author":1787,"featured_media":0,"comment_status":"closed","ping_status":"closed","sticky":false,"template":"","format":"standard","meta":{"fifu_image_url":"","fifu_image_alt":"","footnotes":""},"categories":[78,54],"tags":[],"class_list":["post-99137","post","type-post","status-publish","format-standard","hentry","category-economie","category-maroc"],"_links":{"self":[{"href":"https:\/\/linitiative.ca\/International\/wp-json\/wp\/v2\/posts\/99137","targetHints":{"allow":["GET"]}}],"collection":[{"href":"https:\/\/linitiative.ca\/International\/wp-json\/wp\/v2\/posts"}],"about":[{"href":"https:\/\/linitiative.ca\/International\/wp-json\/wp\/v2\/types\/post"}],"author":[{"embeddable":true,"href":"https:\/\/linitiative.ca\/International\/wp-json\/wp\/v2\/users\/1787"}],"replies":[{"embeddable":true,"href":"https:\/\/linitiative.ca\/International\/wp-json\/wp\/v2\/comments?post=99137"}],"version-history":[{"count":0,"href":"https:\/\/linitiative.ca\/International\/wp-json\/wp\/v2\/posts\/99137\/revisions"}],"wp:attachment":[{"href":"https:\/\/linitiative.ca\/International\/wp-json\/wp\/v2\/media?parent=99137"}],"wp:term":[{"taxonomy":"category","embeddable":true,"href":"https:\/\/linitiative.ca\/International\/wp-json\/wp\/v2\/categories?post=99137"},{"taxonomy":"post_tag","embeddable":true,"href":"https:\/\/linitiative.ca\/International\/wp-json\/wp\/v2\/tags?post=99137"}],"curies":[{"name":"wp","href":"https:\/\/api.w.org\/{rel}","templated":true}]}}