{"id":99141,"date":"2020-09-17T16:46:10","date_gmt":"2020-09-17T20:46:10","guid":{"rendered":"https:\/\/linitiative.ca\/International\/tunisie-sur-quels-criteres-le-ministere-de-la-sante-accorde-t-il-les-autorisations-aux-laboratoires-prives-pour-depister-le-covid\/"},"modified":"2020-09-17T16:46:10","modified_gmt":"2020-09-17T20:46:10","slug":"tunisie-sur-quels-criteres-le-ministere-de-la-sante-accorde-t-il-les-autorisations-aux-laboratoires-prives-pour-depister-le-covid","status":"publish","type":"post","link":"https:\/\/linitiative.ca\/International\/tunisie-sur-quels-criteres-le-ministere-de-la-sante-accorde-t-il-les-autorisations-aux-laboratoires-prives-pour-depister-le-covid\/","title":{"rendered":"Tunisie \u2013 Sur quels crit\u00e8res le minist\u00e8re de la sant\u00e9 accorde-t-il les autorisations aux laboratoires priv\u00e9s pour d\u00e9pister le covid\u00a0?"},"content":{"rendered":"<div class=\"post-cont-in left relative\">\n<div id=\"post-info-wrap\" class=\"left relative post-info-out\">\n<div class=\"post-info-img left relative\"><img loading=\"lazy\" decoding=\"async\" alt=\"\" src=\"https:\/\/secure.gravatar.com\/avatar\/96253f4a657b482a18e837c1252096c2?s=50&amp;d=mm&amp;r=g\" srcset=\"https:\/\/secure.gravatar.com\/avatar\/96253f4a657b482a18e837c1252096c2?s=100&amp;d=mm&amp;r=g 2x\" class=\"avatar avatar-50 photo\" height=\"50\" width=\"50\"\/><\/div>\n<div class=\"post-info-in\">\n<div class=\"post-info-right left relative post-info-name left relative\"><span itemprop=\"author\" itemscope=\"\" itemtype=\"https:\/\/schema.org\/Person\"><span class=\"post-info-text\">Par<\/span> <span class=\"author-name vcard fn author\" itemprop=\"name\"><a href=\"https:\/\/www.tunisienumerique.com\/author\/saber\/\" title=\"Articles par Saber .\" rel=\"author\">Saber .<\/a><\/span><\/span> <span class=\"post-date updated\"><time class=\"post-date updated\" itemprop=\"datePublished\" datetime=\"2020-09-17\">\u00a0| Il y a 1 minute<\/time><\/span><\/div>\n<div class=\"left relative\"><button id=\"listenButton1\" class=\"responsivevoice-button\" type=\"button\" value=\"Play\" title=\"&#xC9;coutez l'article\"><span>\ud83d\udd0a \u00c9coutez l&rsquo;article<\/span><\/button> <\/div>\n<\/div>\n<\/div>\n<p>Le minist\u00e8re de la sant\u00e9 a commenc\u00e9, il y a quelques semaines, \u00e0 accorder des autorisations \u00e0 certains laboratoires priv\u00e9s de biologie pour pratiquer les tests pcr pour d\u00e9pister le coronavirus.<\/p>\n<div class=\"code-block code-block-1 c4\"><ins class=\"adsbygoogle c3\" data-ad-layout=\"in-article\" data-ad-format=\"fluid\" data-ad-client=\"ca-pub-2102118777505746\" data-ad-slot=\"7301775417\"\/> <\/div>\n<p>Or, et malgr\u00e9 que les laboratoires des \u00e9tablissements publics de sant\u00e9 soient d\u00e9pass\u00e9s par le nombre de tests \u00e0 pratiquer, le minist\u00e8re de la sant\u00e9 continue \u00e0 distiller ces autorisations au compte gouttes. Et selon plusieurs propri\u00e9taires de laboratoires, les crit\u00e8res adopt\u00e9s par les services du minist\u00e8re pour accorder les autorisations \u00e0 certains laboratoires, et pas \u00e0 d\u2019autres demeurent tr\u00e8s flous.<\/p>\n<p>En effet, certains propri\u00e9taires de laboratoires ont assur\u00e9 que leurs dossiers sont rest\u00e9s en souffrance dans les services du minist\u00e8re, bien qu\u2019ils remplissaient toutes les conditions techniques requises, et que les services du minist\u00e8re n\u2019ont pas pris la peine de les inspecter en vue de leur accorder (ou non) cette autorisation. Entretemps, le minist\u00e8re a publi\u00e9, par deux fois des listes des laboratoires agr\u00e9\u00e9s, alors que d\u2019autres sont encore dans l\u2019attente de la visite d\u2019inspection du minist\u00e8re de la sant\u00e9. Et en attendant, des r\u00e9gions enti\u00e8res du pays demeurent non couvertes par des laboratoires agr\u00e9\u00e9s, alors que les demandes n\u2019y manquaient pas.<\/p>\n<p>Et certains propri\u00e9taires de laboratoires qui sont, toujours, dans l\u2019attente de l\u2019agr\u00e9ment, trouvent que le fait que leurs \u00e9tablissements n\u2019ont pas figur\u00e9 dans les premi\u00e8res les p\u00e9nalisait lourdement, puisque les citoyens risquent de ne retenir que les noms et adresses des laboratoires qui ont \u00e9t\u00e9 publi\u00e9s en premier.<\/p>\n<div class=\"swp_social_panel swp_horizontal_panel swp_flat_fresh swp_default_full_color swp_individual_full_color swp_other_full_color scale-100 scale-\" data-min-width=\"1100\" data-float-color=\"#ffffff\" data-float=\"bottom\" data-float-mobile=\"bottom\" data-transition=\"slide\">\n<div class=\"nc_tweetContainer swp_share_button total_shares total_sharesalt\"><span class=\"swp_count\">1 <span class=\"swp_label\">Partages<\/span><\/span><\/div>\n<\/div>\n<p><strong>Que se passe-t-il en Tunisie?<\/strong><br \/>Nous expliquons sur notre <a href=\"https:\/\/www.youtube.com\/channel\/UCRzypVq0B_yBad5eGrwBx0Q?sub_confirmation=1\" target=\"_blank\" rel=\"noopener noreferrer\">cha\u00eene YouTube<\/a> . <a href=\"https:\/\/www.youtube.com\/channel\/UCRzypVq0B_yBad5eGrwBx0Q?sub_confirmation=1\" target=\"_blank\" rel=\"noopener noreferrer\">Abonnez-vous!<\/a><\/p>\n<div class=\"mvp-org-wrap mvp-org-logo\" itemprop=\"publisher\" itemscope=\"\" itemtype=\"https:\/\/schema.org\/Organization\"><img decoding=\"async\" src=\"https:\/\/www.tunisienumerique.com\/wp-content\/uploads\/2017\/02\/logo_tunisie_numerique.png\"\/><\/div>\n<div class=\"mvp-related-posts left relative\">\n<h4 class=\"post-header\"><span class=\"post-header\">Lire aussi<\/span><\/h4>\n<\/div>\n<div id=\"article-ad\"><ins class=\"adsbygoogle c5\" data-ad-client=\"ca-pub-2102118777505746\" data-ad-slot=\"6513972734\" data-ad-format=\"auto\" data-full-width-responsive=\"true\"\/> <\/div>\n<\/div>\n<div id=\"post-sidebar-wrap\"><ins class=\"adsbygoogle c5\" data-ad-client=\"ca-pub-2102118777505746\" data-ad-slot=\"6168283410\" data-ad-format=\"auto\" data-full-width-responsive=\"true\"\/> <\/div>\n<p>Auteur: Saber .<br \/>\n<a href=\"https:\/\/www.tunisienumerique.com\/tunisie-sur-quels-criteres-le-ministere-de-la-sante-accorde-t-il-les-autorisations-aux-laboratoires-prives-pour-depister-le-covid\/\">Cliquez ici pour lire l&rsquo;article depuis sa source.<\/a><\/p>\n","protected":false},"excerpt":{"rendered":"<p>Par Saber . \u00a0| Il y a 1 minute \ud83d\udd0a \u00c9coutez l&rsquo;article Le minist\u00e8re de la sant\u00e9 a commenc\u00e9, il y a quelques semaines, \u00e0 accorder des autorisations \u00e0 certains laboratoires priv\u00e9s de biologie pour pratiquer les tests pcr pour d\u00e9pister le coronavirus. Or, et malgr\u00e9 que les laboratoires des \u00e9tablissements publics de sant\u00e9 soient [&hellip;]<\/p>\n","protected":false},"author":1789,"featured_media":0,"comment_status":"closed","ping_status":"closed","sticky":false,"template":"","format":"standard","meta":{"fifu_image_url":"","fifu_image_alt":"","footnotes":""},"categories":[73,55],"tags":[],"class_list":["post-99141","post","type-post","status-publish","format-standard","hentry","category-actualite","category-tunisie"],"_links":{"self":[{"href":"https:\/\/linitiative.ca\/International\/wp-json\/wp\/v2\/posts\/99141","targetHints":{"allow":["GET"]}}],"collection":[{"href":"https:\/\/linitiative.ca\/International\/wp-json\/wp\/v2\/posts"}],"about":[{"href":"https:\/\/linitiative.ca\/International\/wp-json\/wp\/v2\/types\/post"}],"author":[{"embeddable":true,"href":"https:\/\/linitiative.ca\/International\/wp-json\/wp\/v2\/users\/1789"}],"replies":[{"embeddable":true,"href":"https:\/\/linitiative.ca\/International\/wp-json\/wp\/v2\/comments?post=99141"}],"version-history":[{"count":0,"href":"https:\/\/linitiative.ca\/International\/wp-json\/wp\/v2\/posts\/99141\/revisions"}],"wp:attachment":[{"href":"https:\/\/linitiative.ca\/International\/wp-json\/wp\/v2\/media?parent=99141"}],"wp:term":[{"taxonomy":"category","embeddable":true,"href":"https:\/\/linitiative.ca\/International\/wp-json\/wp\/v2\/categories?post=99141"},{"taxonomy":"post_tag","embeddable":true,"href":"https:\/\/linitiative.ca\/International\/wp-json\/wp\/v2\/tags?post=99141"}],"curies":[{"name":"wp","href":"https:\/\/api.w.org\/{rel}","templated":true}]}}