{"id":99144,"date":"2020-09-17T16:23:52","date_gmt":"2020-09-17T20:23:52","guid":{"rendered":"https:\/\/linitiative.ca\/International\/annonce-de-manifs-contre-le-3e-mandat-dalpha-conde\/"},"modified":"2020-09-17T16:23:52","modified_gmt":"2020-09-17T20:23:52","slug":"annonce-de-manifs-contre-le-3e-mandat-dalpha-conde","status":"publish","type":"post","link":"https:\/\/linitiative.ca\/International\/annonce-de-manifs-contre-le-3e-mandat-dalpha-conde\/","title":{"rendered":"ANNONCE DE MANIFS CONTRE LE 3E MANDAT D\u2019ALPHA CONDE"},"content":{"rendered":"<div class=\"stream-item stream-item-above-post-content\">\n<p><noscript><\/p>\n<p><a href=\"\/\/www3.smartadserver.com\/ac?jump=1&amp;nwid=2136&amp;siteid=240610&amp;pgname=rg&amp;fmtid=49046&amp;visit=m&amp;tmstp=[timestamp]&amp;out=nonrich\" target=\"_blank\" rel=\"noopener noreferrer\"><img decoding=\"async\" src=\"http:\/\/www3.smartadserver.com\/ac?out=nonrich&amp;nwid=2136&amp;siteid=240610&amp;pgname=rg&amp;fmtid=49046&amp;visit=m&amp;tmstp=[timestamp]\" border=\"0\" alt=\"\"\/><\/a><\/p>\n<p><\/noscript><\/div>\n<p class=\"c3\"><em>Toute la Guin\u00e9e et au-del\u00e0, toute l\u2019Afrique retient son souffle dans l\u2019attente du 29 septembre prochain. Et pour cause\u00a0: le Front national pour la d\u00e9fense de la constitution (FNDC) a retenu cette date pour marquer le d\u00e9but d\u2019une s\u00e9rie de manifestations visant \u00e0 faire barrage au 3<sup>e<\/sup> mandat de l\u2019occupant du palais Sekoutoureya, c\u2019est-\u00e0-dire Alpha Cond\u00e9. Cet appel \u00e0 manifester \u00e0 \u00e9t\u00e9 lanc\u00e9 alors que le pouvoir venait de proroger la p\u00e9riode d\u2019urgence\u00a0<\/em> <em>sanitaire li\u00e9e \u00e0 la Covid-19. Cette prorogation implique l\u2019interdiction de regroupement de personnes et autres manifestations publiques d\u2019envergure, et cela jusqu\u2019\u00e0 la veille de la tenue de la pr\u00e9sidentielle. En tout cas, le FNDC ne se sent pas li\u00e9 par cette mesure. De mani\u00e8re explicite et sans \u00e9quivoque, il la consid\u00e8re comme un stratag\u00e8me du pouvoir tendant \u00e0 emp\u00eacher la moindre action susceptible de contrarier la tenue du scrutin. \u00a0\u00a0\u00a0\u00a0\u00a0\u00a0\u00a0\u00a0\u00a0 La Covid-19 est donc un pr\u00e9texte tr\u00e8s commode. Sidya Tour\u00e9, patron de l\u2019Union des forces r\u00e9publicaines (UFR) et par ailleurs, l\u2019une des grosses pointures du FNDC, l\u2019a relev\u00e9 avec force. Il a \u00e9galement point\u00e9 ceci: pendant que l\u2019on interdit les manifs du FNDC, il est permis aux partisans d\u2019Alpha Cond\u00e9 de tenir de grands rassemblements, comme si ces derniers \u00e9taient vaccin\u00e9s contre la Covid-19. En tout cas, en Guin\u00e9e, Alpha Cond\u00e9 n\u2019est pas g\u00ean\u00e9 outre mesure de s\u2019abriter derri\u00e8re la Covid-19 pour parachever son \u0153uvre de confiscation du pouvoir. La pand\u00e9mie a donc bon dos. De ce point de vue, elle repr\u00e9sente un adjuvant de taille pour bien des dictateurs d\u2019Afrique et d\u2019ailleurs pour accomplir de sales besognes.\u00a0\u00a0 Cela dit, la grande question est de savoir si le FNDC r\u00e9ussira \u00e0 passer outre les \u00a0interdictions gouvernementales pour d\u00e9rouler sa s\u00e9rie de manifs. Le 29 septembre prochain, on le saura.<\/em><\/p>\n<p class=\"c3\"><em>\u00a0<\/em><\/p>\n<p class=\"c4\"><strong><em>Il n\u2019y a personne pour arr\u00eater Cond\u00e9 dans sa marche forcen\u00e9e pour assassiner d\u00e9finitivement la d\u00e9mocratie en Guin\u00e9e<\/em><\/strong><\/p>\n<p class=\"c3\"><em>\u00a0<\/em><\/p>\n<p class=\"c3\"><em>Une question qui vaut aussi son pesant d\u2019or est celle de savoir si l\u2019UFDG (Union des forces d\u00e9mocratiques de Guin\u00e9e) de Cellou Dalein Diallo y prendra part dans l\u2019hypoth\u00e8se o\u00f9 le FNDC mettrait sa menace \u00e0 ex\u00e9cution. En tout cas, Cellou Dalein Diallo n\u2019y voit pas d\u2019inconv\u00e9nients puisque ce dernier estime que son combat contre le 3<sup>e<\/sup> mandat de Cond\u00e9 se passera sur deux fronts:\u00a0 le front des urnes et celui de la rue. Il reste maintenant \u00e0 savoir si le FNDC va l\u2019accepter dans ses rangs apr\u00e8s qu\u2019il a pris la d\u00e9cision de se porter candidat \u00e0 la pr\u00e9sidentielle d\u2019octobre prochain. On attend d\u2019en savoir plus dans les jours \u00e0 venir. Mais l\u2019autre \u00a0grande question que bien des gens se posent en Guin\u00e9e et certainement au-del\u00e0, est de savoir ce que feront les forces de d\u00e9fense et de s\u00e9curit\u00e9 au cas o\u00f9 le FNDC, contre vents et marr\u00e9s, mettrait un point d\u2019honneur \u00e0 d\u00e9rouler son chronogramme de manifs. Autrement dit, que fera Alpha Cond\u00e9\u00a0? Va-t-il encore faire couler le sang? On peut r\u00e9pondre sans \u00e9mettre la moindre r\u00e9serve \u00e0 cette question. Le sang va encore couler \u00e0 Conakry.\u00a0 En effet, en Guin\u00e9e, on ne con\u00e7oit pas autrement la politique.\u00a0 Et ce paradigme dans lequel la Guin\u00e9e s\u2019est inscrite est immuable depuis S\u00e9kou Tour\u00e9. Et tous ses successeurs ont travaill\u00e9 \u00e0 perp\u00e9tuer ce honteux h\u00e9ritage. On avait eu la faiblesse de croire que\u00a0 l\u2019opposant historique qu\u2019a \u00e9t\u00e9 Alpha Cond\u00e9, civiliserait la politique du pays d\u00e8s son av\u00e8nement au pouvoir. Le d\u00e9senchantement a \u00e9t\u00e9 total. Le drame est qu\u2019il n\u2019y a personne pour l\u2019arr\u00eater dans sa marche forcen\u00e9e pour assassiner d\u00e9finitivement la d\u00e9mocratie en Guin\u00e9e. En tout cas, il ne faut pas compter sur la communaut\u00e9 internationale. Car, cette derni\u00e8re redoute la col\u00e8re du professeur et au plan endog\u00e8ne, c\u2019est le langage de la poudre qu\u2019il utilise pour dompter son opposition. Les \u00e9lections qu\u2019il organise ont toujours brill\u00e9 par leur opacit\u00e9. Celle qui se profile n\u2019\u00e9chappera pas \u00e0 la r\u00e8gle. En effet, Alpha Cond\u00e9 a d\u00e9j\u00e0 \u00e9tabli son fichier \u00e9lectoral dans ce sens et cela, au vu et au su de tous. L\u2019arm\u00e9e qui recadre souvent les dictateurs sous nos tropiques, a \u00e9t\u00e9 transform\u00e9e par Alpha Cond\u00e9 en une institution d\u00e9voy\u00e9e, qui respire par la seule narine de son ethnie. Dans ces conditions, seule la nature pourrait \u00a0l\u2019arr\u00eater.<\/em><\/p>\n<p class=\"c3\"><em>\u00a0<\/em><\/p>\n<p class=\"c4\"><strong><em>Pousdem Pickou<\/em><\/strong><\/p>\n<p class=\"c4\"><strong><em>\u00a0<\/em><\/strong><\/p>\n<p class=\"c3\"><strong>\u00a0<\/strong><\/p>\n<p><strong>\u00a0<\/strong><\/p>\n<p>Auteur: Le Pays<br \/>\n<a href=\"http:\/\/lepays.bf\/annonce-de-manifs-contre-le-3e-mandat-dalpha-conde\/\">Cliquez ici pour lire l&rsquo;article depuis sa source.<\/a><\/p>\n","protected":false},"excerpt":{"rendered":"<p>Toute la Guin\u00e9e et au-del\u00e0, toute l\u2019Afrique retient son souffle dans l\u2019attente du 29 septembre prochain. Et pour cause\u00a0: le Front national pour la d\u00e9fense de la constitution (FNDC) a retenu cette date pour marquer le d\u00e9but d\u2019une s\u00e9rie de manifestations visant \u00e0 faire barrage au 3e mandat de l\u2019occupant du palais Sekoutoureya, c\u2019est-\u00e0-dire Alpha [&hellip;]<\/p>\n","protected":false},"author":1813,"featured_media":0,"comment_status":"closed","ping_status":"closed","sticky":false,"template":"","format":"standard","meta":{"fifu_image_url":"","fifu_image_alt":"","footnotes":""},"categories":[73,81],"tags":[],"class_list":["post-99144","post","type-post","status-publish","format-standard","hentry","category-actualite","category-burkina-faso"],"_links":{"self":[{"href":"https:\/\/linitiative.ca\/International\/wp-json\/wp\/v2\/posts\/99144","targetHints":{"allow":["GET"]}}],"collection":[{"href":"https:\/\/linitiative.ca\/International\/wp-json\/wp\/v2\/posts"}],"about":[{"href":"https:\/\/linitiative.ca\/International\/wp-json\/wp\/v2\/types\/post"}],"author":[{"embeddable":true,"href":"https:\/\/linitiative.ca\/International\/wp-json\/wp\/v2\/users\/1813"}],"replies":[{"embeddable":true,"href":"https:\/\/linitiative.ca\/International\/wp-json\/wp\/v2\/comments?post=99144"}],"version-history":[{"count":0,"href":"https:\/\/linitiative.ca\/International\/wp-json\/wp\/v2\/posts\/99144\/revisions"}],"wp:attachment":[{"href":"https:\/\/linitiative.ca\/International\/wp-json\/wp\/v2\/media?parent=99144"}],"wp:term":[{"taxonomy":"category","embeddable":true,"href":"https:\/\/linitiative.ca\/International\/wp-json\/wp\/v2\/categories?post=99144"},{"taxonomy":"post_tag","embeddable":true,"href":"https:\/\/linitiative.ca\/International\/wp-json\/wp\/v2\/tags?post=99144"}],"curies":[{"name":"wp","href":"https:\/\/api.w.org\/{rel}","templated":true}]}}