{"id":99145,"date":"2020-09-17T16:57:42","date_gmt":"2020-09-17T20:57:42","guid":{"rendered":"https:\/\/linitiative.ca\/International\/secteur-de-la-justice-les-regles-de-bonne-conduite-rappelees-aux-greffiers\/"},"modified":"2020-09-17T16:57:42","modified_gmt":"2020-09-17T20:57:42","slug":"secteur-de-la-justice-les-regles-de-bonne-conduite-rappelees-aux-greffiers","status":"publish","type":"post","link":"https:\/\/linitiative.ca\/International\/secteur-de-la-justice-les-regles-de-bonne-conduite-rappelees-aux-greffiers\/","title":{"rendered":"Secteur de la justice : Les r\u00e8gles de bonne conduite  rappel\u00e9es aux greffiers"},"content":{"rendered":"<div class=\"td-post-featured-image\" readability=\"35\"><a href=\"https:\/\/www.sidwaya.info\/wp-content\/uploads\/2020\/09\/deal2.jpg\" data-caption=\"Le ministre de la Justice, Garde des Sceaux, Ren&#xE9; Bagoro : &#xAB;La rencontre nous permettra d&#x2019;attirer l&#x2019;attention de chacun sur la n&#xE9;cessit&#xE9; de bien se comporter &#xBB;.\"><img loading=\"lazy\" decoding=\"async\" width=\"696\" height=\"532\" class=\"entry-thumb td-modal-image\" src=\"https:\/\/www.sidwaya.info\/wp-content\/uploads\/2020\/09\/deal2-696x532.jpg\" srcset=\"https:\/\/www.sidwaya.info\/wp-content\/uploads\/2020\/09\/deal2-696x532.jpg 696w, https:\/\/www.sidwaya.info\/wp-content\/uploads\/2020\/09\/deal2-300x229.jpg 300w, https:\/\/www.sidwaya.info\/wp-content\/uploads\/2020\/09\/deal2-550x420.jpg 550w, https:\/\/www.sidwaya.info\/wp-content\/uploads\/2020\/09\/deal2-80x60.jpg 80w, https:\/\/www.sidwaya.info\/wp-content\/uploads\/2020\/09\/deal2.jpg 742w\" sizes=\"auto, (max-width: 696px) 100vw, 696px\" alt=\"\" title=\"deal2\"\/><\/a>Le ministre de la Justice, Garde des Sceaux, Ren\u00e9 Bagoro : \u00abLa rencontre nous permettra d\u2019attirer l\u2019attention de chacun sur la n\u00e9cessit\u00e9 de bien se comporter \u00bb.<\/div>\n<p><strong>Le minist\u00e8re de la Justice organise la 9e conf\u00e9rence annuelle des greffiers, les 17 et 18 septembre 2020, \u00e0 Ouagadougou afin de permettre aux auxiliaires de justice de s\u2019impr\u00e9gner des r\u00e8gles d\u2019\u00e9thique et de d\u00e9ontologie qui r\u00e9gissent leur profession.<\/strong><\/p>\n<p>Le corps des greffiers est r\u00e9gi par un statut autonome qui a permis l\u2019adoption d\u2019un code \u00e9thique et de d\u00e9ontologie par d\u00e9cret le 22 novembre 2019. Pour mieux s\u2019impr\u00e9gner de ce document, les greffiers burkinab\u00e8 ont tenu leur 9e conf\u00e9rence annuelle, les 17 et 18 septembre 2020, \u00e0 Ouagadougou, sous le th\u00e8me : \u00abR\u00e8gles d\u00e9ontologiques et responsabilit\u00e9 du greffier \u00bb. Selon le ministre de la Justice, Garde des Sceaux, Ren\u00e9 Bagoro, cette conf\u00e9rence, cr\u00e9\u00e9e depuis 2011, est un cadre par excellence pour mener des r\u00e9flexions autour des th\u00e9matiques \u00ab pertinentes \u00bb entrant dans le cadre de l\u2019accomplissement des missions assign\u00e9es au corps des greffiers et envisager des solutions pour l\u2019int\u00e9r\u00eat de la justice, en g\u00e9n\u00e9ral et du personnel, en particulier.<\/p>\n<p>Pour lui, le choix du th\u00e8me vise l\u2019instauration de la discipline et du sens de responsabilit\u00e9 au sein du corps. Pour ce faire, le ministre Bagoro a, d\u2019abord, rappel\u00e9 aux greffiers le r\u00f4le majeur qu\u2019ils jouent pour une bonne administration de la justice. Puis, il les a exhort\u00e9s \u00e0 observer \u00abscrupuleusement \u00bb les principes de bonne conduite. Ce qui permettra, selon lui, d\u2019accorder du cr\u00e9dit au corps des greffiers et partant \u00e0 la justice toute enti\u00e8re.<\/p>\n<div class=\"td-a-rec td-a-rec-id-content_inline tdi_30_ed3 td_block_template_1\"><img loading=\"lazy\" decoding=\"async\" class=\"aligncenter size-full wp-image-21314\" src=\"https:\/\/www.sidwaya.info\/wp-content\/uploads\/2020\/04\/Bandeau-Covid-19-Sidwaya-1.jpg\" alt=\"\" width=\"790\" height=\"98\"\/><\/div>\n<p>\u00ab Le corps des greffiers constitue un acteur incontournable de l\u2019activit\u00e9 juridictionnelle. La rencontre nous permettra d\u2019attirer l\u2019attention de chacun sur la n\u00e9cessit\u00e9 de bien se comporter et d\u2019\u00e9viter des actes contraires \u00e0 l\u2019\u00e9thique comme la corruption \u00bb, a expliqu\u00e9 le ministre Bagoro. Le directeur des greffes, Hatt\u00e9 Simpor\u00e9, a, quant \u00e0 lui, pr\u00e9cis\u00e9 que le nouveau code du corps de greffier d\u00e9finit un certain nombre de principes, de valeurs et de responsabilit\u00e9s que les greffiers doivent respecter dans leurs fonctions.<\/p>\n<p>\u00ab Il est n\u00e9cessaire de rappeler ces diff\u00e9rentes r\u00e8gles et voir dans quelle mesure toutes ces valeurs peuvent \u00eatre respect\u00e9es par les greffiers pour l\u2019int\u00e9r\u00eat des justiciables et de la justice \u00bb, a-t-il pr\u00e9cis\u00e9. A la question de savoir si le choix du th\u00e8me de la c\u00e9r\u00e9monie s\u2019explique par la r\u00e9currence des manquements au sein du personnel, M. Simpor\u00e9 a r\u00e9pondu que \u00ab la situation n\u2019est pas aussi alarmante \u00bb. Le rappel des textes, a-t-il not\u00e9, a principalement pour but de pr\u00e9venir d\u2019\u00e9ventuels d\u00e9rives et d\u2019interpeler les participants qu\u2019ils ont des droits, mais aussi des obligations \u00e0 respecter.<\/p>\n<p class=\"c1\"><strong>Adama SAWADOGO<\/strong><br \/>(Stagiaire)<\/p>\n<div class=\"td-a-rec td-a-rec-id-content_bottom tdi_31_7bd td_block_template_1\"><img loading=\"lazy\" decoding=\"async\" class=\"aligncenter size-full wp-image-22415\" src=\"https:\/\/www.sidwaya.info\/wp-content\/uploads\/2020\/05\/Bandeau-paiement-mobile-site.png\" alt=\"\" width=\"728\" height=\"90\"\/><\/div>\n<p>Auteur: JK. Sidwaya<br \/>\n<a href=\"https:\/\/www.sidwaya.info\/blog\/2020\/09\/17\/secteur-de-la-justice-les-regles-de-bonne-conduite-rappelees-aux-greffiers\/\">Cliquez ici pour lire l&rsquo;article depuis sa source.<\/a><\/p>\n","protected":false},"excerpt":{"rendered":"<p>Le ministre de la Justice, Garde des Sceaux, Ren\u00e9 Bagoro : \u00abLa rencontre nous permettra d\u2019attirer l\u2019attention de chacun sur la n\u00e9cessit\u00e9 de bien se comporter \u00bb. Le minist\u00e8re de la Justice organise la 9e conf\u00e9rence annuelle des greffiers, les 17 et 18 septembre 2020, \u00e0 Ouagadougou afin de permettre aux auxiliaires de justice de [&hellip;]<\/p>\n","protected":false},"author":1816,"featured_media":99146,"comment_status":"closed","ping_status":"closed","sticky":false,"template":"","format":"standard","meta":{"fifu_image_url":"","fifu_image_alt":"","footnotes":""},"categories":[73,81],"tags":[],"class_list":["post-99145","post","type-post","status-publish","format-standard","has-post-thumbnail","hentry","category-actualite","category-burkina-faso"],"_links":{"self":[{"href":"https:\/\/linitiative.ca\/International\/wp-json\/wp\/v2\/posts\/99145","targetHints":{"allow":["GET"]}}],"collection":[{"href":"https:\/\/linitiative.ca\/International\/wp-json\/wp\/v2\/posts"}],"about":[{"href":"https:\/\/linitiative.ca\/International\/wp-json\/wp\/v2\/types\/post"}],"author":[{"embeddable":true,"href":"https:\/\/linitiative.ca\/International\/wp-json\/wp\/v2\/users\/1816"}],"replies":[{"embeddable":true,"href":"https:\/\/linitiative.ca\/International\/wp-json\/wp\/v2\/comments?post=99145"}],"version-history":[{"count":0,"href":"https:\/\/linitiative.ca\/International\/wp-json\/wp\/v2\/posts\/99145\/revisions"}],"wp:featuredmedia":[{"embeddable":true,"href":"https:\/\/linitiative.ca\/International\/wp-json\/"}],"wp:attachment":[{"href":"https:\/\/linitiative.ca\/International\/wp-json\/wp\/v2\/media?parent=99145"}],"wp:term":[{"taxonomy":"category","embeddable":true,"href":"https:\/\/linitiative.ca\/International\/wp-json\/wp\/v2\/categories?post=99145"},{"taxonomy":"post_tag","embeddable":true,"href":"https:\/\/linitiative.ca\/International\/wp-json\/wp\/v2\/tags?post=99145"}],"curies":[{"name":"wp","href":"https:\/\/api.w.org\/{rel}","templated":true}]}}