{"id":99147,"date":"2020-09-17T17:00:59","date_gmt":"2020-09-17T21:00:59","guid":{"rendered":"https:\/\/linitiative.ca\/International\/protection-civile-en-afrique-treize-commandants-des-operations-de-secours-formes\/"},"modified":"2020-09-17T17:00:59","modified_gmt":"2020-09-17T21:00:59","slug":"protection-civile-en-afrique-treize-commandants-des-operations-de-secours-formes","status":"publish","type":"post","link":"https:\/\/linitiative.ca\/International\/protection-civile-en-afrique-treize-commandants-des-operations-de-secours-formes\/","title":{"rendered":"Protection civile en Afrique : Treize commandants des op\u00e9rations de secours form\u00e9s"},"content":{"rendered":"<div class=\"td-post-featured-image\" readability=\"33\"><a href=\"https:\/\/www.sidwaya.info\/wp-content\/uploads\/2020\/09\/commandants.jpg\" data-caption=\"Les 13 nouveaux commandants des op&#xE9;rations de secours int&#xE8;greront d&#xE9;sormais la cha&#xEE;ne de commandement de leurs pays respectifs.\"><img loading=\"lazy\" decoding=\"async\" width=\"696\" height=\"455\" class=\"entry-thumb td-modal-image\" src=\"https:\/\/www.sidwaya.info\/wp-content\/uploads\/2020\/09\/commandants-696x455.jpg\" srcset=\"https:\/\/www.sidwaya.info\/wp-content\/uploads\/2020\/09\/commandants-696x455.jpg 696w, https:\/\/www.sidwaya.info\/wp-content\/uploads\/2020\/09\/commandants-300x196.jpg 300w, https:\/\/www.sidwaya.info\/wp-content\/uploads\/2020\/09\/commandants-768x503.jpg 768w, https:\/\/www.sidwaya.info\/wp-content\/uploads\/2020\/09\/commandants-642x420.jpg 642w, https:\/\/www.sidwaya.info\/wp-content\/uploads\/2020\/09\/commandants-741x486.jpg 741w, https:\/\/www.sidwaya.info\/wp-content\/uploads\/2020\/09\/commandants.jpg 787w\" sizes=\"auto, (max-width: 696px) 100vw, 696px\" alt=\"\" title=\"commandants\"\/><\/a>Les 13 nouveaux commandants des op\u00e9rations de secours int\u00e8greront d\u00e9sormais la cha\u00eene de commandement de leurs pays respectifs.<\/div>\n<p><strong>L\u2019Institut sup\u00e9rieur d\u2019\u00e9tudes de protection civile (ISEPC) a organis\u00e9 la c\u00e9r\u00e9monie de fin de son quatri\u00e8me stage de Commandant des op\u00e9rations de secours (COS) auquel ont particip\u00e9 13 stagiaires de huit pays africains.<\/strong><\/p>\n<p>Apr\u00e8s environ trois semaines de stage (du 1er au 19 septembre) \u00e0 l\u2019Institut sup\u00e9rieur d\u2019\u00e9tudes de protection civile (ISEPC), huit pays africains (Burkina, B\u00e9nin, Congo, Gabon, Guin\u00e9e, C\u00f4te d\u2019Ivoire, Niger et S\u00e9n\u00e9gal) disposent d\u00e9sormais de 13 nouveaux Commandants des op\u00e9rations de secours (COS).<\/p>\n<p>La cl\u00f4ture de leur stage a \u00e9t\u00e9 organis\u00e9e, le jeudi 17 septembre 2020 \u00e0 Ouagadougou, au sein de l\u2019institut. Ainsi, les techniques de raisonnement tactique n\u00e9cessaires, l\u2019environnement multiservices d\u2019une op\u00e9ration d\u2019ampleur, le commandement d\u2019une op\u00e9ration de secours d\u2019envergure et d\u2019un poste, l\u2019interpr\u00e9tation des objectifs strat\u00e9giques du directeur des op\u00e9rations de secours, les diff\u00e9rents choix tactiques et la gestion de la communication de crise leur ont \u00e9t\u00e9 inculqu\u00e9s, selon les responsables de l\u2019institut.<\/p>\n<div class=\"td-a-rec td-a-rec-id-content_inline tdi_30_f64 td_block_template_1\"><img loading=\"lazy\" decoding=\"async\" class=\"aligncenter size-full wp-image-21314\" src=\"https:\/\/www.sidwaya.info\/wp-content\/uploads\/2020\/04\/Bandeau-Covid-19-Sidwaya-1.jpg\" alt=\"\" width=\"790\" height=\"98\"\/><\/div>\n<p>Pour ces aptitudes que les experts, notamment des sapeurs-pompiers de Paris et d\u2019autres formateurs leur ont transmises, le pr\u00e9sident de la promotion, le commandant Casimir Etchiha du B\u00e9nin, a exprim\u00e9 la gratitude des stagiaires. \u00ab Les diff\u00e9rents th\u00e8mes et mises en situation nous conviennent bien et sont en parfaite corr\u00e9lation avec nos r\u00e9alit\u00e9s d\u2019aujourd\u2019hui, mais \u00e9galement celles du futur \u00bb, a-t-il laiss\u00e9 entendre, avant que le directeur des \u00e9tudes de l\u2019ISEPC, le commandant Vincent Grobois, ne les d\u00e9clare dipl\u00f4m\u00e9s.<\/p>\n<p>Pour le Directeur g\u00e9n\u00e9ral (DG) de l\u2019ISEPC, le colonel Abel Zongo, l\u2019importance de ce stage r\u00e9side dans son contexte qui est d\u2019actualit\u00e9 et dans sa singularit\u00e9 \u00e0 travers la qualit\u00e9 des participants. Il s\u2019agit, en effet, d\u2019officiers sup\u00e9rieurs sapeurs-pompiers, des capitaines, anciens intervenant dans la cha\u00eene de gestion de secours de leurs pays respectifs.<br \/>\u00ab Dans un contexte marqu\u00e9 par la r\u00e9currence des crises socio-politiques, le terrorisme et les catastrophes de tout genre qui mettent \u00e0 rude \u00e9preuve aussi bien les forces de d\u00e9fense et de s\u00e9curit\u00e9, que les acteurs de protection civile, les cadres de leur rang doivent \u00eatre d\u00e9sormais capables d\u2019organiser les secours et de conduire les op\u00e9rations tout en rassurant les populations \u00bb, a-t-il soutenu.<\/p>\n<p>Aux stagiaires, d\u00e9sormais commandants d\u2019op\u00e9rations de secours, le colonel Zongo a rappel\u00e9 d\u2019avoir toujours \u00e0 l\u2019esprit que la crise g\u00e9n\u00e8re de la surprise, est inhabituelle et difficilement pr\u00e9visible. Paraphrasant le philosophe fran\u00e7ais Yves Michaud, il leur a recommand\u00e9 d\u2019avoir le moral, parce que, dans une crise, il y a une diff\u00e9rence absolue entre penser et sentir, entre concevoir quelque chose et la vivre.<br \/>Pour sa part, l\u2019attach\u00e9 de s\u00e9curit\u00e9 int\u00e9rieure r\u00e9gionale de l\u2019ambassade de France, le commissaire g\u00e9n\u00e9ral Raymond Darriet, a pr\u00e9cis\u00e9 que l\u2019ISEPC est un lieu de savoir et de transmission de connaissances \u00e0 travers lequel la coop\u00e9ration entre la France et le Burkina Faso peuvent \u00eatre cit\u00e9s en exemple.<\/p>\n<p class=\"c1\"><strong>Jean-Marie TOE<\/strong><\/p>\n<div class=\"td-a-rec td-a-rec-id-content_bottom tdi_31_6dc td_block_template_1\"><img loading=\"lazy\" decoding=\"async\" class=\"aligncenter size-full wp-image-22415\" src=\"https:\/\/www.sidwaya.info\/wp-content\/uploads\/2020\/05\/Bandeau-paiement-mobile-site.png\" alt=\"\" width=\"728\" height=\"90\"\/><\/div>\n<p>Auteur: JK. Sidwaya<br \/>\n<a href=\"https:\/\/www.sidwaya.info\/blog\/2020\/09\/17\/protection-civile-en-afrique-treize-commandants-des-operations-de-secours-formes\/\">Cliquez ici pour lire l&rsquo;article depuis sa source.<\/a><\/p>\n","protected":false},"excerpt":{"rendered":"<p>Les 13 nouveaux commandants des op\u00e9rations de secours int\u00e8greront d\u00e9sormais la cha\u00eene de commandement de leurs pays respectifs. L\u2019Institut sup\u00e9rieur d\u2019\u00e9tudes de protection civile (ISEPC) a organis\u00e9 la c\u00e9r\u00e9monie de fin de son quatri\u00e8me stage de Commandant des op\u00e9rations de secours (COS) auquel ont particip\u00e9 13 stagiaires de huit pays africains. Apr\u00e8s environ trois semaines [&hellip;]<\/p>\n","protected":false},"author":1816,"featured_media":99148,"comment_status":"closed","ping_status":"closed","sticky":false,"template":"","format":"standard","meta":{"fifu_image_url":"","fifu_image_alt":"","footnotes":""},"categories":[73,81],"tags":[],"class_list":["post-99147","post","type-post","status-publish","format-standard","has-post-thumbnail","hentry","category-actualite","category-burkina-faso"],"_links":{"self":[{"href":"https:\/\/linitiative.ca\/International\/wp-json\/wp\/v2\/posts\/99147","targetHints":{"allow":["GET"]}}],"collection":[{"href":"https:\/\/linitiative.ca\/International\/wp-json\/wp\/v2\/posts"}],"about":[{"href":"https:\/\/linitiative.ca\/International\/wp-json\/wp\/v2\/types\/post"}],"author":[{"embeddable":true,"href":"https:\/\/linitiative.ca\/International\/wp-json\/wp\/v2\/users\/1816"}],"replies":[{"embeddable":true,"href":"https:\/\/linitiative.ca\/International\/wp-json\/wp\/v2\/comments?post=99147"}],"version-history":[{"count":0,"href":"https:\/\/linitiative.ca\/International\/wp-json\/wp\/v2\/posts\/99147\/revisions"}],"wp:featuredmedia":[{"embeddable":true,"href":"https:\/\/linitiative.ca\/International\/wp-json\/"}],"wp:attachment":[{"href":"https:\/\/linitiative.ca\/International\/wp-json\/wp\/v2\/media?parent=99147"}],"wp:term":[{"taxonomy":"category","embeddable":true,"href":"https:\/\/linitiative.ca\/International\/wp-json\/wp\/v2\/categories?post=99147"},{"taxonomy":"post_tag","embeddable":true,"href":"https:\/\/linitiative.ca\/International\/wp-json\/wp\/v2\/tags?post=99147"}],"curies":[{"name":"wp","href":"https:\/\/api.w.org\/{rel}","templated":true}]}}