{"id":99153,"date":"2020-09-17T17:19:11","date_gmt":"2020-09-17T21:19:11","guid":{"rendered":"https:\/\/linitiative.ca\/International\/justice-fiscale-des-acteurs-plaident-la-transparence-dans-les-industries-extractives\/"},"modified":"2020-09-17T17:19:11","modified_gmt":"2020-09-17T21:19:11","slug":"justice-fiscale-des-acteurs-plaident-la-transparence-dans-les-industries-extractives","status":"publish","type":"post","link":"https:\/\/linitiative.ca\/International\/justice-fiscale-des-acteurs-plaident-la-transparence-dans-les-industries-extractives\/","title":{"rendered":"Justice fiscale : Des acteurs plaident la transparence dans les industries extractives"},"content":{"rendered":"<div class=\"td-post-featured-image\" readability=\"35\"><a href=\"https:\/\/www.sidwaya.info\/wp-content\/uploads\/2020\/09\/pca.jpg\" data-caption=\"Le PCA du CERA-FP, Abdoul Demb&#xE9;l&#xE9; : &#xAB; A l&#x2019;issue de nos &#xE9;changes, des canaux seront trouv&#xE9;s pour faire le point &#xE0; l&#x2019;ex&#xE9;cutif&#xBB;.\"><img loading=\"lazy\" decoding=\"async\" width=\"696\" height=\"529\" class=\"entry-thumb td-modal-image\" src=\"https:\/\/www.sidwaya.info\/wp-content\/uploads\/2020\/09\/pca-696x529.jpg\" srcset=\"https:\/\/www.sidwaya.info\/wp-content\/uploads\/2020\/09\/pca-696x529.jpg 696w, https:\/\/www.sidwaya.info\/wp-content\/uploads\/2020\/09\/pca-300x228.jpg 300w, https:\/\/www.sidwaya.info\/wp-content\/uploads\/2020\/09\/pca-768x584.jpg 768w, https:\/\/www.sidwaya.info\/wp-content\/uploads\/2020\/09\/pca-552x420.jpg 552w, https:\/\/www.sidwaya.info\/wp-content\/uploads\/2020\/09\/pca-80x60.jpg 80w, https:\/\/www.sidwaya.info\/wp-content\/uploads\/2020\/09\/pca.jpg 780w\" sizes=\"auto, (max-width: 696px) 100vw, 696px\" alt=\"\" title=\"pca\"\/><\/a>Le PCA du CERA-FP, Abdoul Demb\u00e9l\u00e9 : \u00ab A l\u2019issue de nos \u00e9changes, des canaux seront trouv\u00e9s pour faire le point \u00e0 l\u2019ex\u00e9cutif\u00bb.<\/div>\n<p><strong>Le Centre d\u2019\u00e9tudes et de recherche appliqu\u00e9e en finances publiques (CERA-PF), en partenariat avec l\u2019ONG Oxfam Burkina, a organis\u00e9, le jeudi 17 septembre 2020 \u00e0 Ouagadougou, un cadre d\u2019\u00e9changes sur les d\u00e9penses fiscales et les flux financiers illicites, notamment dans le secteur des industries extractives.<\/strong><\/p>\n<p>Des responsables du monde des finances, du secteur priv\u00e9 burkinab\u00e8 et des Organisations de la soci\u00e9t\u00e9 civile (OSC) se sont r\u00e9unis dans le cadre du projet<br \/>\u00ab Initiative multiforme pour une \u00e9conomie humaine en Afrique (WAF) \u00bb, pour toucher du doigt les r\u00e9alit\u00e9s qui existent dans les entreprises mini\u00e8res. Cette rencontre, organis\u00e9e le jeudi 17 septembre 2020 \u00e0 Ouagadougou, par le Centre d\u2019\u00e9tudes et de recherche appliqu\u00e9e en finances publiques (CERA-PF), en collaboration avec l\u2019ONG Oxfam Burkina, se veut un lieu d\u2019informations, de d\u00e9bat, de r\u00e9flexion, mais aussi d\u2019interpellation et d\u2019action.<\/p>\n<p>Cette plateforme existant depuis 2018, selon le pr\u00e9sident du Conseil d\u2019administration (PCA) du CERA-FP, Abdoul Demb\u00e9l\u00e9, vise la promotion de la justice fiscale afin de contribuer \u00e0 la r\u00e9duction des in\u00e9galit\u00e9s au Burkina Faso. \u00ab Les efforts des administrations fiscales de nos pays sont fortement annihil\u00e9s par les d\u00e9penses fiscales li\u00e9es aux mesures d\u00e9rogatoires (\u2026) et l\u2019utilisation du syst\u00e8me fiscal par les multinationales \u00e0 travers le ph\u00e9nom\u00e8ne de flux financiers illicites \u00bb, a-t-il fait savoir lors de son expos\u00e9.<\/p>\n<div class=\"td-a-rec td-a-rec-id-content_inline tdi_30_875 td_block_template_1\"><img loading=\"lazy\" decoding=\"async\" class=\"aligncenter size-full wp-image-21314\" src=\"https:\/\/www.sidwaya.info\/wp-content\/uploads\/2020\/04\/Bandeau-Covid-19-Sidwaya-1.jpg\" alt=\"\" width=\"790\" height=\"98\"\/><\/div>\n<p><img decoding=\"async\" loading=\"lazy\" class=\"size-medium wp-image-26826\" src=\"https:\/\/www.sidwaya.info\/wp-content\/uploads\/2020\/09\/acteurs-300x225.jpg\" alt=\"\" width=\"300\" height=\"225\" srcset=\"https:\/\/www.sidwaya.info\/wp-content\/uploads\/2020\/09\/acteurs-300x225.jpg 300w, https:\/\/www.sidwaya.info\/wp-content\/uploads\/2020\/09\/acteurs-768x576.jpg 768w, https:\/\/www.sidwaya.info\/wp-content\/uploads\/2020\/09\/acteurs-696x522.jpg 696w, https:\/\/www.sidwaya.info\/wp-content\/uploads\/2020\/09\/acteurs-560x420.jpg 560w, https:\/\/www.sidwaya.info\/wp-content\/uploads\/2020\/09\/acteurs-80x60.jpg 80w, https:\/\/www.sidwaya.info\/wp-content\/uploads\/2020\/09\/acteurs-265x198.jpg 265w, https:\/\/www.sidwaya.info\/wp-content\/uploads\/2020\/09\/acteurs.jpg 787w\" sizes=\"auto, (max-width: 300px) 100vw, 300px\"\/>Apr\u00e8s l\u2019expos\u00e9 du PCA, les participants sont cens\u00e9s comprendre la probl\u00e9matique des flux financiers illicites.<\/p>\n<p>Cet \u00e9tat de fait, a-t-il remarqu\u00e9, conduit \u00e0 une perte de revenus, estim\u00e9e par le gouvernement en raison du fait qu\u2019il accorde des all\u00e8gements fiscaux ou des pr\u00e9f\u00e9rences \u00e0 une classe particuli\u00e8re de contribuables. \u00ab Nos pays connaissent depuis plus d\u2019une d\u00e9cennie un boom dans le domaine des industries extractives. Chacun veut attirer le plus d\u2019investisseurs sur son territoire desservant du m\u00eame coup les int\u00e9r\u00eats des populations \u00bb, a-t-il d\u00e9plor\u00e9.<\/p>\n<p>Afin d\u2019apporter une am\u00e9lioration sur le choix des d\u00e9penses fiscales et la r\u00e9duction des pertes de recettes induites par les incitations fiscales et les flux financiers illicites, le secr\u00e9taire ex\u00e9cutif adjoint du R\u00e9seau national de lutte anti-corruption (REN-LAC), Fran\u00e7ois Moyenga, a jug\u00e9 \u00ab bon \u00bb la plateforme des OSC avec le CERA-FP. Pour lui, en plus de la lutte contre la corruption, son association \u00e9tend ses ailes dans les questions fiscales. \u00ab Ce domaine rel\u00e8ve de la grande corruption, estim\u00e9e \u00e0 des milliards F CFA.<\/p>\n<p>Ce qui est n\u00e9faste, c\u2019est de savoir que cette grande corruption peut d\u00e9voyer l\u2019autorit\u00e9 publique \u00bb, a-t-il dit. Au terme de leurs \u00e9changes, les acteurs, selon lui, vont mener des r\u00e9flexions afin de trouver des solutions pour recadrer l\u2019assiette fiscale dans le secteur minier au pays des Hommes int\u00e8gres.<\/p>\n<p class=\"c1\"><strong>Oumarou RABO<\/strong><br \/>(Collaborateur)<\/p>\n<div class=\"td-a-rec td-a-rec-id-content_bottom tdi_31_36e td_block_template_1\"><img loading=\"lazy\" decoding=\"async\" class=\"aligncenter size-full wp-image-22415\" src=\"https:\/\/www.sidwaya.info\/wp-content\/uploads\/2020\/05\/Bandeau-paiement-mobile-site.png\" alt=\"\" width=\"728\" height=\"90\"\/><\/div>\n<p>Auteur: JK. Sidwaya<br \/>\n<a href=\"https:\/\/www.sidwaya.info\/blog\/2020\/09\/17\/justice-fiscale-des-acteurs-plaident-la-transparence-dans-les-industries-extractives\/\">Cliquez ici pour lire l&rsquo;article depuis sa source.<\/a><\/p>\n","protected":false},"excerpt":{"rendered":"<p>Le PCA du CERA-FP, Abdoul Demb\u00e9l\u00e9 : \u00ab A l\u2019issue de nos \u00e9changes, des canaux seront trouv\u00e9s pour faire le point \u00e0 l\u2019ex\u00e9cutif\u00bb. Le Centre d\u2019\u00e9tudes et de recherche appliqu\u00e9e en finances publiques (CERA-PF), en partenariat avec l\u2019ONG Oxfam Burkina, a organis\u00e9, le jeudi 17 septembre 2020 \u00e0 Ouagadougou, un cadre d\u2019\u00e9changes sur les d\u00e9penses [&hellip;]<\/p>\n","protected":false},"author":1816,"featured_media":99154,"comment_status":"closed","ping_status":"closed","sticky":false,"template":"","format":"standard","meta":{"fifu_image_url":"","fifu_image_alt":"","footnotes":""},"categories":[73,81],"tags":[],"class_list":["post-99153","post","type-post","status-publish","format-standard","has-post-thumbnail","hentry","category-actualite","category-burkina-faso"],"_links":{"self":[{"href":"https:\/\/linitiative.ca\/International\/wp-json\/wp\/v2\/posts\/99153","targetHints":{"allow":["GET"]}}],"collection":[{"href":"https:\/\/linitiative.ca\/International\/wp-json\/wp\/v2\/posts"}],"about":[{"href":"https:\/\/linitiative.ca\/International\/wp-json\/wp\/v2\/types\/post"}],"author":[{"embeddable":true,"href":"https:\/\/linitiative.ca\/International\/wp-json\/wp\/v2\/users\/1816"}],"replies":[{"embeddable":true,"href":"https:\/\/linitiative.ca\/International\/wp-json\/wp\/v2\/comments?post=99153"}],"version-history":[{"count":0,"href":"https:\/\/linitiative.ca\/International\/wp-json\/wp\/v2\/posts\/99153\/revisions"}],"wp:featuredmedia":[{"embeddable":true,"href":"https:\/\/linitiative.ca\/International\/wp-json\/"}],"wp:attachment":[{"href":"https:\/\/linitiative.ca\/International\/wp-json\/wp\/v2\/media?parent=99153"}],"wp:term":[{"taxonomy":"category","embeddable":true,"href":"https:\/\/linitiative.ca\/International\/wp-json\/wp\/v2\/categories?post=99153"},{"taxonomy":"post_tag","embeddable":true,"href":"https:\/\/linitiative.ca\/International\/wp-json\/wp\/v2\/tags?post=99153"}],"curies":[{"name":"wp","href":"https:\/\/api.w.org\/{rel}","templated":true}]}}