{"id":99155,"date":"2020-09-17T09:44:39","date_gmt":"2020-09-17T13:44:39","guid":{"rendered":"https:\/\/linitiative.ca\/International\/cameroun-le-gouvernement-somme-la-fecafoot-dexecuter-les-sentences-du-tribunal-arbitral-du-sport\/"},"modified":"2020-09-17T09:44:39","modified_gmt":"2020-09-17T13:44:39","slug":"cameroun-le-gouvernement-somme-la-fecafoot-dexecuter-les-sentences-du-tribunal-arbitral-du-sport","status":"publish","type":"post","link":"https:\/\/linitiative.ca\/International\/cameroun-le-gouvernement-somme-la-fecafoot-dexecuter-les-sentences-du-tribunal-arbitral-du-sport\/","title":{"rendered":"Cameroun : le gouvernement somme la F\u00e9cafoot d\u2019ex\u00e9cuter les sentences du Tribunal arbitral du sport"},"content":{"rendered":"<div readability=\"32\">\n<p>Publi\u00e9 le 17.09.2020 \u00e0 14h44 par Christian Djimadeu<\/p>\n<\/div>\n<div readability=\"79\">\n<h2 class=\"c6\">La Ligue de football professionnel du Cameroun (LFPC) reprend le contr\u00f4le des championnats Elite one et two et New Star de Douala \u00e9voluera la saison prochaine en premi\u00e8re division. Ce sont les principales recommandations du ministre des Sports et de l\u2019\u00e9ducation physique. A terme de la r\u00e9union de concertation tenue ce 17 septembre 2020.<\/h2>\n<p class=\"c7\">Nul ne va contourner les sentences du Tribunal arbitral du sport du 14 et 15 septembre 2020. Le ministre des Sports et de l\u2019\u00e9ducation physique (<strong>Minsep<\/strong>) a instruit le respect de la d\u00e9cision qui r\u00e9habilite la <strong>LFPC<\/strong> comme instance charg\u00e9e d\u2019organiser les <strong>championnats Elite one et two<\/strong>, de m\u00eame celle qui maintient New star en premi\u00e8re division.<\/p>\n<p class=\"c7\">Le professeur <strong>Narcisse Mouelle Kombi<\/strong> recommande aux deux parties de \u00ab\u00a0<em>s\u2019investir pleinement pour un retour \u00e0 la norme, sans dilatoire ni juridisme, et qui n\u2019\u00e9corne en aucune mani\u00e8re l\u2019image de marque du Cameroun, notamment en facilitant l\u2019application imm\u00e9diate et sans conditions des sentences prononc\u00e9es par le TAS les 14 et 15 septembre 2020. Le Cameroun, pays de droit, s\u2019en trouverait davantage grandi, tout comme le football camerounais, qui reste plong\u00e9 depuis pr\u00e8s d\u2019une d\u00e9cennie dans de graves atermoiements<\/em>\u00a0\u00bb,<\/p>\n<p class=\"c7\">A la <strong>F\u00e9cafoot<\/strong> principalement, le ministre des Sports instruit de\u00a0: \u00ab\u00a0<em>continuer \u00e0 s\u2019impliquer, dans le cadre voire au-del\u00e0 de ses obligations traditionnelles, \u00e0 l\u2019accompagnement effectif du d\u00e9marrage sans d\u00e9lai et le bon d\u00e9roulement des championnats professionnels de football sous la houlette de la Ligue de Football Professionnel du Cameroun r\u00e9tablie dans ses droits; d\u2019impliquer davantage tous les acteurs \u00e0 la gestion des probl\u00e8mes inh\u00e9rents \u00e0 l\u2019organisation et \u00e1 la pratique du football au Cameroun, en renfor\u00e7ant le dispositif de concertation permanente actuel\u00a0<\/em>\u00bb.<\/p>\n<p class=\"c7\">Le patron des Sports lui recommande par ailleurs de\u00a0: \u00ab\u00a0<em>collaborer pleinement \u00e0 la reprise sereine des championnats professionnels de football et \u00e0 la participation des clubs camerounais m\u00e9ritants aux comp\u00e9titions internationales dans le respect des r\u00e8glements \u00e9dictes par la CAF. En outre, il s\u2019agit d\u2019\u00e9viter toute atteinte aux droits des acteurs impliques (clubs), ainsi que de nouveaux rebondissements dans les affaires d\u00e9j\u00e0 tranch\u00e9es par le TAS (cas de News Stars de Douala)\u00a0<\/em>\u00bb<\/p>\n<p class=\"c7\">S\u2019adressant \u00e0 la LFPC du g\u00e9n\u00e9ral <strong>Pierre Semengue<\/strong> qui h\u00e9rite des r\u00e9sultats d\u2019un Championnat organis\u00e9 par sa tutelle pendant sa suspension, \u00e0 travers une instance de suppl\u00e9ance, le ministre des Sports demande de\u00a0: \u00ab\u00a0<em>de tout mettre en \u0153uvre pour mieux g\u00e9rer la continuit\u00e9; de trouver la formule ad\u00e9quate pour le d\u00e9roulement serein des championnats professionnels, d\u00e9j\u00e0 annonc\u00e9s par la tutelle f\u00e9d\u00e9rale<\/em>\u00a0\u00bb.<\/p>\n<p class=\"c7\">L\u2019on annonce pour bient\u00f4t une rencontre, cette fois bipartite, entre la F\u00e9cafoot et son d\u00e9membrement la LFPC pour mettre en ex\u00e9cution les sentence du TAS dans le respect des consignes du gouvernement.<\/p>\n<\/div>\n<p>Auteur: Christian DJIMADEU<br \/>\n<a href=\"https:\/\/www.journalducameroun.com\/cameroun-le-gouvernement-somme-la-fecafoot-dexecuter-les-sentences-du-tribunal-arbitral-du-sport-cameroun\/\">Cliquez ici pour lire l&rsquo;article depuis sa source.<\/a><\/p>\n","protected":false},"excerpt":{"rendered":"<p>Publi\u00e9 le 17.09.2020 \u00e0 14h44 par Christian Djimadeu La Ligue de football professionnel du Cameroun (LFPC) reprend le contr\u00f4le des championnats Elite one et two et New Star de Douala \u00e9voluera la saison prochaine en premi\u00e8re division. Ce sont les principales recommandations du ministre des Sports et de l\u2019\u00e9ducation physique. A terme de la r\u00e9union [&hellip;]<\/p>\n","protected":false},"author":1965,"featured_media":0,"comment_status":"closed","ping_status":"closed","sticky":false,"template":"","format":"standard","meta":{"fifu_image_url":"","fifu_image_alt":"","footnotes":""},"categories":[73,82],"tags":[],"class_list":["post-99155","post","type-post","status-publish","format-standard","hentry","category-actualite","category-cameroun"],"_links":{"self":[{"href":"https:\/\/linitiative.ca\/International\/wp-json\/wp\/v2\/posts\/99155","targetHints":{"allow":["GET"]}}],"collection":[{"href":"https:\/\/linitiative.ca\/International\/wp-json\/wp\/v2\/posts"}],"about":[{"href":"https:\/\/linitiative.ca\/International\/wp-json\/wp\/v2\/types\/post"}],"author":[{"embeddable":true,"href":"https:\/\/linitiative.ca\/International\/wp-json\/wp\/v2\/users\/1965"}],"replies":[{"embeddable":true,"href":"https:\/\/linitiative.ca\/International\/wp-json\/wp\/v2\/comments?post=99155"}],"version-history":[{"count":0,"href":"https:\/\/linitiative.ca\/International\/wp-json\/wp\/v2\/posts\/99155\/revisions"}],"wp:attachment":[{"href":"https:\/\/linitiative.ca\/International\/wp-json\/wp\/v2\/media?parent=99155"}],"wp:term":[{"taxonomy":"category","embeddable":true,"href":"https:\/\/linitiative.ca\/International\/wp-json\/wp\/v2\/categories?post=99155"},{"taxonomy":"post_tag","embeddable":true,"href":"https:\/\/linitiative.ca\/International\/wp-json\/wp\/v2\/tags?post=99155"}],"curies":[{"name":"wp","href":"https:\/\/api.w.org\/{rel}","templated":true}]}}