{"id":99156,"date":"2020-09-17T12:18:02","date_gmt":"2020-09-17T16:18:02","guid":{"rendered":"https:\/\/linitiative.ca\/International\/presidentielle-2020-ma-candidature-est-ferme-irreductible-et-irrevocable-soro\/"},"modified":"2020-09-17T12:18:02","modified_gmt":"2020-09-17T16:18:02","slug":"presidentielle-2020-ma-candidature-est-ferme-irreductible-et-irrevocable-soro","status":"publish","type":"post","link":"https:\/\/linitiative.ca\/International\/presidentielle-2020-ma-candidature-est-ferme-irreductible-et-irrevocable-soro\/","title":{"rendered":"Pr\u00e9sidentielle 2020 : \u00ab ma candidature est ferme, irr\u00e9ductible et irr\u00e9vocable \u00bb (Soro)"},"content":{"rendered":"<div readability=\"32\">\n<p>Publi\u00e9 le 17.09.2020 \u00e0 17h18 par APA News<\/p>\n<\/div>\n<div readability=\"88\">\n<p>L\u2019ex-pr\u00e9sident de l\u2019Assembl\u00e9e nationale de C\u00f4te d\u2019Ivoire, Guillaume Soro, a d\u00e9clar\u00e9 jeudi \u00e0 Paris que sa candidature \u00e0 l\u2019\u00e9lection pr\u00e9sidentielle ivoirienne du 31 octobre 2020, rejet\u00e9e par le Conseil constitutionnel, est \u00ab ferme, irr\u00e9ductible et irr\u00e9vocable \u00bb.\u00ab Ma candidature est ferme, irr\u00e9ductible et irr\u00e9vocable \u00bb, a dit Guillaume Soro face \u00e0 la presse dans un h\u00f4tel \u00e0 Paris, o\u00f9 il s\u00e9journe actuellement, annon\u00e7ant qu\u2019il \u00ab visiterait sous peu \u00bb \u00e0 Muhammadu Buhari, le pr\u00e9sident du Nig\u00e9ria.\u00a0<\/p>\n<p>En d\u00e9pit du rejet de son dossier de candidature par le Conseil constitutionnel pour non-conformit\u00e9 au Code \u00e9lectoral, M. Soro a affich\u00e9 son intention de vouloir participer \u00e0 ce scrutin pour gouverner son pays en consolidant la d\u00e9mocratie et l\u2019Etat de droit.<\/p>\n<p>M. Soro a d\u00e9plor\u00e9 l\u2019arrestation de plus de 200 personnes dont 60 de son mouvement politique, suite \u00e0 de r\u00e9centes manifestations \u00e9clat\u00e9es en C\u00f4te d\u2019Ivoire d\u2019individus se r\u00e9clamant notamment de l\u2019opposition et qui d\u00e9noncent un \u00ab troisi\u00e8me mandat \u00bb de Alassane Ouattara.<\/p>\n<p>Poursuivi pour d\u00e9tournement de deniers publics, blanchiment d\u2019argent et recel, M. Soro a \u00e9t\u00e9 \u00e0 l\u2019issue de la proc\u00e9dure reconnu coupable et condamn\u00e9 \u00e0 20 ans de prison ferme, et au paiement d\u2019une amende de 4,5 milliards Fcfa, \u00a0et cinq ans de privation de droits civils et civiques. \u00a0\u00a0<\/p>\n<p>Il s\u2019agit d\u2019un \u00ab proc\u00e8s fictif et exp\u00e9ditif \u00bb, s\u2019est insurg\u00e9 M. Guillaume Soro qui estime qu\u2019 \u00ab il n\u2019y a aucune charge \u00bb et le dossier judiciaire le visant est \u00ab vide \u00bb tout en appelant \u00e0 son int\u00e9gration sur la liste \u00e9lectorale.\u00a0<\/p>\n<p>La Cour africaine des droits de l\u2019Homme et des peuples a ordonn\u00e9 mardi \u00e0 l\u2019Etat de C\u00f4te d\u2019Ivoire de \u00ab lever les obstacles emp\u00eachant Guillaume Soro de jouir de ses droits d\u2019\u00e9lire et d\u2019\u00eatre \u00e9lu \u00bb \u00e0 l\u2019\u00e9lection pr\u00e9sidentielle du 31 octobre 2020, dans une ordonnance.\u00a0<\/p>\n<p>Pour M. Soro, le Conseil constitutionnel a \u00ab ob\u00e9i au pouvoir ex\u00e9cutif \u00bb, qualifiant sa d\u00e9cision de \u00ab forfaiture \u00bb pour avoir \u00ab donn\u00e9 leur aval au coup d\u2019Etat constitutionnel voulu par M. Alassane Ouattara \u00bb.<\/p>\n<p>L\u2019ex-chef de l\u2019Assembl\u00e9e nationale ivoirienne et ancien Premier ministre, Guillaume Soro, a appel\u00e9 \u00e0 une unit\u00e9 d\u2019actions de l\u2019opposition \u00e0 cette \u00e9lection pr\u00e9sidentielle afin de remporter ce scrutin que le Rhdp, le parti au pouvoir envisage de gagner au premier tour en \u00ab un coup K.O \u00bb.\u00a0<\/p>\n<\/div>\n<p>Auteur: APA News<br \/>\n<a href=\"https:\/\/www.journalducameroun.com\/presidentielle-2020-ma-candidature-est-ferme-irreductible-et-irrevocable-soro\/\">Cliquez ici pour lire l&rsquo;article depuis sa source.<\/a><\/p>\n","protected":false},"excerpt":{"rendered":"<p>Publi\u00e9 le 17.09.2020 \u00e0 17h18 par APA News L\u2019ex-pr\u00e9sident de l\u2019Assembl\u00e9e nationale de C\u00f4te d\u2019Ivoire, Guillaume Soro, a d\u00e9clar\u00e9 jeudi \u00e0 Paris que sa candidature \u00e0 l\u2019\u00e9lection pr\u00e9sidentielle ivoirienne du 31 octobre 2020, rejet\u00e9e par le Conseil constitutionnel, est \u00ab ferme, irr\u00e9ductible et irr\u00e9vocable \u00bb.\u00ab Ma candidature est ferme, irr\u00e9ductible et irr\u00e9vocable \u00bb, a dit [&hellip;]<\/p>\n","protected":false},"author":1965,"featured_media":0,"comment_status":"closed","ping_status":"closed","sticky":false,"template":"","format":"standard","meta":{"fifu_image_url":"","fifu_image_alt":"","footnotes":""},"categories":[73,82],"tags":[],"class_list":["post-99156","post","type-post","status-publish","format-standard","hentry","category-actualite","category-cameroun"],"_links":{"self":[{"href":"https:\/\/linitiative.ca\/International\/wp-json\/wp\/v2\/posts\/99156","targetHints":{"allow":["GET"]}}],"collection":[{"href":"https:\/\/linitiative.ca\/International\/wp-json\/wp\/v2\/posts"}],"about":[{"href":"https:\/\/linitiative.ca\/International\/wp-json\/wp\/v2\/types\/post"}],"author":[{"embeddable":true,"href":"https:\/\/linitiative.ca\/International\/wp-json\/wp\/v2\/users\/1965"}],"replies":[{"embeddable":true,"href":"https:\/\/linitiative.ca\/International\/wp-json\/wp\/v2\/comments?post=99156"}],"version-history":[{"count":0,"href":"https:\/\/linitiative.ca\/International\/wp-json\/wp\/v2\/posts\/99156\/revisions"}],"wp:attachment":[{"href":"https:\/\/linitiative.ca\/International\/wp-json\/wp\/v2\/media?parent=99156"}],"wp:term":[{"taxonomy":"category","embeddable":true,"href":"https:\/\/linitiative.ca\/International\/wp-json\/wp\/v2\/categories?post=99156"},{"taxonomy":"post_tag","embeddable":true,"href":"https:\/\/linitiative.ca\/International\/wp-json\/wp\/v2\/tags?post=99156"}],"curies":[{"name":"wp","href":"https:\/\/api.w.org\/{rel}","templated":true}]}}