{"id":99157,"date":"2020-09-17T14:34:20","date_gmt":"2020-09-17T18:34:20","guid":{"rendered":"https:\/\/linitiative.ca\/International\/cameroun-cinq-organisations-de-la-societe-civile-sassocient-au-projet-de-marche-du-mrc\/"},"modified":"2020-09-17T14:34:20","modified_gmt":"2020-09-17T18:34:20","slug":"cameroun-cinq-organisations-de-la-societe-civile-sassocient-au-projet-de-marche-du-mrc","status":"publish","type":"post","link":"https:\/\/linitiative.ca\/International\/cameroun-cinq-organisations-de-la-societe-civile-sassocient-au-projet-de-marche-du-mrc\/","title":{"rendered":"Cameroun : cinq Organisations de la soci\u00e9t\u00e9 civile s\u2019associent au projet de marche du MRC"},"content":{"rendered":"<div readability=\"32\">\n<p>Publi\u00e9 le 17.09.2020 \u00e0 19h34 par Christian Djimadeu<\/p>\n<\/div>\n<div readability=\"60\">\n<h2 class=\"c6\">Dans une lettre adress\u00e9e au pr\u00e9sident du MRC, elles sollicitent une rencontre avec Maurice Kamto pour discuter de leur participation \u00e0 la manifestation du 22 septembre 2020.<\/h2>\n<p class=\"c7\">L\u2019appel du Mouvement pour le renaissance du Cameroun (<strong>MRC<\/strong>) lanc\u00e9 le 24 ao\u00fbt 2020 a re\u00e7u un \u00e9cho favorable chez cinq Organisations de la Soci\u00e9t\u00e9 civile (OSC).\u00a0 Redhac (Maximilienne Ngo Mbe), le NDH (Cyrille Bechon), A nous le Cameroun (Marie Kwin), Fida (Gladys Mbuya), CHRDA (Agbor Nkongho), tous\u00a0 jugent pertinents l\u2019appel \u00e0 la mobilisation de Maurice Kamto\u00a0 en vue du d\u00e9part au pouvoir du pr\u00e9sident de la R\u00e9publique <strong>Paul Biya<\/strong>.<\/p>\n<p class=\"c7\">\u00ab\u00a0<em>Bien que nous relevons des pr\u00e9occupations li\u00e9es au timing, au mot d\u2019ordre relatif \u00abau d\u00e9part de M. Paul Biya du pouvoir\u00a0 (Etant entendu que la soci\u00e9t\u00e9 civile ne se place pas dans la loge de chasser un pr\u00e9sident du pouvoir) et \u00e0 la convocation des \u00e9lections r\u00e9gionales, nous sommes d\u2019accord sur la n\u00e9cessit\u00e9 de la mise en place de ce Front commun sur les questions pertinentes suivantes\u00a0: la r\u00e9vision consensuelle du syst\u00e8me \u00e9lectoral afin de garantir les \u00e9lections libres et transparentes (la soci\u00e9t\u00e9 civile la m\u00e8ne depuis des d\u00e9cennies), la r\u00e9solution pacifique de fa crise sociopolitique dans les r\u00e9gions du Nord-Ouest et Sud-Ouest, la R\u00e9conciliation Nationale pour une paix durable, seul gage pour le d\u00e9veloppement au service des populations<\/em>\u00a0\u00bb, \u00e9crivent ces organisations de la soci\u00e9t\u00e9 civile.<\/p>\n<p class=\"c7\">Sur les modalit\u00e9s de leur participation, les OSC souhaitent poser les bases avec <strong>Maurice Kamto<\/strong>. \u00ab\u00a0<em>Les repr\u00e9sentants de la soci\u00e9t\u00e9 civil d\u00e9sign\u00e9s sont pr\u00eats \u00e0 vous rencontrer pour qu\u2019ensemble nous puissions mutualiser nos efforts dans un cadre de dialogue que nous voulons franc et b\u00e9n\u00e9fique pour nos compatriotes et le devenir du Cameroun<\/em>\u00a0\u00bb.<\/p>\n<p class=\"c7\">Rappelons que le gouvernement s\u2019oppose \u00e0 ces manifestations qu\u2019il qualifie d\u2019ill\u00e9gales et d\u2019insurrectionnelles. Le MRC qui le conteste est d\u00e9termin\u00e9 \u00e0 braver l\u2019interdiction.<\/p>\n<\/div>\n<p>Auteur: Christian DJIMADEU<br \/>\n<a href=\"https:\/\/www.journalducameroun.com\/cameroun-cinq-organisations-de-la-societe-civile-sassocient-au-projet-de-marche-du-mrc\/\">Cliquez ici pour lire l&rsquo;article depuis sa source.<\/a><\/p>\n","protected":false},"excerpt":{"rendered":"<p>Publi\u00e9 le 17.09.2020 \u00e0 19h34 par Christian Djimadeu Dans une lettre adress\u00e9e au pr\u00e9sident du MRC, elles sollicitent une rencontre avec Maurice Kamto pour discuter de leur participation \u00e0 la manifestation du 22 septembre 2020. L\u2019appel du Mouvement pour le renaissance du Cameroun (MRC) lanc\u00e9 le 24 ao\u00fbt 2020 a re\u00e7u un \u00e9cho favorable chez [&hellip;]<\/p>\n","protected":false},"author":1965,"featured_media":0,"comment_status":"closed","ping_status":"closed","sticky":false,"template":"","format":"standard","meta":{"fifu_image_url":"","fifu_image_alt":"","footnotes":""},"categories":[73,82],"tags":[],"class_list":["post-99157","post","type-post","status-publish","format-standard","hentry","category-actualite","category-cameroun"],"_links":{"self":[{"href":"https:\/\/linitiative.ca\/International\/wp-json\/wp\/v2\/posts\/99157","targetHints":{"allow":["GET"]}}],"collection":[{"href":"https:\/\/linitiative.ca\/International\/wp-json\/wp\/v2\/posts"}],"about":[{"href":"https:\/\/linitiative.ca\/International\/wp-json\/wp\/v2\/types\/post"}],"author":[{"embeddable":true,"href":"https:\/\/linitiative.ca\/International\/wp-json\/wp\/v2\/users\/1965"}],"replies":[{"embeddable":true,"href":"https:\/\/linitiative.ca\/International\/wp-json\/wp\/v2\/comments?post=99157"}],"version-history":[{"count":0,"href":"https:\/\/linitiative.ca\/International\/wp-json\/wp\/v2\/posts\/99157\/revisions"}],"wp:attachment":[{"href":"https:\/\/linitiative.ca\/International\/wp-json\/wp\/v2\/media?parent=99157"}],"wp:term":[{"taxonomy":"category","embeddable":true,"href":"https:\/\/linitiative.ca\/International\/wp-json\/wp\/v2\/categories?post=99157"},{"taxonomy":"post_tag","embeddable":true,"href":"https:\/\/linitiative.ca\/International\/wp-json\/wp\/v2\/tags?post=99157"}],"curies":[{"name":"wp","href":"https:\/\/api.w.org\/{rel}","templated":true}]}}