{"id":99160,"date":"2020-09-16T22:17:06","date_gmt":"2020-09-17T02:17:06","guid":{"rendered":"https:\/\/linitiative.ca\/International\/grande-distribution-carrefour-market-implante-son-deuxieme-centre-commercial-a-douala\/"},"modified":"2020-09-16T22:17:06","modified_gmt":"2020-09-17T02:17:06","slug":"grande-distribution-carrefour-market-implante-son-deuxieme-centre-commercial-a-douala","status":"publish","type":"post","link":"https:\/\/linitiative.ca\/International\/grande-distribution-carrefour-market-implante-son-deuxieme-centre-commercial-a-douala\/","title":{"rendered":"Grande distribution : Carrefour Market implante son deuxi\u00e8me centre commercial \u00e0 Douala"},"content":{"rendered":"<p>Et de 3 pour Carrefour Market. Le groupe de grande distribution a inaugur\u00e9 un nouveau centre commercial \u00e0 Douala. Le second dans la capitale \u00e9conomique. La c\u00e9r\u00e9monie inaugurale pr\u00e9sid\u00e9e par le ministre du Commerce Luc Magloire Mbarga Atangana a connu la pr\u00e9sence de Marthe Ang\u00e9lique Mindja, la Directrice g\u00e9n\u00e9rale \u00a0de l\u2019Agence \u00a0de promotion des investissements (API), de Samuel Ivaha Diboua, le Gouverneur de la R\u00e9gion du Littoral\u00a0; \u00a0de Roger Mbassa Ndine,\u00a0le Maire de Douala\u00a0; du Consul g\u00e9n\u00e9ral \u00a0de France \u00e0 Douala, de Luc Demez\u00a0; le Directeur g\u00e9n\u00e9ral \u00a0de Cfao Retail au Cameroun\u00a0; de Sa Majest\u00e9 Din Dika Akwa, le Chef sup\u00e9rieur du Canton Bonambella-Akwa, ainsi que de nombreuses autorit\u00e9s administratives et du gotha \u00e9conomique.\u00a0<\/p>\n<p>Le nouveau b\u00e2timent de Carrefour Market, dress\u00e9 de fa\u00e7on majestueuse au lieu-dit \u00abAncien Dalip\u00bb, au c\u0153ur du quartier Akwa-Douala, a ouvert sa grande surface dans un contexte particulier marqu\u00e9 par la pand\u00e9mie du Covid-19. Pourtant, le projet est finalement arriv\u00e9 \u00e0 terme, \u00e0 la grande satisfaction \u00a0de Roger Mbassa Ndine, le Maire \u00a0de Douala, discoureur d\u2019ouverture: \u00abla mission de notre ex\u00e9cutif communautaire met un accent particulier depuis 6 mois, en droite ligne des dispositions du Code g\u00e9n\u00e9ral des collectivit\u00e9s territoriales d\u00e9centralis\u00e9es, sur la promotion des investissements priv\u00e9s dans l\u2019aire m\u00e9tropolitaine de Douala, comme vecteur majeur du d\u00e9veloppement et de la \u00e9conomique et de la cr\u00e9ation d\u2019emploi au sein de notre jeunesse. Nous voulons am\u00e9liorer la cr\u00e9ativit\u00e9 et la productivit\u00e9 de la ville de Douala\u00bb, s\u2019est exprim\u00e9 Roger Mbassa Ndine.<\/p>\n<p><strong>Lire aussi<\/strong> : <a href=\"https:\/\/ecomatin.net\/carrefour-market-va-ouvrir-un-nouveau-centre-commercial-a-douala\/\">Carrefour Market va ouvrir un nouveau centre commercial \u00e0 Douala<\/a><\/p>\n<p>La capitale \u00e9conomique du Cameroun conna\u00eet actuellement une grande mutation structurelle et infrastructurelle: construction des h\u00f4tels de luxe, r\u00e9fection de routes, \u00e9rection des march\u00e9s modernes, ou encore l\u2019\u00e9dification des centres commerciaux. La construction\u00a0\u00a0du Carrefour\u00a0Market Ancien Dalip a dur\u00e9, pour \u00a0se faire, 9 mois, d\u2019apr\u00e8s Luc Dumez,\u00a0le Directeur g\u00e9n\u00e9ral de Cfao Retail. Le nouveau centre commercial est b\u00e2ti sur une surface de 1100 m2, dont 700 m2 de surface de vente compos\u00e9e de 90% des produits locaux et du cru. Soit 10% \u00a0de produits de marque Carrefour: \u00able Cameroun est un pays cl\u00e9 dans la strat\u00e9gie Cfao Retail\u2026..Un travail important et valorisant a \u00e9t\u00e9 r\u00e9alis\u00e9. Nous en sommes tr\u00e8s fiers. Nous cherchons \u00e0 toujours mieux r\u00e9pondre aux attentes des clients, en termes de produits, de prix, de service. Nous souhaitons \u00e9galement renforcer les partenariats avec l\u2019ensemble des acteurs qui nous accompagnent. Plus pr\u00e9cis\u00e9ment, en mati\u00e8re \u00a0de produits locaux, nous avons un objectif tr\u00e8s clair. Plus d\u2019un tiers \u00a0de notre chiffre d\u2019affaires doit \u00eatre issu de l\u2019agriculture, de l\u2019\u00e9levage, des PME ou \u00a0de l\u2019industrie camerounaise\u00bb, explique Luc Demez. Pour son ravitaillement en produits locaux, Carrefour Market Ancien Dalip a sign\u00e9 des contrats avec plus de 400 producteurs locaux.\u00a0<\/p>\n<p><strong>Lire aussi<\/strong> : <a href=\"https:\/\/ecomatin.net\/grande-distribution-carrefour-poursuit-son-expansion-dans-la-ville-de-yaounde\/\">Grand distribution\u00a0: Carrefour poursuit son expansion dans la ville de Yaound\u00e9<\/a><\/p>\n<p>Le projet\u00a0Carrefour Market Ancien Dalip a effectivement mis un accent particulier sur la \u00abcamerounit\u00e9\u00bb: les 80 employ\u00e9s directs du nouveau centre commercial, form\u00e9s \u00e0 plus de 700 heures de pratiques \u00a0de m\u00e9tiers de la grande distribution,\u00a0sont tous des camerounais, \u00e0 l\u2019instar du Directeur g\u00e9n\u00e9ral de Carrefour Market Ancien Dalip,\u00a0Fabrice Tchoueff\u00e9. L\u2019immeuble abritant l\u2019hypermarch\u00e9 a \u00e9galement \u00e9t\u00e9 construit par des petites et moyennes entreprises camerounaises. Ce qui a particuli\u00e8rement attir\u00e9 l\u2019attention du ministre du commerce Luc Magloire Mbarga Atangana: \u00abCarrefour Market et Luc Demez ont su conqu\u00e9rir en quelques ann\u00e9es le c\u0153ur avec m\u00e9thode, avec d\u00e9termination, avec panache le c\u0153ur des consommateurs camerounais, ainsi que celui des fournisseurs, des producteurs et des entrepreneurs locaux faisant de l\u2019enseigne Carrefour Market, la r\u00e9f\u00e9rence des r\u00e9f\u00e9rences\u00bb. Sans manquer \u00a0de souligner \u00a0discours d\u2019inauguration que \u00abl\u2019av\u00e8nement de la grande distribution dans notre pays comporte des enjeux \u00e9conomiques majeurs tant en ce qui concerne la production locale, que pour ce qui est de la consommation des m\u00e9nages, et de la professionnalisation des m\u00e9tiers. Une vitrine de la production nationale, qu\u2019elle soit agro-pastorale, agro-industrielle ou\u00a0artisanale, un vecteur pour la promotion et la valorisation des produits estampill\u00e9s made in Cameroon\u00bb, a indiqu\u00e9 le membre du gouvernement.\u00a0<\/p>\n<p>Carrefour Market Ancien Dalip est un projet Cfao Retail en partenariat avec l\u2019entreprise SCI Le gendre, le propri\u00e9taire du b\u00e2timent achaland\u00e9. Le nouveau centre commercial offre 6 caisses, 40 places \u00a0de parking en sous-sol, 8000 produits r\u00e9f\u00e9renc\u00e9s etc\u2026..CFAO Retail est install\u00e9e au Cameroun depuis 2017. Luc Demez annonce imminente l\u2019ouverture officielle de l\u2019espace Carrefour Market du Grand mall de Douala. L\u2019inauguration du Carrefour Market Ancien Dalip succ\u00e8de \u00e0 celle de l\u2019enseigne \u00a0de Bonamoussadi le 1er d\u00e9cembre 2018, et de celle \u00a0de Yaound\u00e9 en 2017. La c\u00e9r\u00e9monie s\u2019est achev\u00e9e successivement par un rite inaugural dans la pure tradition Sawa, la coupure du ruban symbolique, puis la visite des chalands.<\/p>\n<p><strong>Lire aussi<\/strong> : <a href=\"https:\/\/ecomatin.net\/commerce-linstallation-du-distributeur-francais-carrefour-hypothequee\/\">Commerce l\u2019installation du distributeur fran\u00e7ais Carrefour hypoth\u00e9qu\u00e9e<\/a><\/p>\n<div class=\"awac-wrapper awac widget posts-list-widget-11\">\n<h4 class=\"widget-title\">Le plus r\u00e9cent<\/h4>\n<\/div>\n<p>Auteur: Eco Matin<br \/>\n<a href=\"https:\/\/ecomatin.net\/grande-distribution-carrefour-market-implante-son-deuxieme-centre-commercial-a-douala\/\">Cliquez ici pour lire l&rsquo;article depuis sa source.<\/a><\/p>\n","protected":false},"excerpt":{"rendered":"<p>Et de 3 pour Carrefour Market. Le groupe de grande distribution a inaugur\u00e9 un nouveau centre commercial \u00e0 Douala. Le second dans la capitale \u00e9conomique. La c\u00e9r\u00e9monie inaugurale pr\u00e9sid\u00e9e par le ministre du Commerce Luc Magloire Mbarga Atangana a connu la pr\u00e9sence de Marthe Ang\u00e9lique Mindja, la Directrice g\u00e9n\u00e9rale \u00a0de l\u2019Agence \u00a0de promotion des investissements [&hellip;]<\/p>\n","protected":false},"author":1969,"featured_media":0,"comment_status":"closed","ping_status":"closed","sticky":false,"template":"","format":"standard","meta":{"fifu_image_url":"","fifu_image_alt":"","footnotes":""},"categories":[82,78],"tags":[],"class_list":["post-99160","post","type-post","status-publish","format-standard","hentry","category-cameroun","category-economie"],"_links":{"self":[{"href":"https:\/\/linitiative.ca\/International\/wp-json\/wp\/v2\/posts\/99160","targetHints":{"allow":["GET"]}}],"collection":[{"href":"https:\/\/linitiative.ca\/International\/wp-json\/wp\/v2\/posts"}],"about":[{"href":"https:\/\/linitiative.ca\/International\/wp-json\/wp\/v2\/types\/post"}],"author":[{"embeddable":true,"href":"https:\/\/linitiative.ca\/International\/wp-json\/wp\/v2\/users\/1969"}],"replies":[{"embeddable":true,"href":"https:\/\/linitiative.ca\/International\/wp-json\/wp\/v2\/comments?post=99160"}],"version-history":[{"count":0,"href":"https:\/\/linitiative.ca\/International\/wp-json\/wp\/v2\/posts\/99160\/revisions"}],"wp:attachment":[{"href":"https:\/\/linitiative.ca\/International\/wp-json\/wp\/v2\/media?parent=99160"}],"wp:term":[{"taxonomy":"category","embeddable":true,"href":"https:\/\/linitiative.ca\/International\/wp-json\/wp\/v2\/categories?post=99160"},{"taxonomy":"post_tag","embeddable":true,"href":"https:\/\/linitiative.ca\/International\/wp-json\/wp\/v2\/tags?post=99160"}],"curies":[{"name":"wp","href":"https:\/\/api.w.org\/{rel}","templated":true}]}}