{"id":99161,"date":"2020-09-17T03:25:14","date_gmt":"2020-09-17T07:25:14","guid":{"rendered":"https:\/\/linitiative.ca\/International\/pour-aminatou-ahidjo-sa-mere-germaine-ne-se-plaint-pas\/"},"modified":"2020-09-17T03:25:14","modified_gmt":"2020-09-17T07:25:14","slug":"pour-aminatou-ahidjo-sa-mere-germaine-ne-se-plaint-pas","status":"publish","type":"post","link":"https:\/\/linitiative.ca\/International\/pour-aminatou-ahidjo-sa-mere-germaine-ne-se-plaint-pas\/","title":{"rendered":"Pour Aminatou Ahidjo, sa m\u00e8re Germaine ne se plaint pas"},"content":{"rendered":"<div class=\"featured-area featured-area-inner\"><img loading=\"lazy\" decoding=\"async\" width=\"2560\" height=\"1702\" src=\"https:\/\/ecomatin.net\/wp-content\/uploads\/2020\/09\/Aminatou-Ahidjo-scaled.jpg\" class=\"attachment-full size-full wp-post-image\" alt=\"\" srcset=\"https:\/\/ecomatin.net\/wp-content\/uploads\/2020\/09\/Aminatou-Ahidjo-scaled.jpg 2560w, https:\/\/ecomatin.net\/wp-content\/uploads\/2020\/09\/Aminatou-Ahidjo-300x199.jpg 300w, https:\/\/ecomatin.net\/wp-content\/uploads\/2020\/09\/Aminatou-Ahidjo-1024x681.jpg 1024w, https:\/\/ecomatin.net\/wp-content\/uploads\/2020\/09\/Aminatou-Ahidjo-768x511.jpg 768w, https:\/\/ecomatin.net\/wp-content\/uploads\/2020\/09\/Aminatou-Ahidjo-1536x1021.jpg 1536w, https:\/\/ecomatin.net\/wp-content\/uploads\/2020\/09\/Aminatou-Ahidjo-2048x1362.jpg 2048w, https:\/\/ecomatin.net\/wp-content\/uploads\/2020\/09\/Aminatou-Ahidjo-600x399.jpg 600w\" sizes=\"auto, (max-width: 2560px) 100vw, 2560px\" data-attachment-id=\"18531\" data-permalink=\"https:\/\/ecomatin.net\/pour-aminatou-ahidjo-sa-mere-germaine-ne-se-plaint-pas\/aminatou-ahidjo-2\/\" data-orig-file=\"https:\/\/ecomatin.net\/wp-content\/uploads\/2020\/09\/Aminatou-Ahidjo-scaled.jpg\" data-orig-size=\"2560,1702\" data-comments-opened=\"0\" data-image-meta=\"{&quot;aperture&quot;:&quot;0&quot;,&quot;credit&quot;:&quot;&quot;,&quot;camera&quot;:&quot;&quot;,&quot;caption&quot;:&quot;&quot;,&quot;created_timestamp&quot;:&quot;0&quot;,&quot;copyright&quot;:&quot;&quot;,&quot;focal_length&quot;:&quot;0&quot;,&quot;iso&quot;:&quot;0&quot;,&quot;shutter_speed&quot;:&quot;0&quot;,&quot;title&quot;:&quot;&quot;,&quot;orientation&quot;:&quot;0&quot;}\" data-image-title=\"Aminatou Ahidjo\" data-image-description=\"\" data-medium-file=\"https:\/\/ecomatin.net\/wp-content\/uploads\/2020\/09\/Aminatou-Ahidjo-300x199.jpg\" data-large-file=\"https:\/\/ecomatin.net\/wp-content\/uploads\/2020\/09\/Aminatou-Ahidjo-1024x681.jpg\"\/><\/div>\n<div class=\"entry-content entry clearfix\" readability=\"29.895486935867\">\n<p>\u00ab\u00a0Une camerounaise a cru devoir attirer l\u2019attention sur madame Germaine Habiba Ahidjo, ma m\u00e8re. Cette initiative aussi louable qu\u2019elle soit n\u2019engage que son auteur et n\u2019a jamais re\u00e7u l\u2019approbation de notre maman\u00a0\u00bb, peut-on lire dans la lettre publi\u00e9e ce 16 septembre par Aminatou Ahidjo, fille de l\u2019ancien pr\u00e9sident de la R\u00e9publique Amadou Ahidjo.<\/p>\n<p><strong>Lire aussi<\/strong> : <a href=\"https:\/\/ecomatin.net\/le-coronavirus-fait-baisser-de-25-le-budget-du-palais-des-congres\/\">Le Coronavirus fait baisser de 25% le budget du Palais des congr\u00e8s<\/a><\/p>\n<p>Cette sortie intervient apr\u00e8s celle de l\u2019avocate Me Alice Nkom, qui avait r\u00e9dig\u00e9 \u00e0 l\u2019attention de la premi\u00e8re dame Chantal Biya, une lettre ouverte dans le cadre d\u2019un \u00ab\u00a0plaidoyer pour le paiement des droits des pensions de pension de ta maman Germaine Ahidjo en qualit\u00e9 de veuve d\u2019ancien pr\u00e9sident de la R\u00e9publique\u00a0\u00bb. Lettre dans laquelle, Alice Nkom r\u00e9v\u00e9lait les soucis de sant\u00e9 de Germaine Ahidjo et le fait que cette derni\u00e8re depuis la mort de son mari n\u2019avait jamais per\u00e7u \u00ab\u00a0un seul Franc CFA de ce qu\u2019elle devrait avoir en sa qualit\u00e9 d\u2019ancienne premi\u00e8re dame du Cameroun\u00a0\u00bb.<\/p>\n<p><strong>Lire aussi<\/strong> : <a href=\"https:\/\/ecomatin.net\/grand-dialogue-national-ce-que-pense-la-fille-de-lancien-chef-de-letat-ahmadou-ahidjo\/\">Grand dialogue national\u00a0: ce que pense la fille de l\u2019ancien chef de l\u2019Etat Ahmadou Ahidjo<\/a><\/p>\n<p>\u00ab\u00a0Madame Germaine Habiba Ahidjo a toujours v\u00e9cu dans la discr\u00e9tion et aspire \u00e0 continuer \u00e0 vivre dignement. A son \u00e2ge, il est normal qu\u2019elle ait des soucis de sant\u00e9. Sa grande famille et ses proches l\u2019entourent pour l\u2019aider \u00e0 les surmonter et s\u2019assurent qu\u2019elle re\u00e7oit les soins dont elle a besoin\u00a0\u00bb, poursuit Aminatou Ahidjo.<\/p>\n<div class=\"awac-wrapper awac widget posts-list-widget-11\">\n<h4 class=\"widget-title\">Le plus r\u00e9cent<\/h4>\n<\/div>\n<\/div>\n<p>Auteur: Eco Matin<br \/>\n<a href=\"https:\/\/ecomatin.net\/pour-aminatou-ahidjo-sa-mere-germaine-ne-se-plaint-pas\/\">Cliquez ici pour lire l&rsquo;article depuis sa source.<\/a><\/p>\n","protected":false},"excerpt":{"rendered":"<p>\u00ab\u00a0Une camerounaise a cru devoir attirer l\u2019attention sur madame Germaine Habiba Ahidjo, ma m\u00e8re. Cette initiative aussi louable qu\u2019elle soit n\u2019engage que son auteur et n\u2019a jamais re\u00e7u l\u2019approbation de notre maman\u00a0\u00bb, peut-on lire dans la lettre publi\u00e9e ce 16 septembre par Aminatou Ahidjo, fille de l\u2019ancien pr\u00e9sident de la R\u00e9publique Amadou Ahidjo. Lire aussi [&hellip;]<\/p>\n","protected":false},"author":1969,"featured_media":99162,"comment_status":"closed","ping_status":"closed","sticky":false,"template":"","format":"standard","meta":{"fifu_image_url":"","fifu_image_alt":"","footnotes":""},"categories":[82,78],"tags":[],"class_list":["post-99161","post","type-post","status-publish","format-standard","has-post-thumbnail","hentry","category-cameroun","category-economie"],"_links":{"self":[{"href":"https:\/\/linitiative.ca\/International\/wp-json\/wp\/v2\/posts\/99161","targetHints":{"allow":["GET"]}}],"collection":[{"href":"https:\/\/linitiative.ca\/International\/wp-json\/wp\/v2\/posts"}],"about":[{"href":"https:\/\/linitiative.ca\/International\/wp-json\/wp\/v2\/types\/post"}],"author":[{"embeddable":true,"href":"https:\/\/linitiative.ca\/International\/wp-json\/wp\/v2\/users\/1969"}],"replies":[{"embeddable":true,"href":"https:\/\/linitiative.ca\/International\/wp-json\/wp\/v2\/comments?post=99161"}],"version-history":[{"count":0,"href":"https:\/\/linitiative.ca\/International\/wp-json\/wp\/v2\/posts\/99161\/revisions"}],"wp:featuredmedia":[{"embeddable":true,"href":"https:\/\/linitiative.ca\/International\/wp-json\/"}],"wp:attachment":[{"href":"https:\/\/linitiative.ca\/International\/wp-json\/wp\/v2\/media?parent=99161"}],"wp:term":[{"taxonomy":"category","embeddable":true,"href":"https:\/\/linitiative.ca\/International\/wp-json\/wp\/v2\/categories?post=99161"},{"taxonomy":"post_tag","embeddable":true,"href":"https:\/\/linitiative.ca\/International\/wp-json\/wp\/v2\/tags?post=99161"}],"curies":[{"name":"wp","href":"https:\/\/api.w.org\/{rel}","templated":true}]}}