{"id":99163,"date":"2020-09-17T09:27:08","date_gmt":"2020-09-17T13:27:08","guid":{"rendered":"https:\/\/linitiative.ca\/International\/ordre-national-des-pharmaciens-divisions-larvees-au-sein-du-conseil\/"},"modified":"2020-09-17T09:27:08","modified_gmt":"2020-09-17T13:27:08","slug":"ordre-national-des-pharmaciens-divisions-larvees-au-sein-du-conseil","status":"publish","type":"post","link":"https:\/\/linitiative.ca\/International\/ordre-national-des-pharmaciens-divisions-larvees-au-sein-du-conseil\/","title":{"rendered":"Ordre national des pharmaciens : divisions larv\u00e9es au sein du Conseil"},"content":{"rendered":"<p>L\u2019ambiance au sein du Conseil national de l\u2019ordre des pharmaciens du Cameroun (Cnopc) devient au fil des jours conflictuelle au regard des derniers d\u00e9veloppements constat\u00e9s. La tenue d\u2019une Assembl\u00e9e g\u00e9n\u00e9rale extraordinaire \u00e9lective (Agee) divise profond\u00e9ment les tendances fratricides de l\u2019industrie pharmaceutique du Cameroun. Dans un r\u00f4le trouble, le gouvernement qui man\u0153uvre en coulisse. Pr\u00e9vue pour le 28 ao\u00fbt 2020, l\u2019Agee du Cnopc n\u2019a malheureusement pu se tenir. Pour cause, un grand conflit juridico-administratif entre divers int\u00e9r\u00eats. Le bureau sortant du Conseil national de l\u2019ordre des pharmaciens du Cameroun, dont le mandat est arriv\u00e9 \u00e0 terme depuis 2018, a en effet \u00e9t\u00e9 confront\u00e9 \u00e0 une farouche r\u00e9sistance de nouveaux challengers au fauteuil de pr\u00e9sident du Conseil, dans un imbroglio administratif entretenu par le Minist\u00e8re de la sant\u00e9.\u00a0<\/p>\n<p>De bonne source, \u00a0Entre novembre 2019 et f\u00e9vrier 2020, le bureau sortant a propos\u00e9 plusieurs dates au ministre de la Sant\u00e9 pour l\u2019organisation de l\u2019Agee, tr\u00e8s convoit\u00e9e: \u00abpour une raison que nous ignorons, ce dernier n\u2019a donn\u00e9 suite \u00e0 aucune de ces correspondances \u00bb, rapporte-t-elle. Rendu au 17 septembre 2020, l\u2019Assembl\u00e9e g\u00e9n\u00e9rale extraordinaire \u00e9lective du Cnopc n\u2019a toujours pas eu lieu, malgr\u00e9 les d\u00e9marches pr\u00e9paratoires exerc\u00e9es par le bureau sortant aupr\u00e8s de Manaouda Malachie. Par deux correspondances, le ministre de la sant\u00e9 a pourtant rendu deux actes d\u00e9cisifs: celui du 6 juillet 2020 fixant les modalit\u00e9s de substitution du Minsant\u00e9 en Conseil de l\u2019Ordre, et celui instituant et constatant la composition de la commission ad hoc charg\u00e9e de l\u2019organisation de l\u2019Assembl\u00e9e extraordinaire \u00e9lective du Cnopc. Commission ad hoc pr\u00e9sid\u00e9e par le ministre de la sant\u00e9.<\/p>\n<p><strong>Lire aussi<\/strong> : <a href=\"https:\/\/ecomatin.net\/de-nouveaux-dirigeants-a-la-cename\/\">De nouveaux dirigeants \u00e0 la Cename<\/a><\/p>\n<p>Pour cela, il s\u2019est appuy\u00e9 entre autres, sur la loi du 10 ao\u00fbt 1990 relative \u00e0 l\u2019exercice et \u00e0 l\u2019organisation de la profession de pharmacien, sur le d\u00e9cret du 17 juillet 1992 \u00a0fixant les modalit\u00e9s d\u2019application de certaines dispositions de la loi du 10 ao\u00fbt 1990 relative \u00e0 l\u2019exercice et \u00e0 l\u2019organisation de la profession de pharmacien. Les d\u00e9cisions du Ministre de la sant\u00e9 ont tout de suite provoqu\u00e9 une vive r\u00e9action \u00a0au sein du Cnopc conduit par le Pr. Prosper Hiag. Accusant Manaouda Malachie \u00abd\u2019ing\u00e9rence et de tentative de substitution du minist\u00e8re de la sant\u00e9 aux organes du Conseil\u00bb. En r\u00e9action, le Cnopc a op\u00e9r\u00e9 saisine aupr\u00e8s du Tribunal administratif de Yaound\u00e9-Centre pour suspension des deux d\u00e9cisions \u00e0 pol\u00e9mique.<\/p>\n<p>Face \u00e0 la pression exerc\u00e9e par le bureau sortant du Conseil de l\u2019Onpc, le ministre de la sant\u00e9 rendra le 13 ao\u00fbt 2020, contre toute attente, un communiqu\u00e9 indiquant que \u00ab le processus d\u2019\u00e9lection des membres du bureau du Conseil de l\u2019Ordre national des pharmaciens du Cameroun que se proposait d\u2019organiser un comit\u00e9 ad hoc mis en place par le ministre de la sant\u00e9 publique est suspendu \u00bb. R\u00e9it\u00e9rant \u00e0 travers le m\u00eame communiqu\u00e9, \u00ab son engagement pour que r\u00e8gne au sein de la profession des pharmaciens une atmosph\u00e8re de paix et de qui\u00e9tude \u00bb.<\/p>\n<p><strong>Lire aussi<\/strong> : <a href=\"https:\/\/ecomatin.net\/securite-sociale-sante-universelle-cameroun-s-a-signe-le-contrat-de-la-csu\/\">S\u00e9curit\u00e9 sociale\u00a0: Sant\u00e9 universelle Cameroun S.A. signe le contrat de la CSU<\/a><\/p>\n<p>Nous apprendrons dans les coulisses de ce dossier, l\u2019intervention d\u00e9cisive du Premier Ministre Joseph Dion Ngute, saisit par le bureau sortant. Certains y voient d\u2019ailleurs, l\u2019\u00e9chec patent d\u2019une machination savamment orchestr\u00e9e pour adouber les challengers \u00a0du bureau sortant: le Dr. Samson Mauricet Ndombo Koki, le Dr. Franck Sambou, le Dr. Edgard Eteme Ndongo, et le Dr. Thomas Lapnet Moustapha. Tous contre le Dr. Prosper Hiag, le pr\u00e9sident sortant du Conseil de l\u2019ordre, le Dr. Christophe Ampoan, le vice-pr\u00e9sident, et le Dr. Paulette Yissibi, la secr\u00e9taire g\u00e9n\u00e9rale.\u00a0<\/p>\n<p>Le Dr. Prosper Hiag persiste et signe dans un communiqu\u00e9 du 28 ao\u00fbt 2020 adress\u00e9 \u00e0 tous les pharmaciens inscrits au tableau de l\u2019ordre: \u00able Cnopc r\u00e9affirme sa volont\u00e9 d\u2019organiser lesdites \u00e9lections conform\u00e9ment aux textes de base de notre profession, notamment notre r\u00e8glement int\u00e9rieur en vigueur, toujours en collaboration avec notre tutelle dans le respect non seulement de nos textes, mais \u00e9galement de l\u2019ind\u00e9pendance de la profession \u00bb. Tr\u00e8s attendue, la non-objection de Manaouda Malachie, tutelle technique et administrative du Cnopc.<\/p>\n<p>La bataille larv\u00e9e entre les deux factions a r\u00e9cemment atteint un nouveau palier. Alors que le camp sortant propose la date du 18 d\u00e9cembre 2020 pour l\u2019organisation de l\u2019Agee, la faction oppos\u00e9e brandit opte plut\u00f4t pour une assembl\u00e9e g\u00e9n\u00e9rale extraordinaire \u00e9lective au plus tard fin octobre. La guerre fratricide au sein du Conseil de l\u2019ordre des pharmaciens du Cameroun tire ses sources des vell\u00e9it\u00e9s \u00a0de contr\u00f4le de l\u2019\u00e9conomie de la pharmacie, mais surtout de la prochaine entr\u00e9e en vigueur de la Couverture sant\u00e9 universelle (Csu) au Cameroun.<\/p>\n<p><strong>Lire aussi<\/strong> : <a href=\"https:\/\/ecomatin.net\/372-milliards-de-fcfa-de-produits-pharmaceutiques-importes-entre-2015-et-2019\/\">372 milliards de FCFA de produits pharmaceutiques import\u00e9s entre 2015 et 2019<\/a><\/p>\n<div class=\"awac-wrapper awac widget posts-list-widget-11\">\n<h4 class=\"widget-title\">Le plus r\u00e9cent<\/h4>\n<\/div>\n<p>Auteur: Eco Matin<br \/>\n<a href=\"https:\/\/ecomatin.net\/ordre-national-des-pharmaciens-divisions-larvees-au-sein-du-conseil\/\">Cliquez ici pour lire l&rsquo;article depuis sa source.<\/a><\/p>\n","protected":false},"excerpt":{"rendered":"<p>L\u2019ambiance au sein du Conseil national de l\u2019ordre des pharmaciens du Cameroun (Cnopc) devient au fil des jours conflictuelle au regard des derniers d\u00e9veloppements constat\u00e9s. La tenue d\u2019une Assembl\u00e9e g\u00e9n\u00e9rale extraordinaire \u00e9lective (Agee) divise profond\u00e9ment les tendances fratricides de l\u2019industrie pharmaceutique du Cameroun. Dans un r\u00f4le trouble, le gouvernement qui man\u0153uvre en coulisse. Pr\u00e9vue pour [&hellip;]<\/p>\n","protected":false},"author":1969,"featured_media":0,"comment_status":"closed","ping_status":"closed","sticky":false,"template":"","format":"standard","meta":{"fifu_image_url":"","fifu_image_alt":"","footnotes":""},"categories":[82,78],"tags":[],"class_list":["post-99163","post","type-post","status-publish","format-standard","hentry","category-cameroun","category-economie"],"_links":{"self":[{"href":"https:\/\/linitiative.ca\/International\/wp-json\/wp\/v2\/posts\/99163","targetHints":{"allow":["GET"]}}],"collection":[{"href":"https:\/\/linitiative.ca\/International\/wp-json\/wp\/v2\/posts"}],"about":[{"href":"https:\/\/linitiative.ca\/International\/wp-json\/wp\/v2\/types\/post"}],"author":[{"embeddable":true,"href":"https:\/\/linitiative.ca\/International\/wp-json\/wp\/v2\/users\/1969"}],"replies":[{"embeddable":true,"href":"https:\/\/linitiative.ca\/International\/wp-json\/wp\/v2\/comments?post=99163"}],"version-history":[{"count":0,"href":"https:\/\/linitiative.ca\/International\/wp-json\/wp\/v2\/posts\/99163\/revisions"}],"wp:attachment":[{"href":"https:\/\/linitiative.ca\/International\/wp-json\/wp\/v2\/media?parent=99163"}],"wp:term":[{"taxonomy":"category","embeddable":true,"href":"https:\/\/linitiative.ca\/International\/wp-json\/wp\/v2\/categories?post=99163"},{"taxonomy":"post_tag","embeddable":true,"href":"https:\/\/linitiative.ca\/International\/wp-json\/wp\/v2\/tags?post=99163"}],"curies":[{"name":"wp","href":"https:\/\/api.w.org\/{rel}","templated":true}]}}