{"id":99164,"date":"2020-09-17T13:49:41","date_gmt":"2020-09-17T17:49:41","guid":{"rendered":"https:\/\/linitiative.ca\/International\/projet-dassainissement-de-la-ville-de-yaounde-la-phase-2-bientot-auditee\/"},"modified":"2020-09-17T13:49:41","modified_gmt":"2020-09-17T17:49:41","slug":"projet-dassainissement-de-la-ville-de-yaounde-la-phase-2-bientot-auditee","status":"publish","type":"post","link":"https:\/\/linitiative.ca\/International\/projet-dassainissement-de-la-ville-de-yaounde-la-phase-2-bientot-auditee\/","title":{"rendered":"Projet d\u2019assainissement de la ville de Yaound\u00e9 : la phase 2 bient\u00f4t audit\u00e9e"},"content":{"rendered":"<p>Le maire de la ville de Yaound\u00e9, Luc Messi Atangana a lanc\u00e9 un avis \u00e0 manifestation pour le recrutement de bureaux devant effectuer l\u2019audit comptable et financier des exercices 2019,2020 et 2021 de la deuxi\u00e8me phase du Projet d\u2019assainissement de la ville de Yaound\u00e9 (Pady 2). Le financement de ces prestations proviendra des pr\u00eats accord\u00e9s par le Fonds Africain de D\u00e9veloppement (FAD) et de l\u2019Agence Fran\u00e7aise de D\u00e9veloppement (AFD), ainsi qu\u2019un don du Fonds pour l\u2019Environnement Mondial (FEM) pour couvrir le co\u00fbt total du Pady 2.<\/p>\n<p>Selon le communiqu\u00e9 du Maire de la ville de Yaound\u00e9, les crit\u00e8res d\u2019\u00e9ligibilit\u00e9, l\u2019\u00e9tablissement de la liste restreinte et la proc\u00e9dure de s\u00e9lection seront conformes aux \u00ab\u00a0r\u00e8gles et proc\u00e9dures pour utilisation des consultants\u00a0\u00bb de la Banque Africaine de D\u00e9veloppement, \u00e9dition de mai 2008 r\u00e9vis\u00e9e en juillet 2012.<\/p>\n<p><strong>Lire aussi<\/strong> : <a href=\"https:\/\/ecomatin.net\/le-coronavirus-fait-perdre-5-milliards-de-f-de-recettes-a-la-mairie-de-yaounde\/\">Le coronavirus fait perdre 5 milliards de F de recette \u00e0 la mairie de Yaound\u00e9<\/a><\/p>\n<p>Indiquons que le Projet d\u2019assainissement de la ville de Yaound\u00e9 (Pady), est l\u2019une des actions d\u2019adaptation et de r\u00e9silience aux changements climatiques. Il est cofinanc\u00e9 par le Fonds Africain de D\u00e9veloppement (FAD), l\u2019Agence Fran\u00e7aise de D\u00e9veloppement (AFD) et le Fonds pour l\u2019Environnement Mondial. Ses objectifs sont notamment la r\u00e9solution des probl\u00e8mes d\u2019inondation dans le centre-ville, l\u2019am\u00e9lioration du cadre de vie des populations et le renforcement des capacit\u00e9s des parties prenantes du secteur de l\u2019assainissement.<\/p>\n<p>Sa premi\u00e8re phase qui s\u2019est tenue d\u2019ao\u00fbt 2006 \u00e0 ao\u00fbt 2018 avait permis d\u2019am\u00e9nager 20% du lin\u00e9aire du cours d\u2019eau principal de Yaound\u00e9 qu\u2019est le Mfoundi et de ses quatre affluents qui traversent la ville\u00a0; de baisser les taux de pr\u00e9valence des maladies hydriques cons\u00e9cutives aux fr\u00e9quentes inondations que sont le paludisme, la typho\u00efde et la diarrh\u00e9e, respectivement de 47%, 47% et 36%, au cours de la p\u00e9riode 2007 -2011\u00a0; de baisser la fr\u00e9quence des inondations dans le centre-ville, quittant de 15 \u00e0 3 inondations par an, entre 2006 et 2011 entre autres.<\/p>\n<p>La deuxi\u00e8me phase dont il est question dans l\u2019appel \u00e0 manifestation, a d\u00e9marr\u00e9 quant-\u00e0-elle le 14 novembre 2018 et cours sur 4 ans, pour un montant de 917,5 millions d\u2019euros soit 601,8 milliards de FCFA. Pour cette deuxi\u00e8me phase, il sera question d\u2019am\u00e9nager le lin\u00e9aire restant du Mfoundi, en renfor\u00e7ant ainsi les impacts positifs de la premi\u00e8re phase aux plans de la sant\u00e9 et de la r\u00e9duction de la pauvret\u00e9 urbaine.<\/p>\n<p><strong>Lire aussi<\/strong> : <a href=\"https:\/\/ecomatin.net\/luc-messi-atangana-premier-maire-de-la-ville-de-yaounde\/\">Luc Messi Atangana, premier maire de la ville de Yaound\u00e9<\/a><\/p>\n<div class=\"awac-wrapper awac widget posts-list-widget-11\">\n<h4 class=\"widget-title\">Le plus r\u00e9cent<\/h4>\n<\/div>\n<p>Auteur: Eco Matin<br \/>\n<a href=\"https:\/\/ecomatin.net\/projet-dassainissement-de-la-ville-de-yaounde-la-phase-2-bientot-auditee\/\">Cliquez ici pour lire l&rsquo;article depuis sa source.<\/a><\/p>\n","protected":false},"excerpt":{"rendered":"<p>Le maire de la ville de Yaound\u00e9, Luc Messi Atangana a lanc\u00e9 un avis \u00e0 manifestation pour le recrutement de bureaux devant effectuer l\u2019audit comptable et financier des exercices 2019,2020 et 2021 de la deuxi\u00e8me phase du Projet d\u2019assainissement de la ville de Yaound\u00e9 (Pady 2). Le financement de ces prestations proviendra des pr\u00eats accord\u00e9s [&hellip;]<\/p>\n","protected":false},"author":1969,"featured_media":0,"comment_status":"closed","ping_status":"closed","sticky":false,"template":"","format":"standard","meta":{"fifu_image_url":"","fifu_image_alt":"","footnotes":""},"categories":[82,78],"tags":[],"class_list":["post-99164","post","type-post","status-publish","format-standard","hentry","category-cameroun","category-economie"],"_links":{"self":[{"href":"https:\/\/linitiative.ca\/International\/wp-json\/wp\/v2\/posts\/99164","targetHints":{"allow":["GET"]}}],"collection":[{"href":"https:\/\/linitiative.ca\/International\/wp-json\/wp\/v2\/posts"}],"about":[{"href":"https:\/\/linitiative.ca\/International\/wp-json\/wp\/v2\/types\/post"}],"author":[{"embeddable":true,"href":"https:\/\/linitiative.ca\/International\/wp-json\/wp\/v2\/users\/1969"}],"replies":[{"embeddable":true,"href":"https:\/\/linitiative.ca\/International\/wp-json\/wp\/v2\/comments?post=99164"}],"version-history":[{"count":0,"href":"https:\/\/linitiative.ca\/International\/wp-json\/wp\/v2\/posts\/99164\/revisions"}],"wp:attachment":[{"href":"https:\/\/linitiative.ca\/International\/wp-json\/wp\/v2\/media?parent=99164"}],"wp:term":[{"taxonomy":"category","embeddable":true,"href":"https:\/\/linitiative.ca\/International\/wp-json\/wp\/v2\/categories?post=99164"},{"taxonomy":"post_tag","embeddable":true,"href":"https:\/\/linitiative.ca\/International\/wp-json\/wp\/v2\/tags?post=99164"}],"curies":[{"name":"wp","href":"https:\/\/api.w.org\/{rel}","templated":true}]}}