{"id":99165,"date":"2020-09-17T14:05:51","date_gmt":"2020-09-17T18:05:51","guid":{"rendered":"https:\/\/linitiative.ca\/International\/cameroun-facebook-applique-une-tva-de-1925-sur-la-vente-des-publicites\/"},"modified":"2020-09-17T14:05:51","modified_gmt":"2020-09-17T18:05:51","slug":"cameroun-facebook-applique-une-tva-de-1925-sur-la-vente-des-publicites","status":"publish","type":"post","link":"https:\/\/linitiative.ca\/International\/cameroun-facebook-applique-une-tva-de-1925-sur-la-vente-des-publicites\/","title":{"rendered":"Cameroun: Facebook applique une TVA de 19,25 % sur la vente des publicit\u00e9s"},"content":{"rendered":"<p>Une TVA de 19,25% s\u2019appliquera d\u00e9sormais \u00e0 la publicit\u00e9 Facebook au Cameroun. L\u2019annonce est contenue dans un communiqu\u00e9 de Facebook Business de ce 17 septembre. \u00ab\u00a0En raison de l\u2019introduction d\u2019une taxe sur la valeur ajout\u00e9e (TVA) au Cameroun, Facebook doit facturer la TVA sur la vente de publicit\u00e9s \u00e0 tous les annonceurs au Cameroun. Tous les annonceurs dont le pays de l\u2019entreprises est le Cameroun se verront facturer une TVA suppl\u00e9mentaire de 19,25% sur les services publicitaires achet\u00e9s \u00e0 partir du 1<sup>er<\/sup>\u00a0octobre 2020\u00a0\u00bb, peut-on lire.<\/p>\n<p>Ceci signifie tout simplement que les annonceurs devront tenir en compte cette nouvelle taxe lors de la r\u00e9alisation de leur budget publicitaire sur ce r\u00e9seau social. L\u2019\u00e9quation est simple\u00a0: \u00ab\u00a0si la somme de 100\u00a0\u20ac vous a \u00e9t\u00e9 factur\u00e9e parce que vous avez atteint votre seuil de facturation de 100\u00a0\u20ac, le sous-total factur\u00e9 sera de 100\u00a0\u20ac en co\u00fbts publicitaires, avec en plus une TVA \u00e0 19,25\u00a0% qui sera ajout\u00e9e \u00e0 ce montant, pour avoir une facture totale s\u2019\u00e9levant \u00e0 119,25\u00a0\u20ac\u00a0\u00bb.<\/p>\n<p><strong>Lire aussi<\/strong> : <a href=\"https:\/\/ecomatin.net\/cameroun-une-trentaine-de-comptes-facebook-et-twitter-des-ministeres-certifies-par-lantic\/\">Cameroun\u00a0: une trentaine de comptes Facebook et Twitter des minist\u00e8res certifi\u00e9s par l\u2019Antic<\/a><\/p>\n<p>Plus concr\u00e8tement, Facebook indique que \u00ab\u00a0La TVA est appliqu\u00e9e lorsque vos publicit\u00e9s vous sont factur\u00e9es, que vous achetiez des publicit\u00e9s Facebook \u00e0 des fins commerciales ou personnelles. Puisque la TVA s\u2019ajoute aux frais, vous n\u2019atteindrez pas votre seuil de facturation plus rapidement, mais vous devrez peut-\u00eatre payer des frais sup\u00e9rieurs au montant de votre seuil de facturation\u00a0\u00bb.<\/p>\n<p>Facebook indique \u00e9galement que tous les annonceurs et abonn\u00e9s sollicitant les services publicitaires ne sont pas oblig\u00e9s de saisir un num\u00e9ro d\u2019identification fiscale camerounais. \u00ab\u00a0<em>Cependant, si vous \u00eates inscrit \u00e0 la TVA et que vous fournissez votre num\u00e9ro d\u2019identification fiscale, votre num\u00e9ro d\u2019identification fiscale appara\u00eetra sur vos re\u00e7us d\u2019annonces. Cela peut vous aider \u00e0 r\u00e9cup\u00e9rer la TVA que vous avez pay\u00e9e aux autorit\u00e9s fiscales camerounaises si vous \u00eates une entreprise immatricul\u00e9e \u00e0 la TVA au Cameroun<\/em>\u00a0\u00bb, renseigne-t-il.<\/p>\n<p>Notons que la TVA appliqu\u00e9e sur les publicit\u00e9s Facebook varie en fonction des pays et \u00e0 des taux diff\u00e9rents. En Afrique du Sud par exemple, elle est effective depuis le 1<sup>er<\/sup>\u00a0mai 2019, \u00e0 hauteur de 15%.<\/p>\n<p><strong>Lire aussi<\/strong> : <a href=\"https:\/\/ecomatin.net\/cable-sous-marin-2africa-facebook-exclu-le-cameroun\/\">C\u00e2ble sous-marin\u00a02Africa\u00a0: Facebook exclu le Cameroun<\/a><\/p>\n<p>Une taxe similaire\u00a0dite\u00a0taxe GAFA\u00a0(sur les services num\u00e9riques), existe en France et s\u2019applique aux entreprises du num\u00e9rique exer\u00e7ant trois types d\u2019activit\u00e9 que sont la publicit\u00e9 cibl\u00e9e en ligne, la vente de donn\u00e9es personnelles \u00e0 des fins publicitaires et des activit\u00e9s de plateformes d\u2019interm\u00e9diation. Elle fait l\u2019objet d\u2019une bataille juridique et commerciale avec les Etats-Unis.<\/p>\n<div class=\"awac-wrapper awac widget posts-list-widget-11\">\n<h4 class=\"widget-title\">Le plus r\u00e9cent<\/h4>\n<\/div>\n<p>Auteur: Eco Matin<br \/>\n<a href=\"https:\/\/ecomatin.net\/cameroun-facebook-augmente-la-publicite-dune-tva-de-1925\/\">Cliquez ici pour lire l&rsquo;article depuis sa source.<\/a><\/p>\n","protected":false},"excerpt":{"rendered":"<p>Une TVA de 19,25% s\u2019appliquera d\u00e9sormais \u00e0 la publicit\u00e9 Facebook au Cameroun. L\u2019annonce est contenue dans un communiqu\u00e9 de Facebook Business de ce 17 septembre. \u00ab\u00a0En raison de l\u2019introduction d\u2019une taxe sur la valeur ajout\u00e9e (TVA) au Cameroun, Facebook doit facturer la TVA sur la vente de publicit\u00e9s \u00e0 tous les annonceurs au Cameroun. Tous [&hellip;]<\/p>\n","protected":false},"author":1969,"featured_media":0,"comment_status":"closed","ping_status":"closed","sticky":false,"template":"","format":"standard","meta":{"fifu_image_url":"","fifu_image_alt":"","footnotes":""},"categories":[82,78],"tags":[],"class_list":["post-99165","post","type-post","status-publish","format-standard","hentry","category-cameroun","category-economie"],"_links":{"self":[{"href":"https:\/\/linitiative.ca\/International\/wp-json\/wp\/v2\/posts\/99165","targetHints":{"allow":["GET"]}}],"collection":[{"href":"https:\/\/linitiative.ca\/International\/wp-json\/wp\/v2\/posts"}],"about":[{"href":"https:\/\/linitiative.ca\/International\/wp-json\/wp\/v2\/types\/post"}],"author":[{"embeddable":true,"href":"https:\/\/linitiative.ca\/International\/wp-json\/wp\/v2\/users\/1969"}],"replies":[{"embeddable":true,"href":"https:\/\/linitiative.ca\/International\/wp-json\/wp\/v2\/comments?post=99165"}],"version-history":[{"count":0,"href":"https:\/\/linitiative.ca\/International\/wp-json\/wp\/v2\/posts\/99165\/revisions"}],"wp:attachment":[{"href":"https:\/\/linitiative.ca\/International\/wp-json\/wp\/v2\/media?parent=99165"}],"wp:term":[{"taxonomy":"category","embeddable":true,"href":"https:\/\/linitiative.ca\/International\/wp-json\/wp\/v2\/categories?post=99165"},{"taxonomy":"post_tag","embeddable":true,"href":"https:\/\/linitiative.ca\/International\/wp-json\/wp\/v2\/tags?post=99165"}],"curies":[{"name":"wp","href":"https:\/\/api.w.org\/{rel}","templated":true}]}}