{"id":99176,"date":"2020-09-18T13:03:41","date_gmt":"2020-09-18T17:03:41","guid":{"rendered":"https:\/\/linitiative.ca\/International\/le-roman-el-kasr-siret-daftar-menssi-laureat-du-prix-nibras-de-la-creativite-litteraire\/"},"modified":"2020-09-18T13:03:41","modified_gmt":"2020-09-18T17:03:41","slug":"le-roman-el-kasr-siret-daftar-menssi-laureat-du-prix-nibras-de-la-creativite-litteraire","status":"publish","type":"post","link":"https:\/\/linitiative.ca\/International\/le-roman-el-kasr-siret-daftar-menssi-laureat-du-prix-nibras-de-la-creativite-litteraire\/","title":{"rendered":"Le roman \u00ab\u00a0El Kasr&#8230; siret daftar menssi\u00a0\u00bb, laur\u00e9at du prix Nibras de la cr\u00e9ativit\u00e9 litt\u00e9raire"},"content":{"rendered":"<div readability=\"35\">\n<p><strong>SETIF &#8211; Le roman \u00ab\u00a0El Kasr&#8230; siret daftar menssi\u00a0\u00bb de l\u2019auteur Youcef Laichi Mimoun de la wilaya de Djelfa a remport\u00e9 le prix Nibras de la cr\u00e9ativit\u00e9 litt\u00e9raire, a-t-on appris jeudi du pr\u00e9sident de l\u2019association culturelle Nibras de S\u00e9tif.<\/strong><\/p>\n<\/div>\n<div readability=\"71.441734417344\">\n<p>Dans une d\u00e9claration \u00e0 l\u2019APS, Nabil Ghandoussi a pr\u00e9cis\u00e9 que cette r\u00e9compense litt\u00e9raire nationale, institu\u00e9e \u00e0 l\u2019initiative de son association sous la houlette de la commune de S\u00e9tif au mois de f\u00e9vrier dernier, a recueilli 57 ouvrages de l\u2019int\u00e9rieur et de l\u2019ext\u00e9rieur du pays durant une p\u00e9riode de 5 mois et ce, jusqu\u2019au 31 juillet 2020, pr\u00e9cisant que 48 essais \u00e9crits par des auteurs alg\u00e9riens ont \u00e9t\u00e9 retenus.<\/p>\n<p>Apr\u00e8s avoir lu avec minutie tous les ouvrages envoy\u00e9s, le jury a tranch\u00e9 et s\u00e9lectionn\u00e9 l\u2019\u0153uvre litt\u00e9raire dont l\u2019auteur s\u2019est vu d\u00e9cerner le tout premier prix national de la cr\u00e9ativit\u00e9 litt\u00e9raire 2020.<\/p>\n<blockquote readability=\"10\">\n<p><em><strong>Selon Nabil Ghandoussi, ce concours vise \u00e0 faire connaitre et encourager de nouveaux talents litt\u00e9raires dans le domaine du roman, affirmant que le choix port\u00e9 sur l\u2019essai qui a \u00e9t\u00e9 couronn\u00e9 de succ\u00e8s intervient apr\u00e8s une \u00e9valuation rigoureuse et assidue de la part des membres du jury compos\u00e9 d\u2019experts dans le domaine issus de plusieurs universit\u00e9s du pays.<\/strong><\/em><\/p>\n<\/blockquote>\n<hr\/>\n<h3>Lire aussi:\u00a0<a href=\"http:\/\/www.aps.dz\/culture\/109484-installation-de-la-commission-pour-la-reforme-du-livre\" target=\"_blank\" rel=\"noopener noreferrer\">Installation de la commission charg\u00e9e de la r\u00e9forme du livre<\/a><\/h3>\n<hr\/>\n<p>Il a ajout\u00e9, dans ce m\u00eame contexte, que le jury a retenu dans un premier temps 10 romans avant d\u2019\u00e9tablir une \u00ab\u00a0short List\u00a0\u00bb de 4 ouvrages \u00e0 savoir \u00ab\u00a0Hina yaktahil El Houb\u00a0\u00bb, de Abdelouahed Houari de Tlemcen, \u00ab\u00a0104\u00a0\u00bb de Ayacha Kebaili de S\u00e9tif, \u00ab\u00a0Errihane\u00a0\u00bb de Taha Bounini de la wilaya de Mascara ainsi que le roman \u00ab\u00a0El Kasr&#8230; siret daftar menssi\u00a0\u00bb, laur\u00e9at de la premi\u00e8re \u00e9dition du prix Nibras 2020.<\/p>\n<p>Se d\u00e9clinant sur 106 pages scind\u00e9s en 9 chapitres, ce roman soci\u00e9tal qui aborde le patrimoine et la religion \u00e0 travers le r\u00f4le spirituel et culturel des zaou\u00efas dans la r\u00e9gion saharienne de Touat en plongeant le lecteur dans les tr\u00e9fonds du d\u00e9sert, a s\u00e9duit le jury qui a qualifi\u00e9 dans son rapport cet ouvrage d\u2019essai prometteur se voulant une hymne au d\u00e9sert.<\/p>\n<p>Pour rappel, l\u2019association Nibras de la commune de S\u00e9tif, organisatrice de cette manifestation culturelle va \u00e9diter le roman \u00ab\u00a0El Kasr&#8230; siret daftar menssi\u00a0\u00bb \u00e0 ses frais et remettra un exemplaire \u00e0 son auteur la veille de la comm\u00e9moration du 66 anniversaire du d\u00e9clenchement de la r\u00e9volution du 1 er novembre 1954.<\/p>\n<\/div>\n<p>Auteur:<br \/>\n<a href=\"http:\/\/www.aps.dz\/culture\/109845-le-roman-el-kasr-siret-daftar-menssi-laureat-du-prix-nibras-de-la-creativite-litteraire\">Cliquez ici pour lire l&rsquo;article depuis sa source.<\/a><\/p>\n","protected":false},"excerpt":{"rendered":"<p>SETIF &#8211; Le roman \u00ab\u00a0El Kasr&#8230; siret daftar menssi\u00a0\u00bb de l\u2019auteur Youcef Laichi Mimoun de la wilaya de Djelfa a remport\u00e9 le prix Nibras de la cr\u00e9ativit\u00e9 litt\u00e9raire, a-t-on appris jeudi du pr\u00e9sident de l\u2019association culturelle Nibras de S\u00e9tif. Dans une d\u00e9claration \u00e0 l\u2019APS, Nabil Ghandoussi a pr\u00e9cis\u00e9 que cette r\u00e9compense litt\u00e9raire nationale, institu\u00e9e \u00e0 [&hellip;]<\/p>\n","protected":false},"author":1790,"featured_media":0,"comment_status":"closed","ping_status":"closed","sticky":false,"template":"","format":"standard","meta":{"fifu_image_url":"","fifu_image_alt":"","footnotes":""},"categories":[53,79],"tags":[],"class_list":["post-99176","post","type-post","status-publish","format-standard","hentry","category-algerie","category-culture"],"_links":{"self":[{"href":"https:\/\/linitiative.ca\/International\/wp-json\/wp\/v2\/posts\/99176","targetHints":{"allow":["GET"]}}],"collection":[{"href":"https:\/\/linitiative.ca\/International\/wp-json\/wp\/v2\/posts"}],"about":[{"href":"https:\/\/linitiative.ca\/International\/wp-json\/wp\/v2\/types\/post"}],"author":[{"embeddable":true,"href":"https:\/\/linitiative.ca\/International\/wp-json\/wp\/v2\/users\/1790"}],"replies":[{"embeddable":true,"href":"https:\/\/linitiative.ca\/International\/wp-json\/wp\/v2\/comments?post=99176"}],"version-history":[{"count":0,"href":"https:\/\/linitiative.ca\/International\/wp-json\/wp\/v2\/posts\/99176\/revisions"}],"wp:attachment":[{"href":"https:\/\/linitiative.ca\/International\/wp-json\/wp\/v2\/media?parent=99176"}],"wp:term":[{"taxonomy":"category","embeddable":true,"href":"https:\/\/linitiative.ca\/International\/wp-json\/wp\/v2\/categories?post=99176"},{"taxonomy":"post_tag","embeddable":true,"href":"https:\/\/linitiative.ca\/International\/wp-json\/wp\/v2\/tags?post=99176"}],"curies":[{"name":"wp","href":"https:\/\/api.w.org\/{rel}","templated":true}]}}