{"id":99177,"date":"2020-09-18T13:03:54","date_gmt":"2020-09-18T17:03:54","guid":{"rendered":"https:\/\/linitiative.ca\/International\/projet-de-musee-dedie-au-costume-traditionnel\/"},"modified":"2020-09-18T13:03:54","modified_gmt":"2020-09-18T17:03:54","slug":"projet-de-musee-dedie-au-costume-traditionnel","status":"publish","type":"post","link":"https:\/\/linitiative.ca\/International\/projet-de-musee-dedie-au-costume-traditionnel\/","title":{"rendered":"Projet de mus\u00e9e d\u00e9di\u00e9 au costume traditionnel"},"content":{"rendered":"<div readability=\"35\">\n<p><strong>ALGER &#8211; La ministre de la Culture et des Arts, Malika Bendouda a annonc\u00e9 jeudi soir \u00e0 Alger un projet de cr\u00e9ation d\u2019un mus\u00e9e d\u00e9di\u00e9 au costume traditionnel alg\u00e9rien pour pr\u00e9server et valoriser ce patrimoine culturel.<\/strong><\/p>\n<\/div>\n<div readability=\"63\">\n<p>S\u2019exprimant lors de la c\u00e9r\u00e9monie de cl\u00f4ture du mois du patrimoine immat\u00e9riel d\u00e9di\u00e9 au costume traditionnel, la ministre de la culture et des Arts a annonc\u00e9 que ce projet sera appuy\u00e9 par un centre d\u2019interpr\u00e9tation scientifique.<\/p>\n<p>Lors de cette c\u00e9r\u00e9monie de cl\u00f4ture, tenue au palais de la culture Moufdi-Zakaria en pr\u00e9sence de plusieurs membres du gouvernement, de nombreuses cr\u00e9ations inspir\u00e9es du costume traditionnel et des pi\u00e8ces authentiques ont \u00e9t\u00e9 pr\u00e9sent\u00e9es \u00e0 l\u2019image du karkaou, de la chedda, de la djebba kabyle et de la blousa oranaise.<\/p>\n<p>A cette occasion, la ministre de la Culture et des Arts a \u00e9galement rendu hommage \u00e0 d\u2019illustres figures artistiques \u00e0 savoir la chanteuse et musicienne du diwan Hasna El Becharia, la com\u00e9dienne Bahia Rachedi, le chanteur et musicien de musique chaouie Abdelhamid Bouzaher et le com\u00e9dien Mohamed Adja\u00efmi.<\/p>\n<p>Lanc\u00e9 le 11 ao\u00fbt dernier, le mois du patrimoine immat\u00e9riel d\u00e9di\u00e9 au costume traditionnel aura \u00e9t\u00e9 l\u2019occasion de pr\u00e9senter une grande exposition au palais de la culture Moufdi-Zakaria et des expositions locales relay\u00e9es par les r\u00e9seaux sociaux dans le but de valoriser, pr\u00e9server, d\u00e9velopper et promouvoir ce legs.<\/p>\n<p>Le programme de cette manifestation aura \u00e9galement vu la tenue de nombreuses rencontres et conf\u00e9rences virtuelles sur le th\u00e8me du costume et sur la pr\u00e9servation du patrimoine immat\u00e9riel.<\/p>\n<\/div>\n<p>Auteur:<br \/>\n<a href=\"http:\/\/www.aps.dz\/culture\/109870-projet-de-musee-dedie-au-costume-traditionnel\">Cliquez ici pour lire l&rsquo;article depuis sa source.<\/a><\/p>\n","protected":false},"excerpt":{"rendered":"<p>ALGER &#8211; La ministre de la Culture et des Arts, Malika Bendouda a annonc\u00e9 jeudi soir \u00e0 Alger un projet de cr\u00e9ation d\u2019un mus\u00e9e d\u00e9di\u00e9 au costume traditionnel alg\u00e9rien pour pr\u00e9server et valoriser ce patrimoine culturel. S\u2019exprimant lors de la c\u00e9r\u00e9monie de cl\u00f4ture du mois du patrimoine immat\u00e9riel d\u00e9di\u00e9 au costume traditionnel, la ministre de [&hellip;]<\/p>\n","protected":false},"author":1790,"featured_media":0,"comment_status":"closed","ping_status":"closed","sticky":false,"template":"","format":"standard","meta":{"fifu_image_url":"","fifu_image_alt":"","footnotes":""},"categories":[53,79],"tags":[],"class_list":["post-99177","post","type-post","status-publish","format-standard","hentry","category-algerie","category-culture"],"_links":{"self":[{"href":"https:\/\/linitiative.ca\/International\/wp-json\/wp\/v2\/posts\/99177","targetHints":{"allow":["GET"]}}],"collection":[{"href":"https:\/\/linitiative.ca\/International\/wp-json\/wp\/v2\/posts"}],"about":[{"href":"https:\/\/linitiative.ca\/International\/wp-json\/wp\/v2\/types\/post"}],"author":[{"embeddable":true,"href":"https:\/\/linitiative.ca\/International\/wp-json\/wp\/v2\/users\/1790"}],"replies":[{"embeddable":true,"href":"https:\/\/linitiative.ca\/International\/wp-json\/wp\/v2\/comments?post=99177"}],"version-history":[{"count":0,"href":"https:\/\/linitiative.ca\/International\/wp-json\/wp\/v2\/posts\/99177\/revisions"}],"wp:attachment":[{"href":"https:\/\/linitiative.ca\/International\/wp-json\/wp\/v2\/media?parent=99177"}],"wp:term":[{"taxonomy":"category","embeddable":true,"href":"https:\/\/linitiative.ca\/International\/wp-json\/wp\/v2\/categories?post=99177"},{"taxonomy":"post_tag","embeddable":true,"href":"https:\/\/linitiative.ca\/International\/wp-json\/wp\/v2\/tags?post=99177"}],"curies":[{"name":"wp","href":"https:\/\/api.w.org\/{rel}","templated":true}]}}