{"id":99183,"date":"2020-09-17T19:18:33","date_gmt":"2020-09-17T23:18:33","guid":{"rendered":"https:\/\/linitiative.ca\/International\/vaste-campagne-de-sensibilisation-anti-covid\/"},"modified":"2020-09-17T19:18:33","modified_gmt":"2020-09-17T23:18:33","slug":"vaste-campagne-de-sensibilisation-anti-covid","status":"publish","type":"post","link":"https:\/\/linitiative.ca\/International\/vaste-campagne-de-sensibilisation-anti-covid\/","title":{"rendered":"Vaste campagne de sensibilisation anti-Covid"},"content":{"rendered":"<div readability=\"37\">\n<p>Youssoufia \u2013 Les autorit\u00e9s locales de la province de Youssoufia ont organis\u00e9, mercredi soir, une vaste op\u00e9ration de distribution de masques de protection et une large campagne de sensibilisation aux risques du rel\u00e2chement dans le respect des mesures pr\u00e9ventives d\u00e9cr\u00e9t\u00e9es par les autorit\u00e9s comp\u00e9tentes en vue d\u2019enrayer la propagation de la Covid-19.<\/p>\n<\/div>\n<div readability=\"75\">\n<p>La campagne, organis\u00e9e sous la supervision de la pr\u00e9fecture de la province de Youssoufia avec la participation de la direction provinciale du secteur de la jeunesse et des sports, la d\u00e9l\u00e9gation de l\u2019Entraide nationale et des associations de la soci\u00e9t\u00e9 civile, a sillonn\u00e9 plusieurs rues et quartiers de la ville.<\/p>\n<p>Cette op\u00e9ration, qui a \u00e9t\u00e9 l\u2019occasion de distribuer des masques de protection et des d\u00e9sinfectants au profit des citoyens, avait pour objectif de rappeler l\u2019importance du respect des mesures pr\u00e9ventives mises en place par les autorit\u00e9s comp\u00e9tentes afin de lutter contre la propagation du virus.<\/p>\n<p>A cette occasion, la directrice provinciale de la Jeunesse et des sports \u00e0 Youssoufia, Mme Kaoutar Berbich, a soulign\u00e9 l\u2019importance des efforts concert\u00e9s pour endiguer la propagation de cette pand\u00e9mie, faisant savoir que cette campagne vise \u00e0 encourager les habitants \u00e0 adopter les r\u00e8gles sanitaires en vigueur, notamment, le port du masque de protection, la d\u00e9sinfection ou le lavage r\u00e9gulier des mains avec du savon et de l\u2019eau, ainsi que les gestes barri\u00e8res et la distanciation physique.<\/p>\n<p>Saluant les efforts consentis par les autorit\u00e9s provinciales pour limiter la propagation de la pand\u00e9mie, Mme Berbich a relev\u00e9 que d\u2019autres campagnes seraient organis\u00e9es dans les prochains jours afin de sensibiliser la population et l\u2019inciter \u00e0 davantage de mobilisation en vue de faire face \u00e0 la pand\u00e9mie.<\/p>\n<p>A rappeler que le Comit\u00e9 de veille provincial de Youssoufia avait annonc\u00e9 le durcissement des op\u00e9rations de contr\u00f4le relatives au respect des gestes barri\u00e8res visant \u00e0 lutter contre la propagation du nouveau coronavirus (Covid-19) au niveau de la province.<\/p>\n<p>\u00c0 cet \u00e9gard, il avait d\u00e9cid\u00e9 de poursuivre les campagnes de sensibilisation au niveau des diff\u00e9rentes communes relevant de la province et de renforcer les mesures pr\u00e9ventives au sein des administrations publiques et des milieux professionnels, dans le cadre d\u2019une op\u00e9ration de renforcement du contr\u00f4le sanitaire au niveau de la province pour freiner la propagation de la Covid-19.<\/p>\n<\/div>\n<p>Auteur: Meriem IGASS<br \/>\n<a href=\"http:\/\/www.mapmarrakech.ma\/fr\/vaste-campagne-de-sensibilisation-anti-covid\/\">Cliquez ici pour lire l&rsquo;article depuis sa source.<\/a><\/p>\n","protected":false},"excerpt":{"rendered":"<p>Youssoufia \u2013 Les autorit\u00e9s locales de la province de Youssoufia ont organis\u00e9, mercredi soir, une vaste op\u00e9ration de distribution de masques de protection et une large campagne de sensibilisation aux risques du rel\u00e2chement dans le respect des mesures pr\u00e9ventives d\u00e9cr\u00e9t\u00e9es par les autorit\u00e9s comp\u00e9tentes en vue d\u2019enrayer la propagation de la Covid-19. La campagne, organis\u00e9e [&hellip;]<\/p>\n","protected":false},"author":1788,"featured_media":0,"comment_status":"closed","ping_status":"closed","sticky":false,"template":"","format":"standard","meta":{"fifu_image_url":"","fifu_image_alt":"","footnotes":""},"categories":[54,76],"tags":[],"class_list":["post-99183","post","type-post","status-publish","format-standard","hentry","category-maroc","category-regions"],"_links":{"self":[{"href":"https:\/\/linitiative.ca\/International\/wp-json\/wp\/v2\/posts\/99183","targetHints":{"allow":["GET"]}}],"collection":[{"href":"https:\/\/linitiative.ca\/International\/wp-json\/wp\/v2\/posts"}],"about":[{"href":"https:\/\/linitiative.ca\/International\/wp-json\/wp\/v2\/types\/post"}],"author":[{"embeddable":true,"href":"https:\/\/linitiative.ca\/International\/wp-json\/wp\/v2\/users\/1788"}],"replies":[{"embeddable":true,"href":"https:\/\/linitiative.ca\/International\/wp-json\/wp\/v2\/comments?post=99183"}],"version-history":[{"count":0,"href":"https:\/\/linitiative.ca\/International\/wp-json\/wp\/v2\/posts\/99183\/revisions"}],"wp:attachment":[{"href":"https:\/\/linitiative.ca\/International\/wp-json\/wp\/v2\/media?parent=99183"}],"wp:term":[{"taxonomy":"category","embeddable":true,"href":"https:\/\/linitiative.ca\/International\/wp-json\/wp\/v2\/categories?post=99183"},{"taxonomy":"post_tag","embeddable":true,"href":"https:\/\/linitiative.ca\/International\/wp-json\/wp\/v2\/tags?post=99183"}],"curies":[{"name":"wp","href":"https:\/\/api.w.org\/{rel}","templated":true}]}}