{"id":99184,"date":"2020-09-17T19:24:56","date_gmt":"2020-09-17T23:24:56","guid":{"rendered":"https:\/\/linitiative.ca\/International\/leau-potable-repond-a-toutes-les-normes-de-qualite-en-vigueur\/"},"modified":"2020-09-17T19:24:56","modified_gmt":"2020-09-17T23:24:56","slug":"leau-potable-repond-a-toutes-les-normes-de-qualite-en-vigueur","status":"publish","type":"post","link":"https:\/\/linitiative.ca\/International\/leau-potable-repond-a-toutes-les-normes-de-qualite-en-vigueur\/","title":{"rendered":"L\u2019eau potable r\u00e9pond \u00e0 toutes les normes de qualit\u00e9 en vigueur"},"content":{"rendered":"<div class=\"single-featured\"><img alt=\"\" data-src=\"http:\/\/www.mapmarrakech.ma\/map\/uploads\/2020\/09\/eau-potable-.jpg\"\/><\/div>\n<div class=\"single-post-excerpt post-excerpt-bc\" readability=\"35\">\n<p>Youssoufia \u2013 L\u2019eau potable dans la ville de Youssoufia r\u00e9pond \u00e0 toutes les normes de qualit\u00e9 en vigueur \u00e0 l\u2019\u00e9chelle nationale, a affirm\u00e9 la d\u00e9l\u00e9gation provinciale de la Sant\u00e9 dans un communiqu\u00e9.<\/p>\n<\/div>\n<div class=\"entry-content clearfix single-post-content\" readability=\"61\">\n<p>Ce communiqu\u00e9 a \u00e9t\u00e9 publi\u00e9 par la d\u00e9l\u00e9gation suite aux informations v\u00e9hicul\u00e9es par certains supports m\u00e9diatiques \u00e9lectroniques et sur les r\u00e9seaux sociaux au sujet du changement de la couleur et du go\u00fbt de l\u2019eau potable dans la ville.<\/p>\n<p>Et la m\u00eame source de pr\u00e9ciser que suite \u00e0 la demande des services de la pr\u00e9fecture de la province, la d\u00e9l\u00e9gation provinciale de la Sant\u00e9 a proc\u00e9d\u00e9 au pr\u00e9l\u00e8vement des \u00e9chantillons d\u2019eau potable au niveau de diff\u00e9rents points du r\u00e9seau d\u2019approvisionnement dans la ville de Youssoufia, notamment les quartiers Takaddoum et Smara, avant d\u2019\u00eatre envoy\u00e9s \u00e0 l\u2019Institut National d\u2019Hygi\u00e8ne \u00e0 Rabat pour analyses.<\/p>\n<p>Les r\u00e9sultats des analyses figurant dans le rapport, publi\u00e9 par l\u2019Institut le 11 septembre dernier, ont prouv\u00e9 que l\u2019eau potable dans la ville de Youssoufia r\u00e9pond \u00e0 toutes les normes de qualit\u00e9 en vigueur au niveau national, fait savoir le communiqu\u00e9, ajoutant que le rapport a soulign\u00e9 la conformit\u00e9 des eaux du r\u00e9seau de distribution dans la ville aux normes microbiologiques, puisqu\u2019elles ne contiennent pas de micro-organismes d\u00e9montrant qu\u2019elles sont pollu\u00e9es ou d\u00e9passant le seuil acceptable selon les normes en vigueur \u00e0 l\u2019\u00e9chelle nationale.<\/p>\n<p>La m\u00eame source a not\u00e9 aussi l\u2019absence totale de la bact\u00e9rie de la salmonella et du chol\u00e9ra ainsi que la conformit\u00e9 de ces eaux, sur le plan physico-chimique, aux normes nationales de qualit\u00e9 aussi bien en termes d\u2019acidit\u00e9 (pH), de conductivit\u00e9, de couleur, d\u2019odeur et de nitrates.<\/p>\n<\/div>\n<p>Auteur: Meriem IGASS<br \/>\n<a href=\"http:\/\/www.mapmarrakech.ma\/fr\/leau-potable-repond-a-toutes-les-normes-de-qualite-en-vigueur\/\">Cliquez ici pour lire l&rsquo;article depuis sa source.<\/a><\/p>\n","protected":false},"excerpt":{"rendered":"<p>Youssoufia \u2013 L\u2019eau potable dans la ville de Youssoufia r\u00e9pond \u00e0 toutes les normes de qualit\u00e9 en vigueur \u00e0 l\u2019\u00e9chelle nationale, a affirm\u00e9 la d\u00e9l\u00e9gation provinciale de la Sant\u00e9 dans un communiqu\u00e9. Ce communiqu\u00e9 a \u00e9t\u00e9 publi\u00e9 par la d\u00e9l\u00e9gation suite aux informations v\u00e9hicul\u00e9es par certains supports m\u00e9diatiques \u00e9lectroniques et sur les r\u00e9seaux sociaux au [&hellip;]<\/p>\n","protected":false},"author":1788,"featured_media":99185,"comment_status":"closed","ping_status":"closed","sticky":false,"template":"","format":"standard","meta":{"fifu_image_url":"","fifu_image_alt":"","footnotes":""},"categories":[54,76],"tags":[],"class_list":["post-99184","post","type-post","status-publish","format-standard","has-post-thumbnail","hentry","category-maroc","category-regions"],"_links":{"self":[{"href":"https:\/\/linitiative.ca\/International\/wp-json\/wp\/v2\/posts\/99184","targetHints":{"allow":["GET"]}}],"collection":[{"href":"https:\/\/linitiative.ca\/International\/wp-json\/wp\/v2\/posts"}],"about":[{"href":"https:\/\/linitiative.ca\/International\/wp-json\/wp\/v2\/types\/post"}],"author":[{"embeddable":true,"href":"https:\/\/linitiative.ca\/International\/wp-json\/wp\/v2\/users\/1788"}],"replies":[{"embeddable":true,"href":"https:\/\/linitiative.ca\/International\/wp-json\/wp\/v2\/comments?post=99184"}],"version-history":[{"count":0,"href":"https:\/\/linitiative.ca\/International\/wp-json\/wp\/v2\/posts\/99184\/revisions"}],"wp:featuredmedia":[{"embeddable":true,"href":"https:\/\/linitiative.ca\/International\/wp-json\/"}],"wp:attachment":[{"href":"https:\/\/linitiative.ca\/International\/wp-json\/wp\/v2\/media?parent=99184"}],"wp:term":[{"taxonomy":"category","embeddable":true,"href":"https:\/\/linitiative.ca\/International\/wp-json\/wp\/v2\/categories?post=99184"},{"taxonomy":"post_tag","embeddable":true,"href":"https:\/\/linitiative.ca\/International\/wp-json\/wp\/v2\/tags?post=99184"}],"curies":[{"name":"wp","href":"https:\/\/api.w.org\/{rel}","templated":true}]}}