{"id":99186,"date":"2020-09-17T19:33:28","date_gmt":"2020-09-17T23:33:28","guid":{"rendered":"https:\/\/linitiative.ca\/International\/vers-la-mise-en-place-dun-label-de-promotion-de-la-province\/"},"modified":"2020-09-17T19:33:28","modified_gmt":"2020-09-17T23:33:28","slug":"vers-la-mise-en-place-dun-label-de-promotion-de-la-province","status":"publish","type":"post","link":"https:\/\/linitiative.ca\/International\/vers-la-mise-en-place-dun-label-de-promotion-de-la-province\/","title":{"rendered":"Vers la mise en place d\u2019un label de promotion de la province"},"content":{"rendered":"<div readability=\"36\">\n<p>Chichaoua \u2013 La ville de Chichaoua et ses centres avoisinants tendent \u00e0 devenir un v\u00e9ritable espace dot\u00e9 d\u2019un \u00ab\u00a0label de promotion\u00a0\u00bb notamment, \u00e0 travers la concr\u00e9tisation d\u2019une s\u00e9rie de projets futurs se rapportant \u00e0 l\u2019\u00e9quipement routier et \u00e0 la cr\u00e9ation d\u2019espaces d\u00e9di\u00e9s aux services et \u00e0 la promotion du tourisme local.<\/p>\n<\/div>\n<div readability=\"94\">\n<p>Ainsi, le gouverneur de la province, Bouabid El Guerrab, accompagn\u00e9 notamment, du directeur provincial de l\u2019\u00e9quipement, du transport et de la logistique, du directeur provincial des eaux et for\u00eats, du pr\u00e9sident de la commune de Chichaoua et de celui de la commune d\u2019Ahdil, et des autorit\u00e9s locales, a effectu\u00e9 jeudi une visite de terrain \u00e0 la voie express reliant Chichaoua et Essaouira au niveau du tron\u00e7on reliant Chichaoua et la commune d\u2019Ahdil.<\/p>\n<p>Cette visite se propose d\u2019examiner la possibilit\u00e9 de r\u00e9aliser un am\u00e9nagement environnemental et esth\u00e9tique de ce tron\u00e7on routier (plantation d\u2019arbres et mise \u00e0 niveau de l\u2019espace vert) \u00e9tant donn\u00e9 l\u2019importance strat\u00e9gique de cette voie reliant Chichaoua et la Cit\u00e9 des Aliz\u00e9s.<\/p>\n<p>A cette occasion, M. El Guerrab a indiqu\u00e9 que le choix de proc\u00e9der \u00e0 l\u2019am\u00e9nagement de ce tron\u00e7on a \u00e9t\u00e9 dict\u00e9 par des consid\u00e9rations d\u2019ordre \u00e9conomique d\u2019autant plus que la Direction provinciale de l\u2019\u00e9quipement, du transport et de la logistique a entam\u00e9 l\u2019\u00e9quipement routier de ce tron\u00e7on (op\u00e9rations de signalisation horizontale et verticale de cet axe routier).<\/p>\n<p>Dans ce contexte, il a mis l\u2019accent sur l\u2019importance de drainer des investisseurs pour la cr\u00e9ation de projets dans le domaine des services tout au long de cette voie expresse, tels que les stations d\u2019essence, les caf\u00e9s et des \u00e9tablissements h\u00f4teliers, vu l\u2019impact positif de cette dynamique commerciale et touristique sur la province.<\/p>\n<p>Pour mettre en \u0153uvre cette vision de d\u00e9veloppement, le gouverneur n\u2019a pans manqu\u00e9 de plaider en faveur d\u2019une conjugaison des efforts des communes de Chichaoua et d\u2019Ahdil et les services ext\u00e9rieurs concern\u00e9s, annon\u00e7ant la tenue vendredi d\u2019une r\u00e9union pour l\u2019examen des propositions ainsi que des moyens \u00e0 m\u00eame de permettre leur mise en \u0153uvre selon un calendrier bien pr\u00e9cis.<\/p>\n<p>Par la suite, et dans le cadre du suivi de la rentr\u00e9e scolaire actuelle, M. El Guerrab a effectu\u00e9 une visite \u00e0 l\u2019\u00e9cole \u00ab\u00a0Laminate\u00a0\u00bb dans la commune Mzoudia pour s\u2019arr\u00eater de pr\u00e8s sur la mise en application du protocole sanitaire adopt\u00e9, ainsi que les diff\u00e9rentes mesures pr\u00e9ventives visant \u00e0 \u00e9viter la propagation de la pand\u00e9mie du coronavirus entre les \u00e9l\u00e8ves et les cadres \u00e9ducatifs et administratifs.<\/p>\n<p>Par la m\u00eame pccasion, M. El Guerrab s\u2019est enquis de l\u2019\u00e9tat d\u2019avancement des travaux de remplacement des classes pr\u00e9fabriqu\u00e9es par des salles de classes r\u00e9pondant aux standards modernes, insistant sur la n\u00e9cessit\u00e9 de hausser la cadence des travaux en termes de qualit\u00e9 et de normes exig\u00e9es contenues dans cahier des charges.<\/p>\n<p>L\u2019objectif \u00e9tant de doter la province de structures d\u2019accueil \u00e0 m\u00eame de contribuer \u00e0 am\u00e9liorer et garantir la continuit\u00e9 p\u00e9dagogique.<\/p>\n<p>Dans ce sillage, M. El Guerrab a salu\u00e9 les efforts consentis par les cadres administratifs et \u00e9ducatifs de l\u2019\u00e9cole ainsi que leur engagement \u00e0 veiller au respect scrupuleux du protocole sanitaire adopt\u00e9.<\/p>\n<\/div>\n<p>Auteur: Meriem IGASS<br \/>\n<a href=\"http:\/\/www.mapmarrakech.ma\/fr\/vers-la-mise-en-place-dun-label-de-promotion-de-la-province\/\">Cliquez ici pour lire l&rsquo;article depuis sa source.<\/a><\/p>\n","protected":false},"excerpt":{"rendered":"<p>Chichaoua \u2013 La ville de Chichaoua et ses centres avoisinants tendent \u00e0 devenir un v\u00e9ritable espace dot\u00e9 d\u2019un \u00ab\u00a0label de promotion\u00a0\u00bb notamment, \u00e0 travers la concr\u00e9tisation d\u2019une s\u00e9rie de projets futurs se rapportant \u00e0 l\u2019\u00e9quipement routier et \u00e0 la cr\u00e9ation d\u2019espaces d\u00e9di\u00e9s aux services et \u00e0 la promotion du tourisme local. Ainsi, le gouverneur de [&hellip;]<\/p>\n","protected":false},"author":1788,"featured_media":0,"comment_status":"closed","ping_status":"closed","sticky":false,"template":"","format":"standard","meta":{"fifu_image_url":"","fifu_image_alt":"","footnotes":""},"categories":[54,76],"tags":[],"class_list":["post-99186","post","type-post","status-publish","format-standard","hentry","category-maroc","category-regions"],"_links":{"self":[{"href":"https:\/\/linitiative.ca\/International\/wp-json\/wp\/v2\/posts\/99186","targetHints":{"allow":["GET"]}}],"collection":[{"href":"https:\/\/linitiative.ca\/International\/wp-json\/wp\/v2\/posts"}],"about":[{"href":"https:\/\/linitiative.ca\/International\/wp-json\/wp\/v2\/types\/post"}],"author":[{"embeddable":true,"href":"https:\/\/linitiative.ca\/International\/wp-json\/wp\/v2\/users\/1788"}],"replies":[{"embeddable":true,"href":"https:\/\/linitiative.ca\/International\/wp-json\/wp\/v2\/comments?post=99186"}],"version-history":[{"count":0,"href":"https:\/\/linitiative.ca\/International\/wp-json\/wp\/v2\/posts\/99186\/revisions"}],"wp:attachment":[{"href":"https:\/\/linitiative.ca\/International\/wp-json\/wp\/v2\/media?parent=99186"}],"wp:term":[{"taxonomy":"category","embeddable":true,"href":"https:\/\/linitiative.ca\/International\/wp-json\/wp\/v2\/categories?post=99186"},{"taxonomy":"post_tag","embeddable":true,"href":"https:\/\/linitiative.ca\/International\/wp-json\/wp\/v2\/tags?post=99186"}],"curies":[{"name":"wp","href":"https:\/\/api.w.org\/{rel}","templated":true}]}}