{"id":99187,"date":"2020-09-17T20:01:39","date_gmt":"2020-09-18T00:01:39","guid":{"rendered":"https:\/\/linitiative.ca\/International\/enlevement-a-mediouna-le-nourrisson-retrouve-a-marrakech\/"},"modified":"2020-09-17T20:01:39","modified_gmt":"2020-09-18T00:01:39","slug":"enlevement-a-mediouna-le-nourrisson-retrouve-a-marrakech","status":"publish","type":"post","link":"https:\/\/linitiative.ca\/International\/enlevement-a-mediouna-le-nourrisson-retrouve-a-marrakech\/","title":{"rendered":"Enl\u00e8vement \u00e0 M\u00e9diouna: Le nourrisson retrouv\u00e9 \u00e0 Marrakech"},"content":{"rendered":"<div class=\"single-featured\"><img alt=\"\" data-src=\"http:\/\/www.mapmarrakech.ma\/map\/uploads\/2020\/08\/dgsn-.jpg\"\/><\/div>\n<div class=\"single-post-excerpt post-excerpt-bc\" readability=\"38\">\n<p>Le service pr\u00e9fectoral de la police judiciaire de Marrakech a retrouv\u00e9, jeudi soir, sur la base d\u2019informations pr\u00e9cises fournies par les services de la Direction g\u00e9n\u00e9rale de la surveillance du territoire (DGST), le nourrisson (sexe f\u00e9minin) ayant fait l\u2019objet d\u2019un avis d\u2019enl\u00e8vement aupr\u00e8s des services de la Gendarmerie royale dans la zone de M\u00e9diouna \u00e0 Casablanca.<\/p>\n<\/div>\n<div class=\"entry-content clearfix single-post-content\" readability=\"52\">\n<p>Les services de la Gendarmerie royale de Casablanca avaient coordonn\u00e9 avec ceux de la s\u00fbret\u00e9 nationale au sujet de l\u2019avis d\u2019enl\u00e8vement du nourrisson de trois mois, indique la Direction g\u00e9n\u00e9rale de la s\u00fbret\u00e9 nationale (DGSN) dans un communiqu\u00e9, ajoutant que les recherches et investigations ont abouti \u00e0 localiser le nourrisson \u00e0 Marrakech et \u00e0 interpeller la femme de 18 ans pr\u00e9sum\u00e9e impliqu\u00e9e dans cette affaire, ainsi qu\u2019un deuxi\u00e8me individu soup\u00e7onn\u00e9 d\u2019entretenir une relation ill\u00e9gale avec elle.<\/p>\n<p>Selon les donn\u00e9es pr\u00e9liminaires, la femme interpell\u00e9e est soup\u00e7onn\u00e9e d\u2019avoir enlev\u00e9 et emmen\u00e9 le nourrisson qui est la fille de son beau-fr\u00e8re \u00e0 Marrakech en compagnie du deuxi\u00e8me suspect avec lequel elle entretenait une relation ill\u00e9gale avant son mariage, en lui faisant croire qu\u2019il est le p\u00e8re de l\u2019enfant, ajoute le communiqu\u00e9.<\/p>\n<p>Les personnes interpell\u00e9es ont \u00e9t\u00e9 pr\u00e9sent\u00e9es devant les services de la Gendarmerie royale territorialement comp\u00e9tents afin de poursuivre l\u2019enqu\u00eate pr\u00e9liminaire men\u00e9e dans cette affaire sous la supervision du parquet comp\u00e9tent et d\u00e9terminer les tenants et aboutissants de cette affaire, conclut la m\u00eame source.<\/p>\n<\/div>\n<p>Auteur: Meriem IGASS<br \/>\n<a href=\"http:\/\/www.mapmarrakech.ma\/fr\/enlevement-a-mediouna-le-nourrisson-retrouve-a-marrakech\/\">Cliquez ici pour lire l&rsquo;article depuis sa source.<\/a><\/p>\n","protected":false},"excerpt":{"rendered":"<p>Le service pr\u00e9fectoral de la police judiciaire de Marrakech a retrouv\u00e9, jeudi soir, sur la base d\u2019informations pr\u00e9cises fournies par les services de la Direction g\u00e9n\u00e9rale de la surveillance du territoire (DGST), le nourrisson (sexe f\u00e9minin) ayant fait l\u2019objet d\u2019un avis d\u2019enl\u00e8vement aupr\u00e8s des services de la Gendarmerie royale dans la zone de M\u00e9diouna \u00e0 [&hellip;]<\/p>\n","protected":false},"author":1788,"featured_media":99188,"comment_status":"closed","ping_status":"closed","sticky":false,"template":"","format":"standard","meta":{"fifu_image_url":"","fifu_image_alt":"","footnotes":""},"categories":[54,76],"tags":[],"class_list":["post-99187","post","type-post","status-publish","format-standard","has-post-thumbnail","hentry","category-maroc","category-regions"],"_links":{"self":[{"href":"https:\/\/linitiative.ca\/International\/wp-json\/wp\/v2\/posts\/99187","targetHints":{"allow":["GET"]}}],"collection":[{"href":"https:\/\/linitiative.ca\/International\/wp-json\/wp\/v2\/posts"}],"about":[{"href":"https:\/\/linitiative.ca\/International\/wp-json\/wp\/v2\/types\/post"}],"author":[{"embeddable":true,"href":"https:\/\/linitiative.ca\/International\/wp-json\/wp\/v2\/users\/1788"}],"replies":[{"embeddable":true,"href":"https:\/\/linitiative.ca\/International\/wp-json\/wp\/v2\/comments?post=99187"}],"version-history":[{"count":0,"href":"https:\/\/linitiative.ca\/International\/wp-json\/wp\/v2\/posts\/99187\/revisions"}],"wp:featuredmedia":[{"embeddable":true,"href":"https:\/\/linitiative.ca\/International\/wp-json\/"}],"wp:attachment":[{"href":"https:\/\/linitiative.ca\/International\/wp-json\/wp\/v2\/media?parent=99187"}],"wp:term":[{"taxonomy":"category","embeddable":true,"href":"https:\/\/linitiative.ca\/International\/wp-json\/wp\/v2\/categories?post=99187"},{"taxonomy":"post_tag","embeddable":true,"href":"https:\/\/linitiative.ca\/International\/wp-json\/wp\/v2\/tags?post=99187"}],"curies":[{"name":"wp","href":"https:\/\/api.w.org\/{rel}","templated":true}]}}