{"id":99189,"date":"2020-09-18T13:31:08","date_gmt":"2020-09-18T17:31:08","guid":{"rendered":"https:\/\/linitiative.ca\/International\/aref-un-systeme-integre-pour-lapplication-du-protocole-sanitaire\/"},"modified":"2020-09-18T13:31:08","modified_gmt":"2020-09-18T17:31:08","slug":"aref-un-systeme-integre-pour-lapplication-du-protocole-sanitaire","status":"publish","type":"post","link":"https:\/\/linitiative.ca\/International\/aref-un-systeme-integre-pour-lapplication-du-protocole-sanitaire\/","title":{"rendered":"AREF: Un syst\u00e8me int\u00e9gr\u00e9 pour l\u2019application du protocole sanitaire"},"content":{"rendered":"<div readability=\"38\">\n<p>Marrakech \u2013 L\u2019Acad\u00e9mie R\u00e9gionale de l\u2019Education et de la Formation (AREF) de Marrakech-Safi a annonc\u00e9, jeudi, la mise en place d\u2019un syst\u00e8me int\u00e9gr\u00e9 pour faciliter l\u2019interaction et l\u2019\u00e9change des donn\u00e9es et informations relatives \u00e0 l\u2019application stricte du protocole sanitaire, conform\u00e9ment aux orientations de la note minist\u00e9rielle r\u00e9gissant la rentr\u00e9e scolaire 2020-2021.<\/p>\n<\/div>\n<div readability=\"81\">\n<p>Ce syst\u00e8me, explique l\u2019AREF dans un communiqu\u00e9, s\u2019articule autour des mesures professionnelles de contr\u00f4le des donn\u00e9es sur la base d\u2019un syst\u00e8me d\u2019information constamment actif, d\u2019une cellule sanitaire sp\u00e9cialis\u00e9e pour assurer la coordination r\u00e9guli\u00e8re avec les autorit\u00e9s sanitaires et d\u2019un ensemble de proc\u00e9dures claires pour faciliter la prise de d\u00e9cisions avec la c\u00e9l\u00e9rit\u00e9 requise et le traitement des \u00e9ventuelles contraintes.<\/p>\n<p>Et la m\u00eame source de poursuivre que ce syst\u00e8me repose \u00e9galement sur un suivi clair et structur\u00e9, des \u00e9quipes p\u00e9dagogiques pour assurer l\u2019accompagnement et d\u2019autres sp\u00e9cialis\u00e9es afin de garantir le suivi des internats et des cantines scolaires ainsi que sur des visites de terrain r\u00e9guli\u00e8res aux \u00e9tablissements scolaires.<\/p>\n<p>D\u2019autre part, l\u2019AREF souligne avoir acquis une exp\u00e9rience \u00ab\u00a0significative\u00a0\u00bb en mati\u00e8re de mise en oeuvre des mesures de pr\u00e9vention et de pr\u00e9caution pour faire face \u00e0 la pand\u00e9mie de la Covid-19, notamment durant l\u2019organisation des examens du baccalaur\u00e9at et des pr\u00e9paratifs de la rentr\u00e9e scolaire.<\/p>\n<p>Dans ce sillage, le communiqu\u00e9 rel\u00e8ve que la premi\u00e8re des \u00e9tapes r\u00e9ussies \u00e9tait l\u2019organisation des \u00e9preuves du baccalaur\u00e9at en juillet dernier, ajoutant que les diff\u00e9rentes op\u00e9rations se sont d\u00e9roul\u00e9es dans un climat rassurant tant au niveau de la pr\u00e9paration et l\u2019am\u00e9nagement des espaces ouverts que de la mise \u00e0 disposition des divers produits de d\u00e9sinfection, des masques de protection et de toute la fourniture n\u00e9cessaire.<\/p>\n<p>La deuxi\u00e8me \u00e9tape g\u00e9r\u00e9e avec efficience et efficacit\u00e9, note la m\u00eame source, concernait les pr\u00e9paratifs de l\u2019actuelle rentr\u00e9e scolaire 2020-2021.<\/p>\n<p>Les diff\u00e9rentes phases relatives \u00e0 la mise en \u0153uvre des mesures pr\u00e9ventives ont \u00e9t\u00e9 men\u00e9es en \u00e9troite coordination avec les autorit\u00e9s locales, les services s\u00e9curitaires et sanitaires ainsi que les conseils \u00e9lus, a pr\u00e9cis\u00e9 l\u2019AREF, mettant en avant l\u2019implication remarquable des cadres administratifs et p\u00e9dagogiques, des associations des parents et tuteurs des \u00e9l\u00e8ves, des apprenants, des autres parties concern\u00e9s et des partenaires.<\/p>\n<p>Et le communiqu\u00e9 de conclure que ces proc\u00e9dures et dispositifs s\u2019inscrivent dans le cadre du \u00ab\u00a0grand souci\u00a0\u00bb de l\u2019AREF de cr\u00e9er une atmosph\u00e8re appropri\u00e9e et saine au sein des diff\u00e9rents \u00e9tablissements afin de r\u00e9ussir la rentr\u00e9e scolaire 2020-2021 et de pr\u00e9server la sant\u00e9 et la s\u00e9curit\u00e9 des apprenants, des cadres administratifs et p\u00e9dagogiques et de l\u2019ensemble des intervenants dans le syst\u00e8me \u00e9ducatif.<\/p>\n<\/div>\n<p>Auteur: Meriem IGASS<br \/>\n<a href=\"http:\/\/www.mapmarrakech.ma\/fr\/aref-un-systeme-integre-pour-lapplication-du-protocole-sanitaire\/\">Cliquez ici pour lire l&rsquo;article depuis sa source.<\/a><\/p>\n","protected":false},"excerpt":{"rendered":"<p>Marrakech \u2013 L\u2019Acad\u00e9mie R\u00e9gionale de l\u2019Education et de la Formation (AREF) de Marrakech-Safi a annonc\u00e9, jeudi, la mise en place d\u2019un syst\u00e8me int\u00e9gr\u00e9 pour faciliter l\u2019interaction et l\u2019\u00e9change des donn\u00e9es et informations relatives \u00e0 l\u2019application stricte du protocole sanitaire, conform\u00e9ment aux orientations de la note minist\u00e9rielle r\u00e9gissant la rentr\u00e9e scolaire 2020-2021. Ce syst\u00e8me, explique l\u2019AREF [&hellip;]<\/p>\n","protected":false},"author":1788,"featured_media":0,"comment_status":"closed","ping_status":"closed","sticky":false,"template":"","format":"standard","meta":{"fifu_image_url":"","fifu_image_alt":"","footnotes":""},"categories":[54,76],"tags":[],"class_list":["post-99189","post","type-post","status-publish","format-standard","hentry","category-maroc","category-regions"],"_links":{"self":[{"href":"https:\/\/linitiative.ca\/International\/wp-json\/wp\/v2\/posts\/99189","targetHints":{"allow":["GET"]}}],"collection":[{"href":"https:\/\/linitiative.ca\/International\/wp-json\/wp\/v2\/posts"}],"about":[{"href":"https:\/\/linitiative.ca\/International\/wp-json\/wp\/v2\/types\/post"}],"author":[{"embeddable":true,"href":"https:\/\/linitiative.ca\/International\/wp-json\/wp\/v2\/users\/1788"}],"replies":[{"embeddable":true,"href":"https:\/\/linitiative.ca\/International\/wp-json\/wp\/v2\/comments?post=99189"}],"version-history":[{"count":0,"href":"https:\/\/linitiative.ca\/International\/wp-json\/wp\/v2\/posts\/99189\/revisions"}],"wp:attachment":[{"href":"https:\/\/linitiative.ca\/International\/wp-json\/wp\/v2\/media?parent=99189"}],"wp:term":[{"taxonomy":"category","embeddable":true,"href":"https:\/\/linitiative.ca\/International\/wp-json\/wp\/v2\/categories?post=99189"},{"taxonomy":"post_tag","embeddable":true,"href":"https:\/\/linitiative.ca\/International\/wp-json\/wp\/v2\/tags?post=99189"}],"curies":[{"name":"wp","href":"https:\/\/api.w.org\/{rel}","templated":true}]}}