{"id":99192,"date":"2020-09-18T09:47:02","date_gmt":"2020-09-18T13:47:02","guid":{"rendered":"https:\/\/linitiative.ca\/International\/le-comite-de-village-de-tighilt-mahmoud-perpetue-les-valeurs-de-tajmaat\/"},"modified":"2020-09-18T09:47:02","modified_gmt":"2020-09-18T13:47:02","slug":"le-comite-de-village-de-tighilt-mahmoud-perpetue-les-valeurs-de-tajmaat","status":"publish","type":"post","link":"https:\/\/linitiative.ca\/International\/le-comite-de-village-de-tighilt-mahmoud-perpetue-les-valeurs-de-tajmaat\/","title":{"rendered":"Le comit\u00e9 de village de Tighilt-Mahmoud perp\u00e9tue les valeurs de \u00ab\u00a0Tajmaat\u00a0\u00bb"},"content":{"rendered":"<div readability=\"35\">\n<p><strong>TIZI-OUZOU &#8211; La tradition ancestrale de \u00ab\u00a0Tajmaat\u00a0\u00bb se perp\u00e9tue au village Tighilt-Mahmoud gr\u00e2ce aux actions de solidarit\u00e9 impr\u00e9gn\u00e9es d\u2019une sociabilit\u00e9 \u00e9tendue, men\u00e9es par le comit\u00e9 de b\u00e9n\u00e9voles.<\/strong><\/p>\n<\/div>\n<div readability=\"91.741023466214\">\n<p>A l\u2019entr\u00e9e du village situ\u00e9 \u00e0 750m d\u2019altitude au Sud-est de la Wilaya de Tizi-ouzou, le visiteur est accueilli par une st\u00e8le comm\u00e9morative \u00e9rig\u00e9e en honneur aux 19 chahids tomb\u00e9s au champ d\u2019honneur pendant la Guerre de lib\u00e9ration nationale. Elle est flanqu\u00e9e de part et d\u2019autres de deux fontaines, agr\u00e9ment\u00e9es d\u2019un parterre de fleurs.<\/p>\n<p>Les rues du village sont pourvues de trottoirs alors que des fresques berb\u00e8res embellissent les murs des maisons. A la grande place de Tighilt-Mahmoud \u00a0\u00bbTinatline\u00a0\u00bb une autre fontaine tout aussi belle que celle de l\u2019entr\u00e9e du village compl\u00e8te le dispositif d\u2019embellissement de l\u2019axe principal du village.<\/p>\n<blockquote readability=\"10\">\n<p><em><strong>La propret\u00e9 du village t\u00e9moigne de la volont\u00e9 de ses habitants d\u2019en faire un cadre de vie agr\u00e9able. Le volontariat est aussi significatif \u00e0 la gent f\u00e9minine qu\u2019\u00e0 celle masculine. Regroup\u00e9e en association, les femmes du village prennent part \u00e0 la vie active du village, pr\u00e9cise Farida Chebiri.<\/strong><\/em><\/p>\n<\/blockquote>\n<p>Le village Tighilt Mahmoud compte plus de 4000 habitants. Il tient son nom \u00a0\u00bbMahmoud\u00a0\u00bb en reconnaissance \u00e0 un autre village \u00ab\u00a0Ath-Mahmoud\u00a0\u00bb (Beni Douala) dont la protection (lanaya) est venue \u00e0 bout des ennemis des habitants de Tighilt qui les d\u00e9poss\u00e9daient de leur b\u00e9tail. L\u2019histoire rapporte aussi la r\u00e9sistance des anc\u00eatres de ce village contre l\u2019exp\u00e9dition fran\u00e7aise, livrant bataille sous la banni\u00e8re de Ch\u00e9rif Boubeghla le 19 juin 1852.<\/p>\n<p>Le lieu o\u00f9 s\u2019est d\u00e9roul\u00e9 cet \u00e9v\u00e9nement historique est appel\u00e9 par les villageois \u00ab\u00a0Vaghla\u00a0\u00bb, en m\u00e9moire de ce h\u00e9ros national. \u00ab\u00a0Cette page d\u2019histoire constitue pour le comit\u00e9 une fiert\u00e9 qui nous pousse \u00e0 faire toujours mieux\u00a0\u00bb, a affirm\u00e9 le pr\u00e9sident du comit\u00e9, Rabah Berrehal.<\/p>\n<p>Les projets lanc\u00e9s ou en voie de l\u2019\u00eatre sont confi\u00e9s \u00e0 Mohamed Ouramdane Ouheb, architecte de formation. Il est pr\u00e9vu la r\u00e9fection du centre de sant\u00e9 qui sera \u00e9quip\u00e9 de tout le mat\u00e9riel n\u00e9cessaire y compris une ambulance, la r\u00e9novation de la principale fontaine pourvoyeuse d\u2019eau riche en vitamines au lieu dit \u00a0\u00bbTala Oughelid\u00a0\u00bb, et la r\u00e9alisation d\u2019un man\u00e8ge \u00e0 c\u00f4t\u00e9 de l\u2019\u00e9cole.<\/p>\n<hr\/>\n<h3>Lire aussi:\u00a0<a href=\"http:\/\/www.aps.dz\/culture\/95071-tizi-ouzou-le-patrimoine-immateriel-celebre-a-travers-l-institution-de-tajmaat\" target=\"_blank\" rel=\"noopener noreferrer\">Tizi-Ouzou: le patrimoine immat\u00e9riel c\u00e9l\u00e9br\u00e9 \u00e0 travers l&rsquo;institution de Tajma\u00e2t<\/a><\/h3>\n<hr\/>\n<p>Il est attendu la construction d\u2019une tour ouverte au public et o\u00f9 tous les m\u00e9tiers de l\u2019artisanat seront expos\u00e9s, ceci pour relancer les m\u00e9tiers de ce secteur dont les retomb\u00e9es \u00e9conomiques seront b\u00e9n\u00e9fiques au village.<\/p>\n<p>L\u2019op\u00e9ration du tri s\u00e9lectif des ordures est une op\u00e9ration pr\u00e9vue dans l\u2019agenda du comit\u00e9 et s\u2019inscrit comme une source de revenus.<\/p>\n<blockquote readability=\"10\">\n<p><em><strong>Le volet social est pr\u00e9sent et constitue un axe majeur dans les actions du comit\u00e9. \u00a0\u00bbLa\u00a0 commission sociale apporte une aide aux n\u00e9cessiteux et aux personnes handicap\u00e9s \u00e0 travers la distribution de produits de premi\u00e8re n\u00e9cessit\u00e9e\u00a0\u00bb, a pr\u00e9cis\u00e9 le responsable de cette commission, Djamel Tabani.<\/strong><\/em><\/p>\n<\/blockquote>\n<p>La commission a mis en place une banque de donn\u00e9es des donneurs de sang et organise des campagnes de circoncision en partenariat avec les structures hospitali\u00e8res.<\/p>\n<p>Dans le respect des traditions, le comit\u00e9 organise \u00e0 chaque jour de l\u2019A\u00efd El Fitr, la distribution de quota de viande \u00a0\u00bbTimechret\u00a0\u00bb.<\/p>\n<p>Class\u00e9 8e au concours du village le plus propre en 2017, le comit\u00e9 compte participer \u00e0 la prochaine \u00e9dition et ambitionne d\u2019accueillir le festival international \u00ab\u00a0Raconte-Arts\u00a0\u00bb.<\/p>\n<p>Le comit\u00e9 travaille en parfaite collaboration avec les \u00e9lus de l\u2019APC de Souk El-Tenine \u00e0 leur t\u00eate le Pr\u00e9sident, a conclu M. Berrehal.<\/p>\n<\/div>\n<p>Auteur:<br \/>\n<a href=\"http:\/\/www.aps.dz\/regions\/109856-le-comite-de-village-de-tighilt-mahmoud-perpetue-les-valeurs-de-tajmaat\">Cliquez ici pour lire l&rsquo;article depuis sa source.<\/a><\/p>\n","protected":false},"excerpt":{"rendered":"<p>TIZI-OUZOU &#8211; La tradition ancestrale de \u00ab\u00a0Tajmaat\u00a0\u00bb se perp\u00e9tue au village Tighilt-Mahmoud gr\u00e2ce aux actions de solidarit\u00e9 impr\u00e9gn\u00e9es d\u2019une sociabilit\u00e9 \u00e9tendue, men\u00e9es par le comit\u00e9 de b\u00e9n\u00e9voles. A l\u2019entr\u00e9e du village situ\u00e9 \u00e0 750m d\u2019altitude au Sud-est de la Wilaya de Tizi-ouzou, le visiteur est accueilli par une st\u00e8le comm\u00e9morative \u00e9rig\u00e9e en honneur aux 19 [&hellip;]<\/p>\n","protected":false},"author":1790,"featured_media":0,"comment_status":"closed","ping_status":"closed","sticky":false,"template":"","format":"standard","meta":{"fifu_image_url":"","fifu_image_alt":"","footnotes":""},"categories":[53,76],"tags":[],"class_list":["post-99192","post","type-post","status-publish","format-standard","hentry","category-algerie","category-regions"],"_links":{"self":[{"href":"https:\/\/linitiative.ca\/International\/wp-json\/wp\/v2\/posts\/99192","targetHints":{"allow":["GET"]}}],"collection":[{"href":"https:\/\/linitiative.ca\/International\/wp-json\/wp\/v2\/posts"}],"about":[{"href":"https:\/\/linitiative.ca\/International\/wp-json\/wp\/v2\/types\/post"}],"author":[{"embeddable":true,"href":"https:\/\/linitiative.ca\/International\/wp-json\/wp\/v2\/users\/1790"}],"replies":[{"embeddable":true,"href":"https:\/\/linitiative.ca\/International\/wp-json\/wp\/v2\/comments?post=99192"}],"version-history":[{"count":0,"href":"https:\/\/linitiative.ca\/International\/wp-json\/wp\/v2\/posts\/99192\/revisions"}],"wp:attachment":[{"href":"https:\/\/linitiative.ca\/International\/wp-json\/wp\/v2\/media?parent=99192"}],"wp:term":[{"taxonomy":"category","embeddable":true,"href":"https:\/\/linitiative.ca\/International\/wp-json\/wp\/v2\/categories?post=99192"},{"taxonomy":"post_tag","embeddable":true,"href":"https:\/\/linitiative.ca\/International\/wp-json\/wp\/v2\/tags?post=99192"}],"curies":[{"name":"wp","href":"https:\/\/api.w.org\/{rel}","templated":true}]}}