{"id":99193,"date":"2020-09-18T10:03:19","date_gmt":"2020-09-18T14:03:19","guid":{"rendered":"https:\/\/linitiative.ca\/International\/le-developpement-des-zones-dombre-passe-par-la-promotion-de-leurs-habitants\/"},"modified":"2020-09-18T10:03:19","modified_gmt":"2020-09-18T14:03:19","slug":"le-developpement-des-zones-dombre-passe-par-la-promotion-de-leurs-habitants","status":"publish","type":"post","link":"https:\/\/linitiative.ca\/International\/le-developpement-des-zones-dombre-passe-par-la-promotion-de-leurs-habitants\/","title":{"rendered":"Le d\u00e9veloppement des zones d\u2019ombre passe par la promotion de leurs habitants"},"content":{"rendered":"<div readability=\"35\">\n<p><strong>AIN DEFLA &#8211; Le d\u00e9veloppement des zones d\u2019ombre passe par la promotion de leurs habitants et du milieu dans lequel ces derniers vivent, a affirm\u00e9 jeudi \u00e0 A\u00efn Defla le conseiller du Pr\u00e9sident de la R\u00e9publique charg\u00e9 des zones d\u2019ombre Brahim Merrad.<\/strong><\/p>\n<\/div>\n<div readability=\"84.169338335607\">\n<p>\u00ab\u00a0Il est absolument n\u00e9cessaire de promouvoir les habitants vivant dans les zones d\u2019ombre et le milieu dans lequel ils vivent si l\u2019on veut assurer le d\u00e9veloppement de ces r\u00e9gions\u00a0\u00bb, a insist\u00e9 M. Merrad au cours de sa discussion avec des habitants des r\u00e9gions enclav\u00e9es des communes d\u2019A\u00efn Defla, El Mayenne et A\u00efn Soltane lors de sa visite dans ces r\u00e9gions.<\/p>\n<p>En mettant l\u2019accent sur l\u2019int\u00e9r\u00eat accord\u00e9 par le Pr\u00e9sident de la R\u00e9publique \u00e0 la promotion des zones d\u2019ombre et de la n\u00e9cessit\u00e9 que les citoyens y vivent dans la dignit\u00e9, il a fait part de la d\u00e9termination des pouvoirs publics \u00e0 assurer les conditions \u00e0 m\u00eame de permettre une vie d\u00e9cente aux habitants de ces r\u00e9gions.<\/p>\n<blockquote readability=\"17\">\n<p><em><strong>\u00ab\u00a0D\u00e8s lors que vous avez accept\u00e9 de continuer, vous et votre prog\u00e9niture, \u00e0 vivre au niveau de ces r\u00e9gions alors que certains auraient pu s\u2019\u00e9tablir dans les villes en exacerbant les difficult\u00e9s quotidiennes, fait qu\u2019il est on ne peut plus l\u00e9gitime de vous faire b\u00e9n\u00e9ficier des commodit\u00e9s les plus \u00e9l\u00e9mentaires \u00e0 l\u2019instar, notamment, de l\u2019approvisionnement en eau potable, la r\u00e9alisation de routes praticables, le raccordement au r\u00e9seau de gaz naturel, l\u2019am\u00e9lioration des conditions de scolarit\u00e9 ainsi que les prestations sanitaires\u00a0\u00bb, a-t-il soutenu.<\/strong><\/em><\/p>\n<\/blockquote>\n<p>Outre la fixation de la population dans son milieu originel, cette d\u00e9marche est de nature \u00e0 lui permettre de s\u2019adonner \u00e0 ses activit\u00e9s de pr\u00e9dilection \u00e0 l\u2019instar notamment de l\u2019agriculture et l\u2019\u00e9levage, a-t-il fait remarquer.<\/p>\n<hr\/>\n<h3>Lire aussi:\u00a0<a href=\"http:\/\/www.aps.dz\/regions\/106781-abdelaziz-djerad-tous-les-moyens-disponibles-pour-la-prise-en-charge-des-zones-d-ombre-a-travers-le-pays\" target=\"_blank\" rel=\"noopener noreferrer\">Djerad: tous les moyens disponibles pour la prise en charge des zones d\u2019ombre<\/a><\/h3>\n<hr\/>\n<p>Pour M. Merrad, le programme de d\u00e9veloppement des zones enclav\u00e9es ira jusqu\u2019\u00e0 son terme, signalant qu\u2019une r\u00e9gion est class\u00e9e zone d\u2019ombre d\u00e8s lors qu\u2019elle pr\u00e9sente un d\u00e9ficit \u00ab\u00a0criard\u00a0\u00bb en mati\u00e8re de disponibilit\u00e9 de commodit\u00e9s les plus \u00e9l\u00e9mentaires.<\/p>\n<p>Le m\u00eame responsable a, par ailleurs, fait part de sa d\u00e9termination \u00e0 se rendre \u00e0 toutes les zones enclav\u00e9es en vue d&rsquo;en \u00e9valuer les besoins, invitant la population de ces r\u00e9gions \u00e0 fixer leurs dol\u00e9ances selon l&rsquo;ordre des priorit\u00e9s.<\/p>\n<blockquote readability=\"10\">\n<p><em><strong>Faisant \u00e9tat du recensement de 440 zones d\u2019ombre \u00e0 l\u2019\u00e9chelle de la wilaya, le wali d\u2019A\u00efn Defla, Embarek el Bar, a de son c\u00f4t\u00e9 not\u00e9 que 183 d\u2019entre elles ont b\u00e9n\u00e9fici\u00e9 de 228 op\u00e9rations de d\u00e9veloppement dont le taux d\u2019avancement a d\u00e9pass\u00e9 les 60%.<\/strong><\/em><\/p>\n<\/blockquote>\n<p>\u00ab\u00a0Une fois achev\u00e9s, ces projets ayant trait aux besoins quotidiens de la population, toucheront quelque 290 000 habitants, soit plus de 30 % du nombre total d\u2019habitants de la wilaya\u00a0\u00bb, s\u2019est r\u00e9joui le chef de l\u2019ex\u00e9cutif local.<\/p>\n<p>Faisant preuve d\u2019un sens \u00e9lev\u00e9 de civisme et d\u2019organisation, les citoyens ont mis \u00e0 profit la pr\u00e9sence du conseiller du Pr\u00e9sident de la R\u00e9publique pour soulever un certain nombre de leurs pr\u00e9occupations ax\u00e9es notamment sur l\u2019alimentation en eau, les routes et le transport scolaire.<\/p>\n<\/div>\n<p>Auteur:<br \/>\n<a href=\"http:\/\/www.aps.dz\/regions\/109857-le-developpement-des-zones-d-ombre-passe-par-la-promotion-de-leurs-habitants\">Cliquez ici pour lire l&rsquo;article depuis sa source.<\/a><\/p>\n","protected":false},"excerpt":{"rendered":"<p>AIN DEFLA &#8211; Le d\u00e9veloppement des zones d\u2019ombre passe par la promotion de leurs habitants et du milieu dans lequel ces derniers vivent, a affirm\u00e9 jeudi \u00e0 A\u00efn Defla le conseiller du Pr\u00e9sident de la R\u00e9publique charg\u00e9 des zones d\u2019ombre Brahim Merrad. \u00ab\u00a0Il est absolument n\u00e9cessaire de promouvoir les habitants vivant dans les zones d\u2019ombre [&hellip;]<\/p>\n","protected":false},"author":1790,"featured_media":0,"comment_status":"closed","ping_status":"closed","sticky":false,"template":"","format":"standard","meta":{"fifu_image_url":"","fifu_image_alt":"","footnotes":""},"categories":[53,76],"tags":[],"class_list":["post-99193","post","type-post","status-publish","format-standard","hentry","category-algerie","category-regions"],"_links":{"self":[{"href":"https:\/\/linitiative.ca\/International\/wp-json\/wp\/v2\/posts\/99193","targetHints":{"allow":["GET"]}}],"collection":[{"href":"https:\/\/linitiative.ca\/International\/wp-json\/wp\/v2\/posts"}],"about":[{"href":"https:\/\/linitiative.ca\/International\/wp-json\/wp\/v2\/types\/post"}],"author":[{"embeddable":true,"href":"https:\/\/linitiative.ca\/International\/wp-json\/wp\/v2\/users\/1790"}],"replies":[{"embeddable":true,"href":"https:\/\/linitiative.ca\/International\/wp-json\/wp\/v2\/comments?post=99193"}],"version-history":[{"count":0,"href":"https:\/\/linitiative.ca\/International\/wp-json\/wp\/v2\/posts\/99193\/revisions"}],"wp:attachment":[{"href":"https:\/\/linitiative.ca\/International\/wp-json\/wp\/v2\/media?parent=99193"}],"wp:term":[{"taxonomy":"category","embeddable":true,"href":"https:\/\/linitiative.ca\/International\/wp-json\/wp\/v2\/categories?post=99193"},{"taxonomy":"post_tag","embeddable":true,"href":"https:\/\/linitiative.ca\/International\/wp-json\/wp\/v2\/tags?post=99193"}],"curies":[{"name":"wp","href":"https:\/\/api.w.org\/{rel}","templated":true}]}}