{"id":99195,"date":"2020-09-18T01:00:56","date_gmt":"2020-09-18T05:00:56","guid":{"rendered":"https:\/\/linitiative.ca\/International\/le-licenciement-economique-tente-de-plus-en-plus-les-entreprises\/"},"modified":"2020-09-18T01:00:56","modified_gmt":"2020-09-18T05:00:56","slug":"le-licenciement-economique-tente-de-plus-en-plus-les-entreprises","status":"publish","type":"post","link":"https:\/\/linitiative.ca\/International\/le-licenciement-economique-tente-de-plus-en-plus-les-entreprises\/","title":{"rendered":"Le licenciement \u00e9conomique tente de plus en plus les entreprises"},"content":{"rendered":"<p class=\"rtejustify\">Est-ce la saison des licenciements \u00e9conomiques? Le sujet interpelle \u00e0 l\u2019heure o\u00f9 la pand\u00e9mie du coronavirus a pris en otage plusieurs villes comme Casablanca, le poumon \u00e9conomique du Royaume. Des inqui\u00e9tudes fleurissent ici et l\u00e0 contre les abus. Surtout apr\u00e8s le feu vert du minist\u00e8re de l\u2019Int\u00e9rieur au plan social de la compagnie a\u00e9rienne RAM.<\/p>\n<p class=\"rtejustify\">\u00abLe simulacre de proc\u00e9dure (&#8230;) va ouvrir la voie \u00e0 l\u2019utilisation massive des licenciements \u00e9conomiques et plonger des milliers de nos concitoyens dans la pr\u00e9carit\u00e9\u00bb, s\u2019inqui\u00e8te l\u2019Association marocaine des pilotes de ligne. Ses craintes interviennent dans le cadre du plan social engag\u00e9 par la Royal Air Maroc (RAM). La corporation des pilotes les a signifi\u00e9s, le 17 ao\u00fbt 2020, dans une lettre adress\u00e9e \u00e0 la gouverneure de Hay Hassani, \u00e0 Casablanca, Khadija Benchouikh.<\/p>\n<p class=\"rtejustify\">M\u00eame son de cloche chez l\u2019Union marocaine du travail (UMT). Le syndicat s\u2019est d\u00e9j\u00e0 prononc\u00e9 sur \u00abl\u2019ill\u00e9galit\u00e9 de la proc\u00e9dure des licenciements\u00bb tout en avertissant qu\u2019il \u00abne m\u00e9nagera aucun effort pour d\u00e9fendre les int\u00e9r\u00eats du personnel\u00bb de la RAM. \u00a0<br \/>Ce cas in\u00e9dit semble inspirer des managers dans leurs recherches d\u2019une solution de crise. Des banquiers pronostiquent d\u2019ailleurs des mises \u00e0 la porte massives.\u00a0 \u00abJe m\u2019attends \u00e0 des licenciements \u00e9conomiques avec l\u2019apparition de motifs jusque-l\u00e0 jamais utilis\u00e9s sur le plan proc\u00e9dural comme la non-atteinte d\u2019objectif de production par un salari\u00e9 ou la perte d\u2019employabilit\u00e9\u00bb, t\u00e9moigne sous le sceau de l\u2019anonymat un responsable juridique d\u2019une grande banque.<\/p>\n<div class=\"dnd-atom-wrapper type-image context-sdl_editor_representation\" contenteditable=\"false\">\n<div class=\"dnd-drop-wrapper\">\n<div class=\"image\"><img loading=\"lazy\" decoding=\"async\" typeof=\"foaf:Image\" class=\"img-responsive\" src=\"https:\/\/www.leconomiste.com\/sites\/default\/files\/eco7\/public\/thumbnails\/image\/licenciement-economique-045.jpg\" width=\"800\" height=\"425\" alt=\"licenciement-economique-045.jpg\" title=\"licenciement-economique-045.jpg\"\/><\/div>\n<\/div>\n<\/div>\n<p class=\"rtejustify\">Les pr\u00e9visions du secteur bancaire sont nourries par les cr\u00e9ances en souffrance: 77 milliards de DH \u00e0 fin juillet 2020. Les impay\u00e9s de cr\u00e9dits \u00e0 la charge des entreprises est de 44 milliards de DH. Ce qui repr\u00e9sente plus de 14% sur un an, selon les statistiques mon\u00e9taires. La Banque centrale s\u2019attend \u00e0 une hausse des cr\u00e9ances en souffrance. Ses pr\u00e9visions confortent relativement celles \u00e9mises auparavant par la compagnie d\u2019assurance-cr\u00e9dit Euler Hermes. \u00abLa situation se d\u00e9grade pour plusieurs pays y compris pour le Maroc qui voit sa cote de risque r\u00e9vis\u00e9e. Elle passe du risque faible \u00e0 risque mod\u00e9r\u00e9\u00bb <a href=\"https:\/\/leconomiste.com\/archive\/edition\/5733\" target=\"_blank\" rel=\"noopener noreferrer\"><span><strong><em>(Cf. L\u2019Economiste n\u00b0 5733 du 3 avril 2020)<\/em><\/strong><\/span><\/a>.<br \/>Le marasme \u00e9conomique aura certainement des cons\u00e9quences sociales.<\/p>\n<p class=\"rtejustify\">Des avocats ont d\u00e9j\u00e0 alert\u00e9 sur une grosse vague de proc\u00e9dures collectives: plan de sauvegarde, redressement judiciaire et liquidation (Cf.<a href=\"https:\/\/leconomiste.com\/archive\/edition\/5772\" target=\"_blank\" rel=\"noopener noreferrer\"> <span><strong><em>L\u2019Economiste n\u00b0 5772 du 1 juin 2020<\/em><\/strong><\/span><\/a> et <a href=\"https:\/\/leconomiste.com\/archive\/edition\/5828\" target=\"_blank\" rel=\"noopener noreferrer\"><span><strong><em>n\u00b0 5828 du 25 ao\u00fbt 2020<\/em><\/strong><\/span><\/a>). Certains praticiens du droit constatent \u00e9galement une hausse des consultations sur l\u2019opportunit\u00e9 d\u2019un licenciement massif.<br \/>\u00abNous recevons plusieurs demandes de conseil au sujet du licenciement \u00e9conomique. Nos clients r\u00e9fl\u00e9chissent \u00e0 ce sc\u00e9nario et notamment sur son co\u00fbt financier\u00bb, confie l\u2019avocat Kamal Habachi qui exerce \u00e0 Casablanca. Les secteurs les plus touch\u00e9s sont le tourisme et le textile ainsi que quelques industries, constate le praticien. Il y a m\u00eame \u00abun arr\u00eat d\u2019activit\u00e9 total chez des soci\u00e9t\u00e9s de services\u00bb.<\/p>\n<p class=\"rtejustify\">Des professionnels de l\u2019\u00e9v\u00e9nementiel confirment cet \u00e9tat des lieux tout en \u00e9cartant l\u2019option des licenciements <a href=\"http:\/\/leconomiste.com\/article\/1067290-evenementiel-des-voix-temoignent-sur-l-horreur-economique\" target=\"_blank\" rel=\"noopener noreferrer\"><span><strong><em>(Lire article)<\/em><\/strong><\/span><\/a>. \u00abCertes la situation est tr\u00e8s difficile. Mais humainement, je ne peux pas licencier un collaborateur \u00e0 cause d\u2019une crise&#8230;\u00bb, reconna\u00eet la pr\u00e9sidence de l\u2019association Moroccan Travel Management Club (MTM Club).\u00a0\u00a0<\/p>\n<p class=\"rtejustify\">L\u2019option n\u2019est pas tout \u00e0 fait \u00e9cartable. Le discours patronal dominant a toujours plaid\u00e9 pour la flexibilit\u00e9 du code du travail. En temps de crise cela se traduit par \u00abla r\u00e9duction de la masse salariale pour sauver l\u2019entreprise\u00bb. Un \u00abvrai dilemme\u00bb, reconna\u00eet le management de S\u2019Tour, Azzedine Skali.<\/p>\n<p class=\"rtecenter\"><strong><u>\u00a0\u00a0\u00a0\u00a0\u00a0\u00a0\u00a0\u00a0\u00a0\u00a0\u00a0\u00a0\u00a0\u00a0\u00a0\u00a0\u00a0\u00a0\u00a0\u00a0\u00a0\u00a0\u00a0\u00a0\u00a0\u00a0\u00a0\u00a0\u00a0\u00a0\u00a0\u00a0\u00a0\u00a0\u00a0\u00a0\u00a0\u00a0\u00a0\u00a0\u00a0\u00a0\u00a0\u00a0\u00a0\u00a0\u00a0\u00a0\u00a0\u00a0\u00a0\u00a0\u00a0\u00a0\u00a0\u00a0\u00a0\u00a0\u00a0\u00a0\u00a0\u00a0 <\/u><\/strong><\/p>\n<blockquote readability=\"14\">\n<p class=\"rtecenter\"><strong>Paix sociale ou survie d\u2019une entreprise?\u00a0 <\/strong><\/p>\n<p class=\"rtejustify\">Tailler dans les postes salariaux est-il l\u2019unique solution? A part l\u2019obtention d\u2019un d\u00e9lai de gr\u00e2ce chez les cr\u00e9anciers, le redressement judiciaire ou le licenciement \u00e9conomique figurent parmi les sc\u00e9narios envisageables. \u00abPour certains de nos clients, ce type de licenciement semble la solution la plus appropri\u00e9e. Car une liquidation risque de tra\u00eener des ann\u00e9es et n\u2019est pas acquise d\u2019office aupr\u00e8s des juges. L\u2019indemnisation intervenue dans un plan social limite la casse par rapport \u00e0 un licenciement classique. Encore faut-il en avoir l\u2019autorisation des autorit\u00e9s locales\u00bb, analyse le cabinet d\u2019avocats d\u2019affaires Habachi &amp; Bakouchi.<br \/>En cas de demande de licenciement \u00e9conomique, la d\u00e9cision d\u2019un gouverneur et de la commission provinciale qu\u2019il pr\u00e9side fera face \u00e0 une \u00e9quation difficile.<\/p>\n<\/blockquote>\n<p class=\"rtejustify\"><em>Fai\u00e7al FAQUIHI<\/em><\/p>\n<p>Auteur: hlafriqi<br \/>\n<a href=\"https:\/\/www.leconomiste.com\/article\/1067288-le-licenciement-economique-tente-de-plus-en-plus-les-entreprises\">Cliquez ici pour lire l&rsquo;article depuis sa source.<\/a><\/p>\n","protected":false},"excerpt":{"rendered":"<p>Est-ce la saison des licenciements \u00e9conomiques? Le sujet interpelle \u00e0 l\u2019heure o\u00f9 la pand\u00e9mie du coronavirus a pris en otage plusieurs villes comme Casablanca, le poumon \u00e9conomique du Royaume. Des inqui\u00e9tudes fleurissent ici et l\u00e0 contre les abus. Surtout apr\u00e8s le feu vert du minist\u00e8re de l\u2019Int\u00e9rieur au plan social de la compagnie a\u00e9rienne RAM. [&hellip;]<\/p>\n","protected":false},"author":1763,"featured_media":99196,"comment_status":"closed","ping_status":"closed","sticky":false,"template":"","format":"standard","meta":{"fifu_image_url":"","fifu_image_alt":"","footnotes":""},"categories":[78,54],"tags":[],"class_list":["post-99195","post","type-post","status-publish","format-standard","has-post-thumbnail","hentry","category-economie","category-maroc"],"_links":{"self":[{"href":"https:\/\/linitiative.ca\/International\/wp-json\/wp\/v2\/posts\/99195","targetHints":{"allow":["GET"]}}],"collection":[{"href":"https:\/\/linitiative.ca\/International\/wp-json\/wp\/v2\/posts"}],"about":[{"href":"https:\/\/linitiative.ca\/International\/wp-json\/wp\/v2\/types\/post"}],"author":[{"embeddable":true,"href":"https:\/\/linitiative.ca\/International\/wp-json\/wp\/v2\/users\/1763"}],"replies":[{"embeddable":true,"href":"https:\/\/linitiative.ca\/International\/wp-json\/wp\/v2\/comments?post=99195"}],"version-history":[{"count":0,"href":"https:\/\/linitiative.ca\/International\/wp-json\/wp\/v2\/posts\/99195\/revisions"}],"wp:featuredmedia":[{"embeddable":true,"href":"https:\/\/linitiative.ca\/International\/wp-json\/"}],"wp:attachment":[{"href":"https:\/\/linitiative.ca\/International\/wp-json\/wp\/v2\/media?parent=99195"}],"wp:term":[{"taxonomy":"category","embeddable":true,"href":"https:\/\/linitiative.ca\/International\/wp-json\/wp\/v2\/categories?post=99195"},{"taxonomy":"post_tag","embeddable":true,"href":"https:\/\/linitiative.ca\/International\/wp-json\/wp\/v2\/tags?post=99195"}],"curies":[{"name":"wp","href":"https:\/\/api.w.org\/{rel}","templated":true}]}}