{"id":99199,"date":"2020-09-18T12:30:00","date_gmt":"2020-09-18T16:30:00","guid":{"rendered":"https:\/\/linitiative.ca\/International\/le-president-de-la-federation-italienne-veut-introduire-un-final-8\/"},"modified":"2020-09-18T12:30:00","modified_gmt":"2020-09-18T16:30:00","slug":"le-president-de-la-federation-italienne-veut-introduire-un-final-8","status":"publish","type":"post","link":"https:\/\/linitiative.ca\/International\/le-president-de-la-federation-italienne-veut-introduire-un-final-8\/","title":{"rendered":"Le pr\u00e9sident de la F\u00e9d\u00e9ration italienne veut introduire un \u00abFinal 8\u00bb"},"content":{"rendered":"<p class=\"p1 c3\"><span class=\"c2\">Gabriele Gravina, le pr\u00e9sident de la F\u00e9d\u00e9ration italienne veut modifier consid\u00e9rablement le format de la Serie A.<\/span><\/p>\n<p class=\"p1 c3\"><span class=\"c2\">Le football se dirige-t-il vers la fin des championnats nationaux avec le format phase aller puis phase retour ? Hier, on apprenait que Gianni Infantino, le pr\u00e9sident de la FIFA,\u00a0souhaitait\u00a0\u00ab all\u00e9ger \u00bb\u00a0les calendriers des championnats nationaux en introduisant des matches \u00e0 \u00e9limination directe afin de\u00a0\u00ab tuer l\u203aennui \u00bb.<\/span><\/p>\n<p class=\"p1 c3\"><span class=\"c2\">Et ce jeudi matin, Gabriele Gravina, le pr\u00e9sident de la FIGC, la F\u00e9d\u00e9ration italienne de football, d\u00e9clare dans une interview au\u00a0Corriere dello Sport, qu\u2019il envisage de r\u00e9former la\u00a0Serie A\u00a0dont le championnat est syst\u00e9matiquement remport\u00e9 par laJuventus\u00a0depuis neuf ans :\u00a0\u00ab Notre championnat risque de perdre son int\u00e9r\u00eat si en fin de saison, certaines \u00e9quipes n\u203aont plus rien \u00e0 jouer parce qu\u203aelles sont s\u00fbres de descendre ou qu\u203aelles ont d\u00e9j\u00e0 assur\u00e9 le maintien ou une qualification europ\u00e9enne. Et un sport avec des matches sans int\u00e9r\u00eat n\u203aa aucun sens. Je travaille donc pour une\u00a0Serie A\u00a0divis\u00e9e en trois phases et qui s\u203aach\u00e8verait avec un Final 8 pour d\u00e9cerner le titre de champion \u00bb.<\/span><\/p>\n<p class=\"p1 c3\"><span class=\"c2\">Reste \u00e0 savoir si les clubs italiens accepteront cette proposition.<\/span><\/p>\n<p>Auteur: letemps1<br \/>\n<a href=\"http:\/\/www.letemps.com.tn\/article\/117115\/le-pr%C3%A9sident-de-la-f%C3%A9d%C3%A9ration-italienne-veut-introduire-un-%C2%ABfinal-8%C2%BB\">Cliquez ici pour lire l&rsquo;article depuis sa source.<\/a><\/p>\n","protected":false},"excerpt":{"rendered":"<p>Gabriele Gravina, le pr\u00e9sident de la F\u00e9d\u00e9ration italienne veut modifier consid\u00e9rablement le format de la Serie A. Le football se dirige-t-il vers la fin des championnats nationaux avec le format phase aller puis phase retour ? Hier, on apprenait que Gianni Infantino, le pr\u00e9sident de la FIFA,\u00a0souhaitait\u00a0\u00ab all\u00e9ger \u00bb\u00a0les calendriers des championnats nationaux en introduisant [&hellip;]<\/p>\n","protected":false},"author":1773,"featured_media":0,"comment_status":"closed","ping_status":"closed","sticky":false,"template":"","format":"standard","meta":{"fifu_image_url":"","fifu_image_alt":"","footnotes":""},"categories":[73,55],"tags":[],"class_list":["post-99199","post","type-post","status-publish","format-standard","hentry","category-actualite","category-tunisie"],"_links":{"self":[{"href":"https:\/\/linitiative.ca\/International\/wp-json\/wp\/v2\/posts\/99199","targetHints":{"allow":["GET"]}}],"collection":[{"href":"https:\/\/linitiative.ca\/International\/wp-json\/wp\/v2\/posts"}],"about":[{"href":"https:\/\/linitiative.ca\/International\/wp-json\/wp\/v2\/types\/post"}],"author":[{"embeddable":true,"href":"https:\/\/linitiative.ca\/International\/wp-json\/wp\/v2\/users\/1773"}],"replies":[{"embeddable":true,"href":"https:\/\/linitiative.ca\/International\/wp-json\/wp\/v2\/comments?post=99199"}],"version-history":[{"count":0,"href":"https:\/\/linitiative.ca\/International\/wp-json\/wp\/v2\/posts\/99199\/revisions"}],"wp:attachment":[{"href":"https:\/\/linitiative.ca\/International\/wp-json\/wp\/v2\/media?parent=99199"}],"wp:term":[{"taxonomy":"category","embeddable":true,"href":"https:\/\/linitiative.ca\/International\/wp-json\/wp\/v2\/categories?post=99199"},{"taxonomy":"post_tag","embeddable":true,"href":"https:\/\/linitiative.ca\/International\/wp-json\/wp\/v2\/tags?post=99199"}],"curies":[{"name":"wp","href":"https:\/\/api.w.org\/{rel}","templated":true}]}}