{"id":99210,"date":"2020-09-18T15:13:19","date_gmt":"2020-09-18T19:13:19","guid":{"rendered":"https:\/\/linitiative.ca\/International\/pros-schalke-04-bentaleb-titulaire-pour-la-premiere-journee-de-bundesliga-face-au-bayern\/"},"modified":"2020-09-18T15:13:19","modified_gmt":"2020-09-18T19:13:19","slug":"pros-schalke-04-bentaleb-titulaire-pour-la-premiere-journee-de-bundesliga-face-au-bayern","status":"publish","type":"post","link":"https:\/\/linitiative.ca\/International\/pros-schalke-04-bentaleb-titulaire-pour-la-premiere-journee-de-bundesliga-face-au-bayern\/","title":{"rendered":"Pros : Schalke 04 : Bentaleb titulaire pour la premi\u00e8re journ\u00e9e de Bundesliga face au Bayern"},"content":{"rendered":"<div readability=\"32\">\n<p>Auteur : <span class=\"time\">vendredi 18 septembre 2020 18:48<\/span><\/p>\n<\/div>\n<div id=\"post_core\" readability=\"53\">\n<p>Nabil Bentaleb, de retour d&rsquo;un pr\u00eat de six mois \u00e0 Newcastle, d\u00e9butera cette premi\u00e8re journ\u00e9e du championnat en tant que titulaire. Voici les compositions des deux \u00e9quipes :<\/p>\n<p><strong>Bayern :<\/strong> Neuer &#8211; Pavard, S\u00fcle, Boateng, Hernandez &#8211; Kimmich, Goretzka &#8211; Gnabry, M\u00fcller, San\u00e9 &#8211; Lewandowski.<\/p>\n<p><strong>Schalke 04 :<\/strong> F\u00e4hrmann &#8211; Rudy, Kabak, Stambouli, Oczipka &#8211; Bentaleb &#8211; Harit, Uth, Serdar, Matondo- Paciencia.<\/p>\n<p><strong>Publi\u00e9 dans :<\/strong> <span>bentaleb<\/span><\/p>\n<\/div>\n<p>Auteur:<br \/>\n<a href=\"http:\/\/www.lebuteur.com\/article\/detail?titre=schalke-04-bentaleb-titulaire-pour-la-premiere-journee-de-bundesliga-face-au-bayern&#038;id=97295&#038;utm_source=feedburner&#038;utm_medium=feed&#038;utm_campaign=Feed%3A+GalerieFArtciles+%28Les+derniers+articles++-+lebuteur.com%29\">Cliquez ici pour lire l&rsquo;article depuis sa source.<\/a><\/p>\n","protected":false},"excerpt":{"rendered":"<p>Auteur : vendredi 18 septembre 2020 18:48 Nabil Bentaleb, de retour d&rsquo;un pr\u00eat de six mois \u00e0 Newcastle, d\u00e9butera cette premi\u00e8re journ\u00e9e du championnat en tant que titulaire. Voici les compositions des deux \u00e9quipes : Bayern : Neuer &#8211; Pavard, S\u00fcle, Boateng, Hernandez &#8211; Kimmich, Goretzka &#8211; Gnabry, M\u00fcller, San\u00e9 &#8211; Lewandowski. Schalke 04 : [&hellip;]<\/p>\n","protected":false},"author":1738,"featured_media":99211,"comment_status":"closed","ping_status":"closed","sticky":false,"template":"","format":"standard","meta":{"fifu_image_url":"","fifu_image_alt":"","footnotes":""},"categories":[53,75],"tags":[],"class_list":["post-99210","post","type-post","status-publish","format-standard","has-post-thumbnail","hentry","category-algerie","category-sport"],"_links":{"self":[{"href":"https:\/\/linitiative.ca\/International\/wp-json\/wp\/v2\/posts\/99210","targetHints":{"allow":["GET"]}}],"collection":[{"href":"https:\/\/linitiative.ca\/International\/wp-json\/wp\/v2\/posts"}],"about":[{"href":"https:\/\/linitiative.ca\/International\/wp-json\/wp\/v2\/types\/post"}],"author":[{"embeddable":true,"href":"https:\/\/linitiative.ca\/International\/wp-json\/wp\/v2\/users\/1738"}],"replies":[{"embeddable":true,"href":"https:\/\/linitiative.ca\/International\/wp-json\/wp\/v2\/comments?post=99210"}],"version-history":[{"count":0,"href":"https:\/\/linitiative.ca\/International\/wp-json\/wp\/v2\/posts\/99210\/revisions"}],"wp:featuredmedia":[{"embeddable":true,"href":"https:\/\/linitiative.ca\/International\/wp-json\/"}],"wp:attachment":[{"href":"https:\/\/linitiative.ca\/International\/wp-json\/wp\/v2\/media?parent=99210"}],"wp:term":[{"taxonomy":"category","embeddable":true,"href":"https:\/\/linitiative.ca\/International\/wp-json\/wp\/v2\/categories?post=99210"},{"taxonomy":"post_tag","embeddable":true,"href":"https:\/\/linitiative.ca\/International\/wp-json\/wp\/v2\/tags?post=99210"}],"curies":[{"name":"wp","href":"https:\/\/api.w.org\/{rel}","templated":true}]}}