{"id":99213,"date":"2020-09-18T15:18:15","date_gmt":"2020-09-18T19:18:15","guid":{"rendered":"https:\/\/linitiative.ca\/International\/lazhar-hani-ministre-des-transports-une-nouvelle-approche-de-lutte-contre-les-accidents-de-la-route\/"},"modified":"2020-09-18T15:18:15","modified_gmt":"2020-09-18T19:18:15","slug":"lazhar-hani-ministre-des-transports-une-nouvelle-approche-de-lutte-contre-les-accidents-de-la-route","status":"publish","type":"post","link":"https:\/\/linitiative.ca\/International\/lazhar-hani-ministre-des-transports-une-nouvelle-approche-de-lutte-contre-les-accidents-de-la-route\/","title":{"rendered":"Lazhar Hani, Ministre des Transports : Une nouvelle approche de lutte contre les accidents de la route"},"content":{"rendered":"<p>Le ministre des Transports, Lazhar Hani, a affirm\u00e9 que son d\u00e9partement \u00e9tait en passe d&rsquo;\u00e9laborer un texte de loi garantissant la dotation des v\u00e9hicules de transport en communs et des marchandises, en tachym\u00e8tres permettant de chronom\u00e9trer la distance parcourue entre autres informations, dans le but de r\u00e9duire les accidents de la route, dus en majorit\u00e9 \u00e0 l&rsquo;exc\u00e8s de vitesse, \u00e0 la fatigue et au non respect de code de la circulation. Le ministre a soulign\u00e9 que les statistiques et enqu\u00eates r\u00e9alis\u00e9es par les forces de s\u00e9curit\u00e9 comp\u00e9tentes d\u00e9montrent que le facteur humain demeure le principal facteur \u00e0 l&rsquo;origine des accidents de la route \u00e0 96%. Le minist\u00e8re \u0153uvre \u00e0 adopter des moyens techniques modernes de contr\u00f4le de la vitesse \u00e0 distance. C&rsquo;est dans ce cadre qu&rsquo;une commission minist\u00e9rielle \u00abs&rsquo;attache \u00e0 pr\u00e9parer un projet de texte de loi sur le tachym\u00e8tre, dont la mouture finale est en cours de finalisation\u00bb explique le ministre. \u00abLes v\u00e9hicules de transport des voyageurs, de transport scolaire et de transport de marchandises seront bient\u00f4t dot\u00e9s de cet appareil qui permettra \u00e9galement de les localiser et de chronom\u00e9trer leur parcours, ce qui obligera les conducteurs \u00e0 respecter la vitesse l\u00e9gale et prendre le repos n\u00e9cessaire, notamment pour ceux qui voyagent dans de longs trajets\u00bb a-t-il ajout\u00e9. M. Hani a indiqu\u00e9 que son d\u00e9partement a pris plusieurs mesures pour lutter contre l&rsquo;h\u00e9catombe sur les routes alg\u00e9riennes. Parmi ces mesures le durcissement des sanctions contre le comportement des conducteurs peu respectueux des lois au volant notamment ceux des transports en commun et scolaires. Le ministre insiste que ces mesures ont \u00e9t\u00e9 prises dans l&rsquo;objectif de \u00abs&rsquo;assurer de l&rsquo;\u00e9tat de sant\u00e9 psychologique des conducteurs des transports en commun et scolaires et l&rsquo;examen de leur parcours professionnel, en coordination avec les services du travail, de l&#8217;emploi et de la s\u00e9curit\u00e9 sociale\u00bb. Dans ce sillage, M.\u2008Hani a d\u00e9clar\u00e9 que le minist\u00e8re \u0153uvre \u00e0 \u00abla cr\u00e9ation prochaine de commissions conjointes avec les services des transports, les services de s\u00e9curit\u00e9 et les inspections de travail, \u00e0 travers les wilayas pour intensifier les op\u00e9rations de contr\u00f4le inopin\u00e9es, mais aussi la formation en continu des conducteurs et leur mise \u00e0 niveau\u00bb .<br \/>Pr ailleurs, M. Hani a expliqu\u00e9 que le minist\u00e8re s&rsquo;att\u00e8le \u00e0 d\u00e9velopper une approche de communication li\u00e9 \u00e0 la pr\u00e9vention routi\u00e8re, en coordination avec le minist\u00e8re de la Communication, \u00e0 travers le lancement de campagnes de sensibilisation destin\u00e9s aux usagers de la route \u00abafin de les sensibiliser \u00e0 l&rsquo;importance de respecter les lois en vigueur et la vigilance\u00bb.<br \/>Le ministre a indiqu\u00e9 par ailleurs, qu&rsquo;il a \u00e9t\u00e9 proc\u00e9d\u00e9 r\u00e9cemment \u00e0 la cr\u00e9ation du projet de la station de pesage des poids lourds au niveau des routes et des sorties des usines \u00abafin d&rsquo;\u00e9viter le surpoids \u00e0 l&rsquo;origine de la d\u00e9gradation des routes\u00bb, ainsi que \u00abl&rsquo;institution d&rsquo;un texte organisationnel invitant les transporteurs \u00e0 suivre une formation compl\u00e9mentaire qualifiante continuellement\u00bb.<br \/>En r\u00e9ponse au d\u00e9put\u00e9 qui l&rsquo;interpelle sur le projet de la gare ferroviaire de Gerouaou (Blida), le ministre fait savoir que le plan d&rsquo;action du minist\u00e8re pour 2021 compte la r\u00e9alisation des gares ferroviaires multiservices pour le transport longues distances des conteneurs \u00e0 partir des ports, et ce au niveau de Touggourt, Bechar, Sidi Bel Abb\u00e8s, Es Senia (Oran), El Khroub (Constantine) et S\u00e9tif. Et d&rsquo;affirmer que la gare multiservice de Bordj Bou Arreridj est entr\u00e9e en service.<br \/>Le ministre indique dans le m\u00eame sillage que l&rsquo;Agence nationale des investissements ferroviaires prend en charge ce projet. Et d&rsquo;affirmer \u00abl&rsquo;\u00e9tude est termin\u00e9e et il sera proc\u00e9d\u00e9 \u00e0 l&rsquo;examen des offres durant prochainement\u00bb. Il a rappel\u00e9 que les projets consacr\u00e9s \u00e0 la wilaya de Blida dans le domaine ferroviaire, portant sur l&rsquo;\u00e9tude en cours de la ligne \u00e9lectrifi\u00e9e (Boufarik-Bouinan), la r\u00e9alisation de la ligne \u00e9lectrifi\u00e9e (El Afroun-Tipaza) et la ligne (Chiffa-Ksar Boukhari) dont l&rsquo;\u00e9tude a \u00e9t\u00e9 achev\u00e9e.<br \/>M. Hani explique que le transport ferroviaire constitue une v\u00e9ritable alternative pour r\u00e9duire les accidents de la route, et souligne que le d\u00e9partement des transports avait r\u00e9alis\u00e9 plusieurs gares multiservices pour le transport des conteneurs \u00e0 partir des ports vers les lieux destin\u00e9s \u00e0 cet effet.<br \/>Tahar Kaidi<\/p>\n<p>Auteur: elmoudjahid<br \/>\n<a href=\"http:\/\/www.elmoudjahid.com\/fr\/actualites\/159749\">Cliquez ici pour lire l&rsquo;article depuis sa source.<\/a><\/p>\n","protected":false},"excerpt":{"rendered":"<p>Le ministre des Transports, Lazhar Hani, a affirm\u00e9 que son d\u00e9partement \u00e9tait en passe d&rsquo;\u00e9laborer un texte de loi garantissant la dotation des v\u00e9hicules de transport en communs et des marchandises, en tachym\u00e8tres permettant de chronom\u00e9trer la distance parcourue entre autres informations, dans le but de r\u00e9duire les accidents de la route, dus en majorit\u00e9 [&hellip;]<\/p>\n","protected":false},"author":1744,"featured_media":0,"comment_status":"closed","ping_status":"closed","sticky":false,"template":"","format":"standard","meta":{"fifu_image_url":"","fifu_image_alt":"","footnotes":""},"categories":[73,53],"tags":[],"class_list":["post-99213","post","type-post","status-publish","format-standard","hentry","category-actualite","category-algerie"],"_links":{"self":[{"href":"https:\/\/linitiative.ca\/International\/wp-json\/wp\/v2\/posts\/99213","targetHints":{"allow":["GET"]}}],"collection":[{"href":"https:\/\/linitiative.ca\/International\/wp-json\/wp\/v2\/posts"}],"about":[{"href":"https:\/\/linitiative.ca\/International\/wp-json\/wp\/v2\/types\/post"}],"author":[{"embeddable":true,"href":"https:\/\/linitiative.ca\/International\/wp-json\/wp\/v2\/users\/1744"}],"replies":[{"embeddable":true,"href":"https:\/\/linitiative.ca\/International\/wp-json\/wp\/v2\/comments?post=99213"}],"version-history":[{"count":0,"href":"https:\/\/linitiative.ca\/International\/wp-json\/wp\/v2\/posts\/99213\/revisions"}],"wp:attachment":[{"href":"https:\/\/linitiative.ca\/International\/wp-json\/wp\/v2\/media?parent=99213"}],"wp:term":[{"taxonomy":"category","embeddable":true,"href":"https:\/\/linitiative.ca\/International\/wp-json\/wp\/v2\/categories?post=99213"},{"taxonomy":"post_tag","embeddable":true,"href":"https:\/\/linitiative.ca\/International\/wp-json\/wp\/v2\/tags?post=99213"}],"curies":[{"name":"wp","href":"https:\/\/api.w.org\/{rel}","templated":true}]}}