{"id":99214,"date":"2020-09-18T15:18:20","date_gmt":"2020-09-18T19:18:20","guid":{"rendered":"https:\/\/linitiative.ca\/International\/abdelbaki-benziane-ministre-de-lenseignement-superieur-des-textes-juridiques-en-faveur-des-doctorants\/"},"modified":"2020-09-18T15:18:20","modified_gmt":"2020-09-18T19:18:20","slug":"abdelbaki-benziane-ministre-de-lenseignement-superieur-des-textes-juridiques-en-faveur-des-doctorants","status":"publish","type":"post","link":"https:\/\/linitiative.ca\/International\/abdelbaki-benziane-ministre-de-lenseignement-superieur-des-textes-juridiques-en-faveur-des-doctorants\/","title":{"rendered":"Abdelbaki Benziane,  Ministre de l\u2019enseignement sup\u00e9rieur : Des textes juridiques en faveur des doctorants"},"content":{"rendered":"<p>De nouvelles mesures juridiques visant \u00e0 permettre aux Doctorants d&rsquo;avoir acc\u00e8s \u00e0 la sph\u00e8re socio-\u00e9conomique seront mises en \u0153uvre prochainement, a annonc\u00e9 le ministre de l&rsquo;Enseignement sup\u00e9rieur et de la Recherche scientifique, Abdelbaki Benziane. M. Benziane a soulign\u00e9 que le minist\u00e8re a engag\u00e9 dans le cadre de son programme de travail strat\u00e9gique \u00abune action \u00e0 caract\u00e8re prioritaire consistant en la proposition d&rsquo;un statut pour les docteurs\u00bb, ajoutant qu&rsquo;il \u0153uvrera en concertation avec la direction g\u00e9n\u00e9rale de la fonction publique et les diff\u00e9rents \u00e9tablissements de l&rsquo;environnement \u00e9conomique et sociale \u00ab\u00e0 concr\u00e9tiser cette proposition sous forme de texte juridique\u00bb. Le ministre fait savoir que ce nouveau texte de loi sera susceptible de g\u00e9n\u00e9rer de l&#8217;emploi dans d&rsquo;autres secteurs, en dehors des \u00e9tablissements universitaires et de recherche en faveur de cette cat\u00e9gorie de dipl\u00f4m\u00e9s hautement qualifi\u00e9s, afin de permettre aux dipl\u00f4m\u00e9s \u00abd&rsquo;\u00e9largir l&rsquo;horizon de leurs attentes en mati\u00e8re de recherche d&#8217;emploi, tout en pr\u00e9cisant que le r\u00f4le de l&rsquo;universit\u00e9 \u00abest de former des comp\u00e9tences en mati\u00e8re de recherche et de cr\u00e9ation, et non pas uniquement la formation pour la recherche d&#8217;emploi et le recrutement \u00e0 l&rsquo;universit\u00e9\u00bb. M. Benziane a affirm\u00e9 que le recrutement des titulaires de dipl\u00f4mes de Master et de doctorat \u00absera renforc\u00e9 dans les plus brefs d\u00e9lais avec 2.800 nouveaux postes budg\u00e9taires\u00bb.<br \/>Par ailleurs, M. Benziane a assur\u00e9 que la r\u00e9vision des conditions et r\u00e8gles de recrutement dans le secteur compte parmi les priorit\u00e9s, soulignant que la question des vacataires fait actuellement l&rsquo;objet d&rsquo;examen au niveau du secteur \u00abpour l&rsquo;\u00e9laboration d&rsquo;un projet de d\u00e9cret ex\u00e9cutif d\u00e9finissant le cadre g\u00e9n\u00e9ral pour le recrutement et l&rsquo;organisation des concours sur la base des dipl\u00f4mes pour acc\u00e9der au poste de ma\u00eetre assistant \u00ab\u00a0A\u00a0\u00bb, lequel sera soumis, d\u00e8s la finalisation de la concertation en cours avec les diff\u00e9rentes parties concern\u00e9es de la communaut\u00e9 universitaire et scientifique, aux autorit\u00e9s comp\u00e9tentes pour engager les mesures d&rsquo;adoption et de validation\u00bb. S&rsquo;agissant de l&rsquo;\u00e9quivalence des dipl\u00f4mes universitaires \u00e9trangers avec les dipl\u00f4mes alg\u00e9riens en g\u00e9n\u00e9ral et l&rsquo;\u00e9quivalence des dipl\u00f4mes de BAC d&rsquo;Al-Azhar en particulier, le ministre a indiqu\u00e9 que \u00able traitement des dossiers d&rsquo;\u00e9quivalence est r\u00e9gi par les dispositions du d\u00e9cret ex\u00e9cutif 95-18 de mars 2018, lequel fixe les conditions et modalit\u00e9s de reconnaissance des dipl\u00f4mes d&rsquo;enseignement sup\u00e9rieur \u00e9trangers\u00bb.<br \/>Le ministre a assur\u00e9 que \u00able probl\u00e8me de reconnaissance de l&rsquo;\u00e9quivalence des dipl\u00f4mes du BAC d&rsquo;Al Azhar pos\u00e9 par plusieurs \u00e9tudiants de cet \u00e9tablissement a \u00e9t\u00e9 r\u00e9gl\u00e9, et les titulaires de ce dipl\u00f4me autoris\u00e9s \u00e0 s&rsquo;inscrire dans les branches de l&rsquo;enseignement sup\u00e9rieur, li\u00e9es \u00e0 leur dipl\u00f4me\u00bb.<br \/>M. Benziane a affirm\u00e9 que \u00ables services en charge de l&rsquo;enseignement sup\u00e9rieur et de la recherche scientifique ont octroy\u00e9 plus de 30 \u00e9quivalences de dipl\u00f4mes universitaires, dont les titulaires ont un BAC d&rsquo;El Azhar\u00bb.<br \/>Tahar Kaidi<\/p>\n<p>Auteur: elmoudjahid<br \/>\n<a href=\"http:\/\/www.elmoudjahid.com\/fr\/actualites\/159750\">Cliquez ici pour lire l&rsquo;article depuis sa source.<\/a><\/p>\n","protected":false},"excerpt":{"rendered":"<p>De nouvelles mesures juridiques visant \u00e0 permettre aux Doctorants d&rsquo;avoir acc\u00e8s \u00e0 la sph\u00e8re socio-\u00e9conomique seront mises en \u0153uvre prochainement, a annonc\u00e9 le ministre de l&rsquo;Enseignement sup\u00e9rieur et de la Recherche scientifique, Abdelbaki Benziane. M. Benziane a soulign\u00e9 que le minist\u00e8re a engag\u00e9 dans le cadre de son programme de travail strat\u00e9gique \u00abune action \u00e0 [&hellip;]<\/p>\n","protected":false},"author":1744,"featured_media":0,"comment_status":"closed","ping_status":"closed","sticky":false,"template":"","format":"standard","meta":{"fifu_image_url":"","fifu_image_alt":"","footnotes":""},"categories":[73,53],"tags":[],"class_list":["post-99214","post","type-post","status-publish","format-standard","hentry","category-actualite","category-algerie"],"_links":{"self":[{"href":"https:\/\/linitiative.ca\/International\/wp-json\/wp\/v2\/posts\/99214","targetHints":{"allow":["GET"]}}],"collection":[{"href":"https:\/\/linitiative.ca\/International\/wp-json\/wp\/v2\/posts"}],"about":[{"href":"https:\/\/linitiative.ca\/International\/wp-json\/wp\/v2\/types\/post"}],"author":[{"embeddable":true,"href":"https:\/\/linitiative.ca\/International\/wp-json\/wp\/v2\/users\/1744"}],"replies":[{"embeddable":true,"href":"https:\/\/linitiative.ca\/International\/wp-json\/wp\/v2\/comments?post=99214"}],"version-history":[{"count":0,"href":"https:\/\/linitiative.ca\/International\/wp-json\/wp\/v2\/posts\/99214\/revisions"}],"wp:attachment":[{"href":"https:\/\/linitiative.ca\/International\/wp-json\/wp\/v2\/media?parent=99214"}],"wp:term":[{"taxonomy":"category","embeddable":true,"href":"https:\/\/linitiative.ca\/International\/wp-json\/wp\/v2\/categories?post=99214"},{"taxonomy":"post_tag","embeddable":true,"href":"https:\/\/linitiative.ca\/International\/wp-json\/wp\/v2\/tags?post=99214"}],"curies":[{"name":"wp","href":"https:\/\/api.w.org\/{rel}","templated":true}]}}