{"id":99215,"date":"2020-09-18T15:18:25","date_gmt":"2020-09-18T19:18:25","guid":{"rendered":"https:\/\/linitiative.ca\/International\/abderrahmane-benbouzid-ministre-de-la-sante-la-situation-sanitaire-est-stable\/"},"modified":"2020-09-18T15:18:25","modified_gmt":"2020-09-18T19:18:25","slug":"abderrahmane-benbouzid-ministre-de-la-sante-la-situation-sanitaire-est-stable","status":"publish","type":"post","link":"https:\/\/linitiative.ca\/International\/abderrahmane-benbouzid-ministre-de-la-sante-la-situation-sanitaire-est-stable\/","title":{"rendered":"Abderrahmane Benbouzid, ministre de la Sant\u00e9  : La situation sanitaire est stable"},"content":{"rendered":"<p>Le ministre de la Sant\u00e9, de la Population et de la R\u00e9forme hospitali\u00e8re, Abderrahmane Benbouzid, a d\u00e9clar\u00e9 que \u00abla situation sanitaire est stable\u00bb et a affirm\u00e9 que \u00ables autorit\u00e9s sont pr\u00eates \u00e0 affronter tout changement impr\u00e9visible\u00bb.<br \/>Sur la probl\u00e9matique du manque de sp\u00e9cialistes en obst\u00e9trique et gyn\u00e9cologie dans le secteur public, le ministre a expliqu\u00e9 que ceci est \u00abun probl\u00e8me dont souffre la plupart des \u00e9tablissements publics de sant\u00e9 au niveau national, car la majorit\u00e9 d&rsquo;entre eux pr\u00e9f\u00e8rent exercer dans le secteur priv\u00e9\u00bb.<br \/>Le ministre a r\u00e9v\u00e9l\u00e9 que \u00ables services de gyn\u00e9cologie obst\u00e9trique au niveau des \u00e9tablissements de sant\u00e9 publique ne sont plus en mesure de prendre en charge les accouchements\u00bb. Mettant l&rsquo;accent sur l&rsquo;imp\u00e9ratif de trouver des solutions concr\u00e8tes pour rem\u00e9dier \u00e0 ces lacunes et pr\u00e9server la dignit\u00e9 des patientes, le ministre a r\u00e9v\u00e9l\u00e9 qu\u2019afin d&rsquo;am\u00e9liorer la prise en charge des femmes enceintes, \u00abdes accords ont \u00e9t\u00e9 conclus entre la Caisse de s\u00e9curit\u00e9 sociale et les cliniques priv\u00e9es\u00bb.<br \/>M. Bebouzid a fait savoir que les \u00e9tablissements hospitaliers publics (EPH) couvrent \u00abl&rsquo;\u00e9quivalent de 88 % des naissances avec un taux d&rsquo;occupation des lits de 115 %\u00bb. Il a rappel\u00e9 le contenu du plan d&rsquo;urgence adopt\u00e9 lors de la r\u00e9union du Gouvernement, le 15 janvier dernier, notamment le conventionnement entre les caisses de la s\u00e9curit\u00e9 sociale et les cliniques priv\u00e9es qui disposent d&rsquo;une grande capacit\u00e9 de lits disponibles ainsi que des gyn\u00e9cologues obst\u00e9triques qui repr\u00e9sentent 70\u2008% de l&rsquo;ensemble des m\u00e9decins sp\u00e9cialistes dans ce domaine au niveau national.<br \/>Par ailleurs, le ministre a indiqu\u00e9 qu\u2019un grand nombre d&rsquo;h\u00f4pitaux sont en cours de\u00a0 construction. N\u00e9anmoins, la crise \u00e9conomique et plus r\u00e9cemment la crise sanitaire caus\u00e9e par l&rsquo;\u00e9pid\u00e9mie de la Covid-19 ont retard\u00e9 l\u2019ach\u00e8vement des travaux.<br \/>Le ministre a annonc\u00e9 la lev\u00e9e de gel sur certains projets de construction d\u2019h\u00f4pitaux, dans plusieurs wilayas, notamment \u00e0 Skikda, en rappelant que cette wilaya a b\u00e9n\u00e9fici\u00e9 de 240 m\u00e9decins sp\u00e9cialistes, dont 9 gyn\u00e9cologues et obst\u00e9triciens.\u00a0 A une question sur le secteur de la sant\u00e9 \u00e0 Aflou (Laghouat), M.\u2008Benbouzid a relev\u00e9 que cette r\u00e9gion compte un \u00e9tablissement hospitalier public, 9 polycliniques dont 3 en service (24h\/24) outre 21 salles de soins. Le ministre a annonc\u00e9 la mise en service dans les prochaines semaines d&rsquo;un Centre m\u00e8re-enfant, dans la r\u00e9gion d&rsquo;Aflou, et de pr\u00e9ciser que cet \u00e9tablissement a une capacit\u00e9 d&rsquo;accueil de 140 lits et 206 employ\u00e9s, dans plusieurs sp\u00e9cialit\u00e9s. S&rsquo;agissant de l&rsquo;EPH d&rsquo;Aflou, M. Benbouzid a expliqu\u00e9 qu&rsquo;il assure 2.000 interventions chirurgicales par an et plus de 16.000 consultations, ajoutant que ce dernier est dot\u00e9 des diff\u00e9rents \u00e9quipements notamment les scanners et appareils de radiographie.<br \/>Concernant l&rsquo;h\u00f4pital de Zribet El Oued \u00e0 Biskra, le ministre a affirm\u00e9 que sa r\u00e9alisation figure parmi les projets importants dans la r\u00e9gion. \u00abL&rsquo;h\u00f4pital a \u00e9t\u00e9 mis en service partiellement apr\u00e8s son inauguration en 2017 et rattach\u00e9 \u00e0 l&rsquo;Etablissement public de sant\u00e9 de proximit\u00e9 (EPSP) de Zribet El-Oued en attendant la publication du d\u00e9cret de sa cr\u00e9ation\u00bb pr\u00e9cise-t-il. En vue d&rsquo;am\u00e9liorer les services au sein de cet \u00e9tablissement, le ministre a indiqu\u00e9 qu&rsquo;au titre de l&rsquo;exercice 2020, les services de minist\u00e8re ont allou\u00e9 un budget de pr\u00e8s de 89 millions de dinars, outre l&rsquo;\u00e9quipement de cet h\u00f4pital de plusieurs \u00e9quipements dont 8 appareils de dialyse et des \u00e9quipements de chirurgie, et la cr\u00e9ation de plusieurs services sp\u00e9cialis\u00e9s comme chirurgie g\u00e9n\u00e9rale, d&rsquo;\u00e9pid\u00e9miologie, de gyn\u00e9cologie obst\u00e9trique, d&rsquo;un laboratoire central.<br \/>Tahar Kaidi<\/p>\n<p>Auteur: elmoudjahid<br \/>\n<a href=\"http:\/\/www.elmoudjahid.com\/fr\/actualites\/159751\">Cliquez ici pour lire l&rsquo;article depuis sa source.<\/a><\/p>\n","protected":false},"excerpt":{"rendered":"<p>Le ministre de la Sant\u00e9, de la Population et de la R\u00e9forme hospitali\u00e8re, Abderrahmane Benbouzid, a d\u00e9clar\u00e9 que \u00abla situation sanitaire est stable\u00bb et a affirm\u00e9 que \u00ables autorit\u00e9s sont pr\u00eates \u00e0 affronter tout changement impr\u00e9visible\u00bb.Sur la probl\u00e9matique du manque de sp\u00e9cialistes en obst\u00e9trique et gyn\u00e9cologie dans le secteur public, le ministre a expliqu\u00e9 que [&hellip;]<\/p>\n","protected":false},"author":1744,"featured_media":0,"comment_status":"closed","ping_status":"closed","sticky":false,"template":"","format":"standard","meta":{"fifu_image_url":"","fifu_image_alt":"","footnotes":""},"categories":[73,53],"tags":[],"class_list":["post-99215","post","type-post","status-publish","format-standard","hentry","category-actualite","category-algerie"],"_links":{"self":[{"href":"https:\/\/linitiative.ca\/International\/wp-json\/wp\/v2\/posts\/99215","targetHints":{"allow":["GET"]}}],"collection":[{"href":"https:\/\/linitiative.ca\/International\/wp-json\/wp\/v2\/posts"}],"about":[{"href":"https:\/\/linitiative.ca\/International\/wp-json\/wp\/v2\/types\/post"}],"author":[{"embeddable":true,"href":"https:\/\/linitiative.ca\/International\/wp-json\/wp\/v2\/users\/1744"}],"replies":[{"embeddable":true,"href":"https:\/\/linitiative.ca\/International\/wp-json\/wp\/v2\/comments?post=99215"}],"version-history":[{"count":0,"href":"https:\/\/linitiative.ca\/International\/wp-json\/wp\/v2\/posts\/99215\/revisions"}],"wp:attachment":[{"href":"https:\/\/linitiative.ca\/International\/wp-json\/wp\/v2\/media?parent=99215"}],"wp:term":[{"taxonomy":"category","embeddable":true,"href":"https:\/\/linitiative.ca\/International\/wp-json\/wp\/v2\/categories?post=99215"},{"taxonomy":"post_tag","embeddable":true,"href":"https:\/\/linitiative.ca\/International\/wp-json\/wp\/v2\/tags?post=99215"}],"curies":[{"name":"wp","href":"https:\/\/api.w.org\/{rel}","templated":true}]}}