{"id":99216,"date":"2020-09-18T15:18:30","date_gmt":"2020-09-18T19:18:30","guid":{"rendered":"https:\/\/linitiative.ca\/International\/kamel-nasri-ministre-de-lhabitat-747-187-biens-immobiliers-appartenant-a-letat-ont-ete-cedes\/"},"modified":"2020-09-18T15:18:30","modified_gmt":"2020-09-18T19:18:30","slug":"kamel-nasri-ministre-de-lhabitat-747-187-biens-immobiliers-appartenant-a-letat-ont-ete-cedes","status":"publish","type":"post","link":"https:\/\/linitiative.ca\/International\/kamel-nasri-ministre-de-lhabitat-747-187-biens-immobiliers-appartenant-a-letat-ont-ete-cedes\/","title":{"rendered":"Kamel Nasri, Ministre de l\u2019habitat  : 747.187 biens immobiliers appartenant \u00e0 l\u2019Etat ont \u00e9t\u00e9 c\u00e9d\u00e9S"},"content":{"rendered":"<p>Le ministre de l&rsquo;Habitat, de l&rsquo;Urbanisme et de la Ville, Kamel Nasri a indiqu\u00e9 qu&rsquo;un total de 747.187 biens immobiliers appartenant \u00e0 l&rsquo;Etat et aux Offices de promotion et de gestion immobili\u00e8re (OPGI) a \u00e9t\u00e9 c\u00e9d\u00e9 jusqu&rsquo;au 10 septembre courant. Le ministre a affirm\u00e9 que \u00abl&rsquo;op\u00e9ration se poursuivra et sera g\u00e9n\u00e9ralis\u00e9e \u00e0 tous les biens immobiliers appartenant \u00e0 l&rsquo;Etat et ceux g\u00e9r\u00e9s par les OPGI, en vertu du d\u00e9cret ex\u00e9cutif n\u00b0\u200818-135 du 4 juin 2018\u00bb.<br \/>\u00abDans le cadre de la loi 81-01 portant cession de biens immobiliers \u00e0 usage d&rsquo;habitation, professionnel, commercial, ou artisanal de l&rsquo;Etat, des Collectivit\u00e9s locales des offices de promotion et de gestion immobili\u00e8re, le nombre des biens c\u00e9d\u00e9s a atteint 432.725 logements et 54.092 locaux\u00bb, affirme le ministre, ajoutant qu&rsquo;en vertu du d\u00e9cret ex\u00e9cutif n\u00b0\u200806-296 du 2 septembre 2006 fixant les conditions et les modalit\u00e9s de cession de biens immobiliers appartenant \u00e0 l&rsquo;Etat et \u00e0 l&rsquo;OPGI r\u00e9ceptionn\u00e9s ou mis en exploitation avant le 1er janvier 2004, le nombre des logements c\u00e9d\u00e9s s&rsquo;\u00e9l\u00e8ve \u00e0 239.416 tandis que le nombre des locaux a atteint 20.954 locaux.<br \/>Le ministre se f\u00e9licite que l&rsquo;op\u00e9ration de cession confi\u00e9e aux commissions de da\u00efras et aux commissions relevant de l&rsquo;OPGI a donn\u00e9 de bons r\u00e9sultats, \u00abau regard de la courte dur\u00e9e consacr\u00e9e par ces commissions \u00e0 l&rsquo;op\u00e9ration de cession, notamment gr\u00e2ce \u00e0 l&rsquo;all\u00e8gement des proc\u00e9dures au profit des citoyens\u00bb. M.\u2008Nasri a fait savoir que l&rsquo;op\u00e9ration de cession \u00abenregistre parfois des retards en raison de la lenteur des op\u00e9rations d&rsquo;\u00e9valuation des biens immobiliers, objet de la cession, effectu\u00e9es par les services des Domaines de l&rsquo;Etat au niveau des wilayas, dans des d\u00e9lais qualifi\u00e9s d'\u00a0\u00bbinacceptables, au vu de la densit\u00e9 des travaux de ces directions de wilayas\u00bb.<br \/>Le premier responsable du secteur de l&rsquo;Habitat pr\u00e9cise que l&rsquo;entrave principale emp\u00eachant les citoyens d&rsquo;obtenir leurs titres de propri\u00e9t\u00e9 r\u00e9side dans \u00abla non r\u00e9gularisation de la situation fonci\u00e8re relative aux projets de logement, objet de cession\u00bb, \u00abce qui requiert plus de temps afin que les mesures ad\u00e9quates soient prises par les administrations concern\u00e9es pour rem\u00e9dier \u00e0 de telles situations\u00bb a-t-il ajout\u00e9 avant d&rsquo;affirmer que cette op\u00e9ration b\u00e9n\u00e9ficiant d&rsquo;un suivi permanent des services du minist\u00e8re est soumise \u00e0 l&rsquo;\u00e9valuation pour lever toutes les entraves et difficult\u00e9s qui se posent.<br \/>M. Nasri a expliqu\u00e9 dans un autre contexte que l&rsquo;annulation de quota de 400 logements \u00e0 la commune de Chekfa \u00e0 Jijel a \u00e9t\u00e9 prise suite aux r\u00e9sultats des enqu\u00eates men\u00e9es sur le nombre de souscripteurs \u00e9ligibles \u00e0 cette formule.<br \/>\u00abDans le cadre du programme national des logements AADL estim\u00e9s \u00e0 560.000 unit\u00e9s, la wilaya de Jijel a b\u00e9n\u00e9fici\u00e9 de 7.761 logements inscrits sur plusieurs tranches dont la derni\u00e8re remonte \u00e0 2019, pour lesquels les sites de r\u00e9alisation ont \u00e9t\u00e9 d\u00e9j\u00e0 choisis y compris Chekfa o\u00f9 200 unit\u00e9s sont pr\u00e9vues\u00bb pr\u00e9cise le ministre.<br \/>Tahar Kaidi<\/p>\n<p>Auteur: elmoudjahid<br \/>\n<a href=\"http:\/\/www.elmoudjahid.com\/fr\/actualites\/159752\">Cliquez ici pour lire l&rsquo;article depuis sa source.<\/a><\/p>\n","protected":false},"excerpt":{"rendered":"<p>Le ministre de l&rsquo;Habitat, de l&rsquo;Urbanisme et de la Ville, Kamel Nasri a indiqu\u00e9 qu&rsquo;un total de 747.187 biens immobiliers appartenant \u00e0 l&rsquo;Etat et aux Offices de promotion et de gestion immobili\u00e8re (OPGI) a \u00e9t\u00e9 c\u00e9d\u00e9 jusqu&rsquo;au 10 septembre courant. Le ministre a affirm\u00e9 que \u00abl&rsquo;op\u00e9ration se poursuivra et sera g\u00e9n\u00e9ralis\u00e9e \u00e0 tous les biens [&hellip;]<\/p>\n","protected":false},"author":1744,"featured_media":0,"comment_status":"closed","ping_status":"closed","sticky":false,"template":"","format":"standard","meta":{"fifu_image_url":"","fifu_image_alt":"","footnotes":""},"categories":[73,53],"tags":[],"class_list":["post-99216","post","type-post","status-publish","format-standard","hentry","category-actualite","category-algerie"],"_links":{"self":[{"href":"https:\/\/linitiative.ca\/International\/wp-json\/wp\/v2\/posts\/99216","targetHints":{"allow":["GET"]}}],"collection":[{"href":"https:\/\/linitiative.ca\/International\/wp-json\/wp\/v2\/posts"}],"about":[{"href":"https:\/\/linitiative.ca\/International\/wp-json\/wp\/v2\/types\/post"}],"author":[{"embeddable":true,"href":"https:\/\/linitiative.ca\/International\/wp-json\/wp\/v2\/users\/1744"}],"replies":[{"embeddable":true,"href":"https:\/\/linitiative.ca\/International\/wp-json\/wp\/v2\/comments?post=99216"}],"version-history":[{"count":0,"href":"https:\/\/linitiative.ca\/International\/wp-json\/wp\/v2\/posts\/99216\/revisions"}],"wp:attachment":[{"href":"https:\/\/linitiative.ca\/International\/wp-json\/wp\/v2\/media?parent=99216"}],"wp:term":[{"taxonomy":"category","embeddable":true,"href":"https:\/\/linitiative.ca\/International\/wp-json\/wp\/v2\/categories?post=99216"},{"taxonomy":"post_tag","embeddable":true,"href":"https:\/\/linitiative.ca\/International\/wp-json\/wp\/v2\/tags?post=99216"}],"curies":[{"name":"wp","href":"https:\/\/api.w.org\/{rel}","templated":true}]}}