{"id":99222,"date":"2020-09-18T10:38:00","date_gmt":"2020-09-18T14:38:00","guid":{"rendered":"https:\/\/linitiative.ca\/International\/oran-collecte-de-680-tonnes-de-dechets-en-10-jours\/"},"modified":"2020-09-18T10:38:00","modified_gmt":"2020-09-18T14:38:00","slug":"oran-collecte-de-680-tonnes-de-dechets-en-10-jours","status":"publish","type":"post","link":"https:\/\/linitiative.ca\/International\/oran-collecte-de-680-tonnes-de-dechets-en-10-jours\/","title":{"rendered":"ORAN : Collecte de 680 tonnes de d\u00e9chets en 10 jours"},"content":{"rendered":"<p><br id=\"sep_para_1\" class=\"sep_para access\"\/><\/p>\n<div id=\"para_1\" class=\"para_38678847 resize\">\n<div class=\"texte access firstletter\">L\u2019entreprise Epic propret\u00e9 a particip\u00e9 \u00e0 cette op\u00e9ration de\u00a0 ramassage de d\u00e9chets inertes et l\u2019\u00e9radication des d\u00e9charges anarchiques \u00e0 travers plusieurs secteurs urbains de la ville d\u2019Oran. Quelque 680 tonnes de d\u00e9chets solides ont \u00e9t\u00e9 collect\u00e9s en une dizaine de jours par les services de l\u2019Epic Oran propret\u00e9, a-t-on appris d\u2019une source bien inform\u00e9e. Cette quantit\u00e9 importante de d\u00e9chets inertes a \u00e9t\u00e9 ramass\u00e9e par les services de ladite Epic durant la p\u00e9riode allant du 05 au 14 septembre courant. Plusieurs op\u00e9rations de nettoiement ont \u00e9t\u00e9 effectu\u00e9es durant la p\u00e9riode indiqu\u00e9e, ce qui a permis l\u2019\u00e9radication de plus d\u2019une cinquantaine de points noirs \u00e0 travers sept (07) agglom\u00e9rations, \u00e0 savoir : Ha\u00ef Salem, Es-Sabah, Nour, Yasmin, Bir El Djir, Ain Turck et l\u2019entr\u00e9e de la commune d\u2019Oran, en plus des p\u00e9rim\u00e8tres de quatre \u00e9tablissements scolaires, \u00e0 savoir :\u00a0 les lyc\u00e9es : Bouaziz Rabia et Moulay Hassan, ainsi que les CEM : Saim Hadouche et Benchaa Mohi\u00e9dine qui ont b\u00e9n\u00e9fici\u00e9 de deux op\u00e9rations chacune, selon les pr\u00e9cisons de la m\u00eame source qui a indiqu\u00e9 que les op\u00e9rations\u00a0 se poursuivent toujours. Au total 51 points noirs ont \u00e9t\u00e9 \u00e9radiqu\u00e9s rapporte la source. Cette campagne de nettoiement , pour laquelle ont \u00e9t\u00e9 mobilis\u00e9s des moyens humains et mat\u00e9riels n\u00e9cessaires, a permis la collecte de d\u00e9chets solides et en plastique jonchant lesdites cit\u00e9s. Ces d\u00e9chets proviennent des travaux de construction ou de r\u00e9parations effectu\u00e9s par des citoyens ou m\u00eame des entreprises. En effet, des personnes n\u2019h\u00e9sitent pas \u00e0 abandonner ce genre de d\u00e9chets \u00e0 m\u00eame les rues au niveau de certains espaces publics, portant ainsi atteinte \u00e0 l\u2019environnement et \u00e0 l\u2019image de la ville. Rappelons par ailleurs que pas moins de 1 600 tonnes de d\u00e9chets sont trait\u00e9es chaque jour par les centres d\u2019enfouissement technique que compte la wilaya d\u2019Oran. Le volume de d\u00e9chets trait\u00e9s quotidiennement conna\u00eet une nette hausse d\u2019o\u00f9 la programmation continue d\u2019op\u00e9rations de nettoiement, a pr\u00e9cis\u00e9 la m\u00eame source qui souligne l\u2019importance de l\u2019implication du citoyen pour venir \u00e0 bout de cette situation qui perdure depuis des ann\u00e9es. En effet, les efforts d\u00e9ploy\u00e9s par les autorit\u00e9s locales en mati\u00e8re de collecte des ordures restent insuffisants si les citoyens n\u2019y contribuent pas avec le respect des horaires de passage des camions de collecte et les endroits de d\u00e9p\u00f4ts de leurs ordures m\u00e9nag\u00e8res et de s\u2019abstenir des d\u00e9poser les d\u00e9chets provenant des travaux de construction avec les ordures m\u00e9nag\u00e8res. Cette op\u00e9ration de grande envergure a contribu\u00e9 \u00e0 leur redonner la propret\u00e9 publique qu\u2019elles avaient perdue depuis fort longtemps. L&rsquo;APC d&rsquo;Oran, en collaboration avec l&rsquo;EPIC a mobilis\u00e9 d\u2019\u00e9normes moyens humains et mat\u00e9riels pour la r\u00e9ussite de cette op\u00e9ration destin\u00e9e \u00e0 la r\u00e9habilitation des cit\u00e9s et quartiers croulant quotidiennement sous des tonnes d\u2019immondices. Ces m\u00eames services, en collaboration avec les \u00e9l\u00e9ments du service d&rsquo;hygi\u00e8ne ont men\u00e9 parall\u00e8lement une campagne aupr\u00e8s des habitants et des commer\u00e7ants de ces cit\u00e9s afin de les dissuader de jeter leurs d\u00e9chets sans discernement. Ils les ont sensibilis\u00e9s notamment sur le respect des horaires de sortie de leurs sachets poubelles.<\/div>\n<\/div>\n<p>Auteur: Medjadji Habib<br \/>\n<a href=\"https:\/\/www.reflexiondz.net\/ORAN-Collecte-de-680-tonnes-de-dechets-en-10-jours_a65239.html\">Cliquez ici pour lire l&rsquo;article depuis sa source.<\/a><\/p>\n","protected":false},"excerpt":{"rendered":"<p>L\u2019entreprise Epic propret\u00e9 a particip\u00e9 \u00e0 cette op\u00e9ration de\u00a0 ramassage de d\u00e9chets inertes et l\u2019\u00e9radication des d\u00e9charges anarchiques \u00e0 travers plusieurs secteurs urbains de la ville d\u2019Oran. Quelque 680 tonnes de d\u00e9chets solides ont \u00e9t\u00e9 collect\u00e9s en une dizaine de jours par les services de l\u2019Epic Oran propret\u00e9, a-t-on appris d\u2019une source bien inform\u00e9e. Cette [&hellip;]<\/p>\n","protected":false},"author":1740,"featured_media":0,"comment_status":"closed","ping_status":"closed","sticky":false,"template":"","format":"standard","meta":{"fifu_image_url":"","fifu_image_alt":"","footnotes":""},"categories":[53,76],"tags":[],"class_list":["post-99222","post","type-post","status-publish","format-standard","hentry","category-algerie","category-regions"],"_links":{"self":[{"href":"https:\/\/linitiative.ca\/International\/wp-json\/wp\/v2\/posts\/99222","targetHints":{"allow":["GET"]}}],"collection":[{"href":"https:\/\/linitiative.ca\/International\/wp-json\/wp\/v2\/posts"}],"about":[{"href":"https:\/\/linitiative.ca\/International\/wp-json\/wp\/v2\/types\/post"}],"author":[{"embeddable":true,"href":"https:\/\/linitiative.ca\/International\/wp-json\/wp\/v2\/users\/1740"}],"replies":[{"embeddable":true,"href":"https:\/\/linitiative.ca\/International\/wp-json\/wp\/v2\/comments?post=99222"}],"version-history":[{"count":0,"href":"https:\/\/linitiative.ca\/International\/wp-json\/wp\/v2\/posts\/99222\/revisions"}],"wp:attachment":[{"href":"https:\/\/linitiative.ca\/International\/wp-json\/wp\/v2\/media?parent=99222"}],"wp:term":[{"taxonomy":"category","embeddable":true,"href":"https:\/\/linitiative.ca\/International\/wp-json\/wp\/v2\/categories?post=99222"},{"taxonomy":"post_tag","embeddable":true,"href":"https:\/\/linitiative.ca\/International\/wp-json\/wp\/v2\/tags?post=99222"}],"curies":[{"name":"wp","href":"https:\/\/api.w.org\/{rel}","templated":true}]}}