{"id":99223,"date":"2020-09-18T10:38:00","date_gmt":"2020-09-18T14:38:00","guid":{"rendered":"https:\/\/linitiative.ca\/International\/le-juge-charge-du-dossier-kamel-el-bouchi-inculpe\/"},"modified":"2020-09-18T10:38:00","modified_gmt":"2020-09-18T14:38:00","slug":"le-juge-charge-du-dossier-kamel-el-bouchi-inculpe","status":"publish","type":"post","link":"https:\/\/linitiative.ca\/International\/le-juge-charge-du-dossier-kamel-el-bouchi-inculpe\/","title":{"rendered":"Le juge  charg\u00e9  du  dossier  \u2018\u2019Kamel El Bouchi\u2019\u2019 inculp\u00e9"},"content":{"rendered":"<p><br id=\"sep_para_1\" class=\"sep_para access\"\/><\/p>\n<div id=\"para_1\" class=\"para_38678970 resize\">\n<div class=\"texte access firstletter\">Un juge d\u2019instruction au niveau de la neuvi\u00e8me chambre du p\u00f4le p\u00e9nal du tribunal de Sidi-M\u2019hamed a \u00e9t\u00e9 r\u00e9cemment limog\u00e9, puis inculp\u00e9 pour avoir, entre autres, annul\u00e9 le mandat d\u2019arr\u00eat international lanc\u00e9 contre Chakib Khelil et les membres de sa famille, a rapport\u00e9 une source m\u00e9diatique. En effet, selon le quotidien le soir d\u2019Alg\u00e9rie, le juge en question, ainsi que le procureur g\u00e9n\u00e9ral, qui \u00e9taient charg\u00e9s de l\u2019affaire de Kamel El Bouchi, on \u00e9t\u00e9 donc d\u00e9charg\u00e9s de ce dossier. Ensuite, ils \u00e9taient convoqu\u00e9s par la cour supr\u00eame pour une enqu\u00eate sur l\u2019annulation du mandat d\u2019arr\u00eat contre Chakib Khelil et les membres de sa famille. Lors de son interrogation, le magistrat a indiqu\u00e9 qu\u2019il avait re\u00e7u les ordres de mettre fin aux recherches contre l\u2019ancien ministre de l\u2019\u00e9nergie et sa famille. Apr\u00e8s l\u2019annulation du mandat d\u2019arr\u00eat, le magistrat signe son refus de placer, l\u2019\u00e9pouse de Chakib Khelil, et ses deux fils, sous mandat de d\u00e9p\u00f4t et la lib\u00e8re dans l\u2019affaire Sonatrach.<\/div>\n<\/div>\n<p>Auteur: R\u00e9flexion<br \/>\n<a href=\"https:\/\/www.reflexiondz.net\/Le-juge-charge-du-dossier-Kamel-El-Bouchi-inculpe_a65251.html\">Cliquez ici pour lire l&rsquo;article depuis sa source.<\/a><\/p>\n","protected":false},"excerpt":{"rendered":"<p>Un juge d\u2019instruction au niveau de la neuvi\u00e8me chambre du p\u00f4le p\u00e9nal du tribunal de Sidi-M\u2019hamed a \u00e9t\u00e9 r\u00e9cemment limog\u00e9, puis inculp\u00e9 pour avoir, entre autres, annul\u00e9 le mandat d\u2019arr\u00eat international lanc\u00e9 contre Chakib Khelil et les membres de sa famille, a rapport\u00e9 une source m\u00e9diatique. En effet, selon le quotidien le soir d\u2019Alg\u00e9rie, le [&hellip;]<\/p>\n","protected":false},"author":1740,"featured_media":0,"comment_status":"closed","ping_status":"closed","sticky":false,"template":"","format":"standard","meta":{"fifu_image_url":"","fifu_image_alt":"","footnotes":""},"categories":[53,76],"tags":[],"class_list":["post-99223","post","type-post","status-publish","format-standard","hentry","category-algerie","category-regions"],"_links":{"self":[{"href":"https:\/\/linitiative.ca\/International\/wp-json\/wp\/v2\/posts\/99223","targetHints":{"allow":["GET"]}}],"collection":[{"href":"https:\/\/linitiative.ca\/International\/wp-json\/wp\/v2\/posts"}],"about":[{"href":"https:\/\/linitiative.ca\/International\/wp-json\/wp\/v2\/types\/post"}],"author":[{"embeddable":true,"href":"https:\/\/linitiative.ca\/International\/wp-json\/wp\/v2\/users\/1740"}],"replies":[{"embeddable":true,"href":"https:\/\/linitiative.ca\/International\/wp-json\/wp\/v2\/comments?post=99223"}],"version-history":[{"count":0,"href":"https:\/\/linitiative.ca\/International\/wp-json\/wp\/v2\/posts\/99223\/revisions"}],"wp:attachment":[{"href":"https:\/\/linitiative.ca\/International\/wp-json\/wp\/v2\/media?parent=99223"}],"wp:term":[{"taxonomy":"category","embeddable":true,"href":"https:\/\/linitiative.ca\/International\/wp-json\/wp\/v2\/categories?post=99223"},{"taxonomy":"post_tag","embeddable":true,"href":"https:\/\/linitiative.ca\/International\/wp-json\/wp\/v2\/tags?post=99223"}],"curies":[{"name":"wp","href":"https:\/\/api.w.org\/{rel}","templated":true}]}}