{"id":99224,"date":"2020-09-18T10:54:00","date_gmt":"2020-09-18T14:54:00","guid":{"rendered":"https:\/\/linitiative.ca\/International\/mouvement-partiel-dans-le-corps-diplomatique-le-president-tebboune-opere-un-changement\/"},"modified":"2020-09-18T10:54:00","modified_gmt":"2020-09-18T14:54:00","slug":"mouvement-partiel-dans-le-corps-diplomatique-le-president-tebboune-opere-un-changement","status":"publish","type":"post","link":"https:\/\/linitiative.ca\/International\/mouvement-partiel-dans-le-corps-diplomatique-le-president-tebboune-opere-un-changement\/","title":{"rendered":"MOUVEMENT PARTIEL DANS LE CORPS DIPLOMATIQUE  : Le pr\u00e9sident Tebboune op\u00e8re un changement"},"content":{"rendered":"<p><br id=\"sep_para_1\" class=\"sep_para access\"\/><\/p>\n<div id=\"para_1\" class=\"para_38679022 resize\">\n<div class=\"texte access firstletter\">Le pr\u00e9sident de la R\u00e9publique, Abdelmadjid Tebboune a op\u00e9r\u00e9, jeudi, un mouvement partiel dans le corps diplomatique, ayant concern\u00e9 certaines ambassades en Europe et en Afrique, a indiqu\u00e9 un communiqu\u00e9 de la Pr\u00e9sidence de la R\u00e9publique. \u00ab\u00a0Le Pr\u00e9sident de la R\u00e9publique, Monsieur Abdelmadjid Tebboune a op\u00e9r\u00e9, jeudi, un mouvement partiel dans le corps diplomatique ayant concern\u00e9 certaines ambassades en Europe et en Afrique, en vertu duquel il a \u00e9t\u00e9 proc\u00e9d\u00e9 \u00e0 la nomination des Messieurs:\u00a0 Lazhar Soualem, Directeur g\u00e9n\u00e9ral des relations multipartites au minist\u00e8re des Affaires \u00e9trang\u00e8res, nomm\u00e9 Ambassadeur, repr\u00e9sentant permanent\u00a0 de l\u2019Alg\u00e9rie aupr\u00e8s du bureau des Nations Unies \u00e0 Gen\u00e8ve. Mohamed Hannache, Directeur g\u00e9n\u00e9ral \u00ab\u00a0Europe\u00a0\u00bb au minist\u00e8re des Affaires \u00e9trang\u00e8res, nomm\u00e9 Ambassadeur d\u2019Alg\u00e9rie en Belgique et son repr\u00e9sentant permanent aupr\u00e8s de l\u2019Union europ\u00e9enne (UE).\u00a0 Salah Labdioui, Ambassadeur d&rsquo;Alg\u00e9rie en France, nomm\u00e9 Ambassadeur d&rsquo;Alg\u00e9rie\u00a0 en Suisse. Antar Daoud, Ambassadeur d&rsquo;Alg\u00e9rie \u00e0 Libreville (Gabon), nomm\u00e9 Ambassadeur d&rsquo;Alg\u00e9rie en France. Abdelhak Aissaoui, Charg\u00e9 d&rsquo;\u00e9tudes et de synth\u00e8se aupr\u00e8s du Secr\u00e9taire g\u00e9n\u00e9ral du minist\u00e8re des Affaires \u00e9trang\u00e8res, nomm\u00e9 Ambassadeur d&rsquo;Alg\u00e9rie au Gabon. Les nouveaux ambassadeurs prendront leurs fonctions une fois les proc\u00e9dures en vigueur finalis\u00e9es.<\/div>\n<\/div>\n<p>Auteur: Ismain<br \/>\n<a href=\"https:\/\/www.reflexiondz.net\/MOUVEMENT-PARTIEL-DANS-LE-CORPS-DIPLOMATIQUE-Le-president-Tebboune-opere-un-changement_a65255.html\">Cliquez ici pour lire l&rsquo;article depuis sa source.<\/a><\/p>\n","protected":false},"excerpt":{"rendered":"<p>Le pr\u00e9sident de la R\u00e9publique, Abdelmadjid Tebboune a op\u00e9r\u00e9, jeudi, un mouvement partiel dans le corps diplomatique, ayant concern\u00e9 certaines ambassades en Europe et en Afrique, a indiqu\u00e9 un communiqu\u00e9 de la Pr\u00e9sidence de la R\u00e9publique. \u00ab\u00a0Le Pr\u00e9sident de la R\u00e9publique, Monsieur Abdelmadjid Tebboune a op\u00e9r\u00e9, jeudi, un mouvement partiel dans le corps diplomatique ayant [&hellip;]<\/p>\n","protected":false},"author":1740,"featured_media":0,"comment_status":"closed","ping_status":"closed","sticky":false,"template":"","format":"standard","meta":{"fifu_image_url":"","fifu_image_alt":"","footnotes":""},"categories":[53,76],"tags":[],"class_list":["post-99224","post","type-post","status-publish","format-standard","hentry","category-algerie","category-regions"],"_links":{"self":[{"href":"https:\/\/linitiative.ca\/International\/wp-json\/wp\/v2\/posts\/99224","targetHints":{"allow":["GET"]}}],"collection":[{"href":"https:\/\/linitiative.ca\/International\/wp-json\/wp\/v2\/posts"}],"about":[{"href":"https:\/\/linitiative.ca\/International\/wp-json\/wp\/v2\/types\/post"}],"author":[{"embeddable":true,"href":"https:\/\/linitiative.ca\/International\/wp-json\/wp\/v2\/users\/1740"}],"replies":[{"embeddable":true,"href":"https:\/\/linitiative.ca\/International\/wp-json\/wp\/v2\/comments?post=99224"}],"version-history":[{"count":0,"href":"https:\/\/linitiative.ca\/International\/wp-json\/wp\/v2\/posts\/99224\/revisions"}],"wp:attachment":[{"href":"https:\/\/linitiative.ca\/International\/wp-json\/wp\/v2\/media?parent=99224"}],"wp:term":[{"taxonomy":"category","embeddable":true,"href":"https:\/\/linitiative.ca\/International\/wp-json\/wp\/v2\/categories?post=99224"},{"taxonomy":"post_tag","embeddable":true,"href":"https:\/\/linitiative.ca\/International\/wp-json\/wp\/v2\/tags?post=99224"}],"curies":[{"name":"wp","href":"https:\/\/api.w.org\/{rel}","templated":true}]}}