{"id":99226,"date":"2020-09-18T10:54:00","date_gmt":"2020-09-18T14:54:00","guid":{"rendered":"https:\/\/linitiative.ca\/International\/immobilier-cession-de-plus-747-000-biens-de-letat\/"},"modified":"2020-09-18T10:54:00","modified_gmt":"2020-09-18T14:54:00","slug":"immobilier-cession-de-plus-747-000-biens-de-letat","status":"publish","type":"post","link":"https:\/\/linitiative.ca\/International\/immobilier-cession-de-plus-747-000-biens-de-letat\/","title":{"rendered":"IMMOBILIER  : Cession de plus 747 000 biens de l\u2019Etat"},"content":{"rendered":"<p><br id=\"sep_para_1\" class=\"sep_para access\"\/><\/p>\n<div id=\"para_1\" class=\"para_38679013 resize\">\n<div class=\"texte access firstletter\">Lors d&rsquo;une pl\u00e9ni\u00e8re consacr\u00e9e aux questions orales \u00e0 l&rsquo;Assembl\u00e9e populaire nationale (APN), pr\u00e9sid\u00e9e par Slimane Chenine, pr\u00e9sident de l&rsquo;APN, le ministre a fait \u00e9tat d'\u00a0\u00bbun total de 747.187 biens immobiliers c\u00e9d\u00e9s jusqu&rsquo;au 10 septembre courant, sachant que l&rsquo;op\u00e9ration se poursuivra et sera g\u00e9n\u00e9ralis\u00e9e \u00e0 tous les biens immobiliers appartenant \u00e0 l&rsquo;Etat et ceux g\u00e9r\u00e9s par les OPGI, en vertu du D\u00e9cret ex\u00e9cutif n18-135 du 4 juin 2018&Prime;. Dans le cadre de la loi 81\/01 portant cession de biens immobiliers \u00e0 usage d&rsquo;habitation, professionnel, commercial, ou artisanal de l&rsquo;Etat, des Collectivit\u00e9s locales des offices de promotion et de gestion immobili\u00e8re, le nombre des biens c\u00e9d\u00e9s a atteint 432.725 logements et 54.092 locaux. En vertu du D\u00e9cret ex\u00e9cutif n06-296 du 2 septembre 2006 fixant les conditions et les modalit\u00e9s de cession de biens immobiliers appartenant \u00e0 l&rsquo;Etat et \u00e0 l&rsquo;OPGI r\u00e9ceptionn\u00e9s ou mis en exploitation avant le 1 janvier 2004, le nombre des logements c\u00e9d\u00e9s s&rsquo;\u00e9l\u00e8ve \u00e0 239.416 tandis que le nombre des locaux a atteint 20.954 locaux. Pour le ministre, l&rsquo;op\u00e9ration de cession confi\u00e9e aux commissions de da\u00efras et aux commissions relevant deS OPGI a donn\u00e9 de bons r\u00e9sultats, au regard de la courte dur\u00e9e consacr\u00e9e par ces commissions \u00e0 l&rsquo;op\u00e9ration de cession, notamment gr\u00e2ce \u00e0 l&rsquo;all\u00e8gement des proc\u00e9dures au profit des citoyens\u00a0\u00bb. N\u00e9anmoins, il a relev\u00e9 que l&rsquo;op\u00e9ration de cession, qui d\u00e9pend aussi bien des OPGI que des services des Domaines de l&rsquo;Etat, accuse parfois des retards en raison de la lenteur des op\u00e9rations d&rsquo;\u00e9valuation des biens immobiliers, objet de la cession, effectu\u00e9es par les services des Domaines de l&rsquo;Etat au niveau des wilayas, dans des d\u00e9lais qualifi\u00e9s d'\u00a0\u00bbinacceptables\u00a0\u00bb, au vu de la densit\u00e9 des travaux de ces directions de wilayas. Et d&rsquo;ajouter que l&rsquo;entrave principale emp\u00eachant les citoyens d&rsquo;obtenir leurs titres de propri\u00e9t\u00e9 r\u00e9side dans\u00a0 la non r\u00e9gularisation de la situation fonci\u00e8re (juridique et qualitative) relative aux projets de logement, objet de cession, ce qui requiert plus de temps afin que les mesures ad\u00e9quates soient prises par les administrations concern\u00e9es pour rem\u00e9dier \u00e0 de telles situations. Selon le ministre, cette op\u00e9ration b\u00e9n\u00e9ficiant d&rsquo;un \u00ab\u00a0suivi permanent\u00a0\u00bb des services du minist\u00e8re est soumise \u00e0 l&rsquo;\u00e9valuation pour lever toutes les entraves. A une autre question sur l&rsquo;annulation d&rsquo;un quota de 400 logements AADL destin\u00e9 aux citoyens de la commune de Chekfa (w.Jijel), M. Nasri a fait savoir que cette d\u00e9cision avait \u00e9t\u00e9 prise suite aux r\u00e9sultats des enqu\u00eates men\u00e9es sur le nombre de souscripteurs \u00e9ligibles \u00e0 cette formule.<\/div>\n<\/div>\n<p>Auteur: Ismain<br \/>\n<a href=\"https:\/\/www.reflexiondz.net\/IMMOBILIER-Cession-de-plus-747-000-biens-de-l-Etat_a65253.html\">Cliquez ici pour lire l&rsquo;article depuis sa source.<\/a><\/p>\n","protected":false},"excerpt":{"rendered":"<p>Lors d&rsquo;une pl\u00e9ni\u00e8re consacr\u00e9e aux questions orales \u00e0 l&rsquo;Assembl\u00e9e populaire nationale (APN), pr\u00e9sid\u00e9e par Slimane Chenine, pr\u00e9sident de l&rsquo;APN, le ministre a fait \u00e9tat d&rsquo;\u00a0\u00bbun total de 747.187 biens immobiliers c\u00e9d\u00e9s jusqu&rsquo;au 10 septembre courant, sachant que l&rsquo;op\u00e9ration se poursuivra et sera g\u00e9n\u00e9ralis\u00e9e \u00e0 tous les biens immobiliers appartenant \u00e0 l&rsquo;Etat et ceux g\u00e9r\u00e9s par [&hellip;]<\/p>\n","protected":false},"author":1740,"featured_media":0,"comment_status":"closed","ping_status":"closed","sticky":false,"template":"","format":"standard","meta":{"fifu_image_url":"","fifu_image_alt":"","footnotes":""},"categories":[53,76],"tags":[],"class_list":["post-99226","post","type-post","status-publish","format-standard","hentry","category-algerie","category-regions"],"_links":{"self":[{"href":"https:\/\/linitiative.ca\/International\/wp-json\/wp\/v2\/posts\/99226","targetHints":{"allow":["GET"]}}],"collection":[{"href":"https:\/\/linitiative.ca\/International\/wp-json\/wp\/v2\/posts"}],"about":[{"href":"https:\/\/linitiative.ca\/International\/wp-json\/wp\/v2\/types\/post"}],"author":[{"embeddable":true,"href":"https:\/\/linitiative.ca\/International\/wp-json\/wp\/v2\/users\/1740"}],"replies":[{"embeddable":true,"href":"https:\/\/linitiative.ca\/International\/wp-json\/wp\/v2\/comments?post=99226"}],"version-history":[{"count":0,"href":"https:\/\/linitiative.ca\/International\/wp-json\/wp\/v2\/posts\/99226\/revisions"}],"wp:attachment":[{"href":"https:\/\/linitiative.ca\/International\/wp-json\/wp\/v2\/media?parent=99226"}],"wp:term":[{"taxonomy":"category","embeddable":true,"href":"https:\/\/linitiative.ca\/International\/wp-json\/wp\/v2\/categories?post=99226"},{"taxonomy":"post_tag","embeddable":true,"href":"https:\/\/linitiative.ca\/International\/wp-json\/wp\/v2\/tags?post=99226"}],"curies":[{"name":"wp","href":"https:\/\/api.w.org\/{rel}","templated":true}]}}