{"id":99232,"date":"2020-09-18T14:33:00","date_gmt":"2020-09-18T18:33:00","guid":{"rendered":"https:\/\/linitiative.ca\/International\/khaled-kaddour-developpement-du-sahara-un-levier-de-croissance-et-de-creation-demplois-pour-la-region-de-tataouine\/"},"modified":"2020-09-18T14:33:00","modified_gmt":"2020-09-18T18:33:00","slug":"khaled-kaddour-developpement-du-sahara-un-levier-de-croissance-et-de-creation-demplois-pour-la-region-de-tataouine","status":"publish","type":"post","link":"https:\/\/linitiative.ca\/International\/khaled-kaddour-developpement-du-sahara-un-levier-de-croissance-et-de-creation-demplois-pour-la-region-de-tataouine\/","title":{"rendered":"Khaled Kaddour &#8211; D\u00e9veloppement du Sahara : Un levier de croissance et de cr\u00e9ation d\u2019emplois pour la r\u00e9gion de Tataouine"},"content":{"rendered":"<p><span class=\"c3\"><span class=\"c2\"><em><strong>Par Khaled Kaddour<\/strong><\/em><\/span><\/span> <em>\u00ab\u00a0On montre ce qu&rsquo;on peut faire et non ce qu&rsquo;on doit faire\u2026 \u00ab\u00a0<\/em> &#8211; La reprise du rythme normal de la production du p\u00e9trole et du phosphate passe essentiellement par le d\u00e9veloppement des r\u00e9gions productrices des ressources naturelles (essentiellement Gafsa et Tataouine), afin de r\u00e9pondre aux attentes et aspirations de la population locale. Pour r\u00e9ussir la mise en \u0153uvre de ce d\u00e9veloppement dans les meilleurs d\u00e9lais, il est imp\u00e9ratif d\u2019avoir pour chaque r\u00e9gion, une vision globale bas\u00e9e sur une approche participative et d\u2019appropriation, \u00e0 travers quatre axes principaux \u00e0 savoir ; le d\u00e9veloppement humain, le d\u00e9veloppement social, le d\u00e9veloppement \u00e9conomique et le d\u00e9veloppement \u00e9cologique.<\/p>\n<p>Dans ce qui suit je propose un aper\u00e7u des projets \u00e0 mettre en \u0153uvre dans la r\u00e9gion de Tataouine et qu\u2019on a initi\u00e9 par le lancement, d\u00e9but 2018, du plus grand projet de la production de l\u2019\u00e9lectricit\u00e9 \u00e0 partir de l\u2019\u00e9nergie solaire dans la r\u00e9gion de Borj Bourguiba (d\u00e9l\u00e9gation de Remada). Malheureusement, il n\u2019y a pas eu de continuit\u00e9 pour la r\u00e9alisation des autres composantes de cette premi\u00e8re phase du projet.<\/p>\n<p>Le d\u00e9veloppement int\u00e9gr\u00e9 du Sahara tunisien est un projet structurant pour une relance \u00e9conomique durable par l\u2019\u00e9nergie renouvelable. Il permet de concilier les transitions \u00e9conomiques, \u00e9nerg\u00e9tiques et \u00e9cologiques. De m\u00eame, Il offre \u00e0 la Tunisie un potentiel de croissance et de cr\u00e9ation d\u2019emplois. L\u2019objectif principal de ce projet strat\u00e9gique multidimensionnel est de valoriser les potentialit\u00e9s de la r\u00e9gion, de promouvoir un d\u00e9veloppement durable et de renforcer la s\u00e9curit\u00e9 des fronti\u00e8res sud du pays. C\u2019est un nouveau levier de croissance pour le pays.<\/p>\n<p>Ce projet a \u00e9t\u00e9 pr\u00e9sent\u00e9 \u00e0 l\u2019ancien Chef du gouvernement lors de notre premi\u00e8re rencontre le 23 aout 2017. Il a \u00e9t\u00e9 annonc\u00e9, pour la premi\u00e8re fois, devant l&rsquo;Assembl\u00e9e du peuple lors de la session de vote de confiance relative au nouveau gouvernement de l\u2019unit\u00e9 nationale le 11\/9\/2017 et lors de la d\u00e9claration du gouvernement pour le Budget de l&rsquo;Etat pour l\u2019ann\u00e9e 2018.\u00a0<\/p>\n<p><span class=\"c5\"><span class=\"c4\"><strong>Une capitalisation des exp\u00e9riences\u00a0<\/strong><\/span><\/span><\/p>\n<p>Ce projet vise un d\u00e9veloppement int\u00e9gr\u00e9 d\u2019une zone frontali\u00e8re entre l\u2019Alg\u00e9rie et la Libye, qui s\u2019\u00e9tend sur environ le 1\u00ac|5<sup>\u00e9me<\/sup> de la superficie totale du territoire national <strong>(voir carte)<\/strong>. C\u2019est une r\u00e9gion vierge qui d\u2019une part regorge de ressources hydrauliques abondantes (nappe continentale intercalaire) et d\u2019autre part poss\u00e8de un taux d\u2019ensoleillement parmi les plus \u00e9lev\u00e9 au Monde (irradiations solaires d\u2019environ 2 000 kwh\/m2\/an).<\/p>\n<p class=\"c6\"><img decoding=\"async\" src=\"\/uploads\/FCK_files\/Carte(25).jpg\" alt=\"\" width=\"90%\" vspace=\"5\" hspace=\"5\" align=\"middle\"\/><\/p>\n<p class=\"c6\"><span class=\"c2\"><em>Carte &#8211; Situation g\u00e9ographique:\u00a0 El Borma et Borj El Khadhra<br \/><\/em><\/span><\/p>\n<p class=\"c7\">Il concerne le Gouvernorat de Tataouine (environ 39 mille km2) et pourra s\u2019\u00e9tendre aux gouvernorats de Kebili (22 mille km2) et M\u00e9denine (9 mille km2). Totalisant 70 mille km2 soit 40% environ du territoire national.<\/p>\n<p>La r\u00e9alisation de ce projet structurant dans la partie sud du Sahara conforte la position de la Tunisie, qui s\u2019est int\u00e9gr\u00e9e r\u00e9solument dans les objectifs d\u2019un d\u00e9veloppement durable respectueux de l\u2019environnement et des dispositions \u00e9nonc\u00e9es par la Convention Cadre sur les Changements Climatiques de Paris (COP21). A mentionner aussi la capitalisation des exp\u00e9riences men\u00e9es, depuis 30 ans, \u00e0 Rjim Maatoug (2500 ha irrigu\u00e9s, profitant directement \u00e0 plus de 1500 familles) et \u00e0 El Borma (50 ha en plein d\u00e9sert perch\u00e9s entre deux dunes de sable). La lutte contre la d\u00e9sertification s\u2019ajoute en atout de valeur. Le retour en investissement est \u00e9difiant. Autant d\u2019acquis qui nous ont incit\u00e9s \u00e0 concevoir ce nouveau projet de d\u00e9veloppement du Sahara.<\/p>\n<p><span class=\"c5\"><span class=\"c4\"><strong>Une vision globale<\/strong><\/span><\/span><\/p>\n<p>Ce projet s\u2019inscrit dans une vision globale de d\u00e9veloppement durable. Sa gouvernance se base sur une approche participative impliquant la population locale et favorisante un partenariat public-priv\u00e9 pour la r\u00e9alisation des diff\u00e9rentes composantes. Son pilotage pourrait \u00eatre attribu\u00e9 \u00e0 une soci\u00e9t\u00e9 d\u2019int\u00e9r\u00eat \u00e9conomique qui b\u00e9n\u00e9ficie des facilit\u00e9s n\u00e9cessaires pour le marketing du projet, la mobilisation des partenaires et la n\u00e9gociation avec les investisseurs. Les principales retomb\u00e9es du projet sont au nombre de sept \u00e0 savoir:<\/p>\n<p class=\"c8\"><span class=\"c3\"><strong>\u2022 Le renforcement de la s\u00e9curit\u00e9<\/strong><\/span> de cette zone frontali\u00e8re, sensible du point de vue strat\u00e9gique, afin de pr\u00e9munir contre les menaces terroristes et les r\u00e9seaux de contrebandes.<\/p>\n<p class=\"c8\"><span class=\"c3\"><strong>\u2022 La fixation de la population locale<\/strong><\/span> des zones frontali\u00e8res et recul\u00e9es du pays.<\/p>\n<p class=\"c8\"><span class=\"c3\"><strong>\u2022 Le d\u00e9veloppement<\/strong><\/span> des \u00e9nergies renouvelables en valorisant l\u2019\u00e9nergie solaire abondante dans le d\u00e9sert pour la production de l\u2019\u00e9lectricit\u00e9.<\/p>\n<p class=\"c8\"><span class=\"c3\"><strong>\u2022 La promotion<\/strong><\/span> de l\u2019agriculture saharienne biologique par l\u2019am\u00e9nagement des terres agricoles et la cr\u00e9ation de nouvelles oasis aux alentours des localit\u00e9s, \u00e0 savoir Remada-Borj Bourguiba, Dhehiba, Maghrouga, El Borma et Borj El Khadhra. L\u2019exploitation des p\u00e2turages pr\u00e9sente aussi des atouts pour la r\u00e9gion.<\/p>\n<p class=\"c8\"><span class=\"c3\"><strong>\u2022 L\u2019impulsion<\/strong><\/span> du tourisme d\u00e9sertique par la mise en place d\u2019une infrastructure permettant la promotion d\u2019activit\u00e9s touristiques et de loisirs, notamment le d\u00e9veloppement de circuits touristiques et culturels, la promotion du tourisme \u00e9cologique par la cr\u00e9ation d\u2019une r\u00e9serve naturelle et la mise en valeur du patrimoine naturel.<br \/>La cr\u00e9ation de zones prot\u00e9g\u00e9es dans les zones arides pour pr\u00e9server la diversit\u00e9 biologique et l&rsquo;\u00e9quilibre \u00e9cologique, en l\u2019occurrence en pr\u00e9sence d\u2019un certain nombre d&rsquo;animaux sauvages rares capables de s&rsquo;adapter et de coexister dans des conditions naturelles difficiles telles que \u0627\u0644\u062d\u0628\u0627\u0631 (Outarde houbara (Chlamydotis))<\/p>\n<p class=\"c8\"><span class=\"c3\"><strong>\u2022 L\u2019int\u00e9gration<\/strong><\/span> de cette r\u00e9gion frontali\u00e8re au corps du territoire national par la mise en place d\u2019une infrastructure routi\u00e8re et la connexion aux r\u00e9seaux \u00e9lectriques et de t\u00e9l\u00e9communications.<\/p>\n<p class=\"c8\">Et enfin, <span class=\"c3\"><strong>L\u2019impl\u00e9mentation<\/strong><\/span> des nouvelles technologies d\u00e9sertiques \u00e0 travers la cr\u00e9ation d\u2019un centre international d\u2019application et d\u2019exp\u00e9rimentation des technologies adapt\u00e9es au d\u00e9sert. Ce centre pourrait \u00eatre une station d\u2019observation, de mesure et d\u2019essai de technologies innovantes.\u00a0\u00a0<\/p>\n<p><span class=\"c5\"><span class=\"c4\"><strong>Un partenariat \u00e0 consolide<\/strong><\/span><\/span><\/p>\n<p>Il est \u00e0 signaler que des d\u00e9marches ont \u00e9t\u00e9 entreprises aupr\u00e8s des institutions internationales (Banque Mondiale, PNUD, AFD, GIZ\u2026) afin de solliciter leurs appuis pour ce projet strat\u00e9gique pour le pays. Une s\u00e9rie de r\u00e9unions a \u00e9t\u00e9 organis\u00e9e avec ces institutions pour leur pr\u00e9senter le projet et prospecter leurs pr\u00e9dispositions pour l\u2019accompagnement. La BM a propos\u00e9 un financement pour la finalisation des \u00e9tudes et le PNUD a propos\u00e9 son soutien pour l\u2019accompagnement et l\u2019organisation des ateliers de r\u00e9flexion et de concertation, le premier a \u00e9t\u00e9 organis\u00e9 le 2 aout 2018 avec la participation des d\u00e9partements concern\u00e9s, le gouvernorat de Tataouine, les organismes de d\u00e9veloppement et la soci\u00e9t\u00e9 civile.<\/p>\n<p>La diplomatie tunisienne a jou\u00e9 un r\u00f4le important pour faire connaitre ce projet aupr\u00e8s de nos partenaires notamment europ\u00e9ens et asiatiques qui ont t\u00e9moign\u00e9 un int\u00e9r\u00eat particulier pour soutenir la r\u00e9alisation de ce projet, plusieurs r\u00e9unions ont \u00e9t\u00e9 organis\u00e9es \u00e0 Tunis et \u00e0 l\u2019\u00e9tranger en pr\u00e9sence des hauts responsables. Il y avait une dynamique diplomatique qui malheureusement n\u2019a pas \u00e9t\u00e9 poursuivi.<\/p>\n<p><span class=\"c5\"><span class=\"c4\"><strong>Les \u00e9tapes du projet<\/strong><\/span><\/span><\/p>\n<p><span class=\"c3\"><strong>La 1<sup>\u00e8re<\/sup> phase (2018-2021)<\/strong><\/span> a \u00e9t\u00e9 d\u00e9di\u00e9e principalement \u00e0 la mise en \u0153uvre de la premi\u00e8re tranche de la route en partant de la localit\u00e9 de Remada pour atteindre Borj El khadhra, le renforcement des r\u00e9seaux \u00e9lectriques et de t\u00e9l\u00e9communication jusqu\u2019\u00e0 Borj Bourguiba, l\u2019am\u00e9nagement de 5 000 hectares de terrains agricoles et \u00e0 l\u2019installation de 200 MW d\u2019\u00e9nergie solaire ainsi que la cr\u00e9ation du Centre international d\u2019application et d\u2019innovation pour accompagner le projet.<\/p>\n<p><span class=\"c3\"><strong>La 2<sup>\u00e9me<\/sup> phase (2022- 2025)<\/strong><\/span> sera r\u00e9serv\u00e9e \u00e0 l\u2019am\u00e9nagement de 15 000 hectares suppl\u00e9mentaires de terrains agricoles, \u00e0 l\u2019installation de 500 m\u00e9gawatts d\u2019\u00e9nergie solaire avec stockage et \u00e0 la poursuite de l\u2019extension des infrastructures.\u00a0<\/p>\n<p><span class=\"c3\"><strong>La <sup>3\u00e9me<\/sup> phase (2026-2035)<\/strong><\/span> sera d\u00e9di\u00e9e \u00e0 l\u2019am\u00e9nagement de 30 000 hectares de terrains agricoles, \u00e0 l\u2019installation de 1000 m\u00e9gawatts d\u2019\u00e9nergie solaire avec stockage et au renforcement des infrastructures.\u00a0<\/p>\n<p>Au total, il est pr\u00e9vu de d\u00e9velopper 50 000 hectares, l\u2019installation de 1700 MW d\u2019\u00e9nergie solaire en des infrastructures.<\/p>\n<p><span class=\"c4\"><span class=\"c5\"><strong>Plan d\u2019action \u00e0 court terme 2018-2021<\/strong><\/span><\/span><\/p>\n<p>Ce plan d\u2019action concerne le d\u00e9veloppement de la r\u00e9gion entre Remada et Borj Bourguiba et englobe les composantes suivantes :<\/p>\n<p><span class=\"c9\"><span class=\"c3\"><strong>La cr\u00e9ation d\u2019un nouveau p\u00f4le d\u2019oasis et p\u00e9rim\u00e8tres irrigu\u00e9s aux alentours de Borj Bourguiba et Remada<\/strong><\/span><\/span><\/p>\n<p>Le projet est bas\u00e9 sur l\u2019\u00e9tude r\u00e9alis\u00e9e par le Centre National d\u2019Etudes Agricoles (CNEA, 2018). Elle consiste en la cr\u00e9ation de p\u00e9rim\u00e8tres irrigu\u00e9s et d\u2019oasis dans les zones de Remada-Borj Bourguiba, Lorzot et Oued Zar moyennant la mobilisation des ressources en eau du Continental Intercalaire.<\/p>\n<p><span class=\"c3\"><span class=\"c9\"><strong>Objectifs du projet :<\/strong><\/span><\/span><\/p>\n<p class=\"c8\"><span class=\"c3\"><strong>\u2022<\/strong><\/span> Diversification de l\u2019\u00e9conomie r\u00e9gionale,<\/p>\n<p class=\"c8\"><span class=\"c3\"><strong>\u2022<\/strong><\/span> Cr\u00e9ation d\u2019emploi ou de sources de revenus dans le gouvernorat de Tataouine caract\u00e9ris\u00e9 par un taux de ch\u00f4mage \u00e9lev\u00e9,<\/p>\n<p class=\"c8\"><span class=\"c3\"><strong>\u2022<\/strong><\/span> Peuplement des zones frontali\u00e8res et recul\u00e9es du pays.<\/p>\n<p class=\"c8\"><span class=\"c3\"><strong>\u2022<\/strong><\/span> Mobilisation rationnelle des ressources en eau du Continental intercalaire,<\/p>\n<p class=\"c8\"><span class=\"c3\"><strong>\u2022<\/strong><\/span> L\u2019int\u00e9gration de l\u2019\u00e9nergie solaire dans le pompage au niveau des 7 puits programm\u00e9s.<\/p>\n<p class=\"c8\"><span class=\"c3\"><strong>\u2022<\/strong><\/span> La r\u00e9alisation des travaux de lutte contre la d\u00e9sertification et de sauvegarde du milieu naturel \u00e0 travers le reboisement, la mise en place de brise vent \u2026etc.<\/p>\n<p><span class=\"c3\"><span class=\"c9\"><strong>Composantes du projet :<\/strong><\/span><\/span><\/p>\n<p class=\"c8\"><span class=\"c3\"><strong>\u2022<\/strong><\/span> <span class=\"c3\"><strong>Composante A :<\/strong><\/span> Am\u00e9nagement des p\u00e9rim\u00e8tres publics irrigu\u00e9s et infrastructures de base (580 ha d\u2019oasis, d\u00e9senclavement de la zone du projet, infrastructure d&rsquo;accueil des exploitants et locaux administratifs).<\/p>\n<p class=\"c8\"><span class=\"c3\"><strong>\u2022<\/strong><\/span> <span class=\"c3\"><strong>Composante B :<\/strong><\/span> Plantations arboricoles oasiennes (acquisition de plants\u2026).<\/p>\n<p class=\"c8\"><span class=\"c3\"><strong>\u2022<\/strong><\/span> <span class=\"c3\"><strong>Composante C :<\/strong><\/span> Appui institutionnel et mesures d&rsquo;accompagnement (\u00e9quipements \u00e0 affecter aux structures li\u00e9es \u00e0 la gestion du projet, les \u00e9tudes, les formations et les mesures de soutiens et d\u2019appui \u00e0 la production et \u00e0 la commercialisation des dattes et autres produits de la r\u00e9gion).<\/p>\n<p class=\"c8\"><span class=\"c3\"><strong>\u2022<\/strong><\/span> <span class=\"c3\"><strong>Composante D :<\/strong><\/span> Entretien et fonctionnement des biens du projet.<\/p>\n<p><span class=\"c4\"><strong>Sch\u00e9ma de d\u00e9veloppement agricole :<\/strong><\/span> Agriculture oasienne en trois \u00e9tages (palmier dattier, arboriculture fruiti\u00e8re et cultures annuelles) plus int\u00e9gration de l\u2019\u00e9levage ovin.<\/p>\n<p><span class=\"c4\"><strong>La superficie<\/strong><\/span> des p\u00e9rim\u00e8tres concern\u00e9s par de cette phase s\u2019\u00e9l\u00e8ve \u00e0 1000 h r\u00e9partie entre 2 tranches :<\/p>\n<p class=\"c8\"><span class=\"c3\"><strong>\u2022<\/strong><\/span> 400 h aux alentours de Remada,<\/p>\n<p class=\"c8\"><span class=\"c3\"><strong>\u2022<\/strong><\/span> 600 h \u00e0 Borj Bourguiba \u00e0 affecter aux b\u00e9n\u00e9ficiaires comme suit :<\/p>\n<p class=\"c8\"><span class=\"c3\"><strong>&#8211;<\/strong><\/span> 20 lots aux dipl\u00f4m\u00e9s de l\u2019enseignement sup\u00e9rieur et des techniciens sur une superficie de 150 h,<\/p>\n<p class=\"c8\"><span class=\"c3\"><strong>&#8211;<\/strong><\/span> 150 lots au profit des petits exploitants \u00e0 raison de 3h par lot soit environ 450h.<\/p>\n<p><span class=\"c4\"><strong>Co\u00fbt du projet :<\/strong><\/span> 120 millions de dinars,<\/p>\n<p><span class=\"c3\"><span class=\"c9\"><strong>L\u2019installation d\u2019une centrale photovolta\u00efque \u00e0 Borj Bourguiba d\u2019une puissance 200 MW<\/strong><\/span><\/span><\/p>\n<p>Ce projet a \u00e9t\u00e9 inscrit par le minist\u00e8re de l\u2019\u00e9nergie dans le programme de l\u2019acc\u00e9l\u00e9ration de la mise en \u0153uvre du Plan Solaire Tunisien et de la diversification des sources de production d\u2019\u00e9lectricit\u00e9 \u00e0 travers la promotion des \u00e9nergies renouvelables. Un appel d\u2019offre a \u00e9t\u00e9 lanc\u00e9 le 23 mai 2018 dans le cadre des concessions et ce projet a \u00e9t\u00e9 octroy\u00e9 \u00e0 la soci\u00e9t\u00e9 Scatec Solar avec un prix tr\u00e8s comp\u00e9titif environ 70 millimes\/kwh. C\u2019est la seule composante du projet qui a \u00e9t\u00e9 initi\u00e9. Ce projet s\u2019\u00e9tend sur une superficie de 400 hectares.<\/p>\n<p><span class=\"c9\"><span class=\"c3\"><strong>Composantes du projet<\/strong><\/span><\/span><\/p>\n<p>Con\u00e7u pour \u00eatre r\u00e9alis\u00e9 en mode de Partenariat Public-Priv\u00e9 (PPP), ce projet couvre les \u00e9tudes, la fabrication en usine, la fourniture, le transport \u00e0 pied d\u2019\u0153uvre, le montage sur site, la pose, les essais et la mise en service industriel des \u00e9quipements \u00e9lectrom\u00e9caniques, ainsi que les ouvrages de raccordement au r\u00e9seau \u00e9lectrique (225 kV) et l\u2019\u00e9vacuation de l\u2019\u00e9nergie produite.<br \/>Co\u00fbt du projet<br \/>Le co\u00fbt estimatif du projet s\u2019\u00e9l\u00e8ve \u00e0 600 millions de DT r\u00e9partis comme suit : 550 millions de DT pour la centrale photovolta\u00efque, 25 millions de DT pour la connexion au r\u00e9seau \u00e9lectrique et 25 millions de DT pour la station d\u2019\u00e9vacuation de l\u2019\u00e9nergie produite.<\/p>\n<p><span class=\"c9\"><span class=\"c3\"><strong>D\u00e9lais de r\u00e9alisation<\/strong><\/span><\/span><\/p>\n<p>La dur\u00e9e de r\u00e9alisation du projet est pr\u00e9vue pour 18 mois.\u00a0<\/p>\n<p>La production d\u2019\u00e9nergie \u00e9lectrique annuelle pr\u00e9vue est de 320 gigawattheure et l\u2019\u00e9conomie annuelle en gaz naturel est \u00e9valu\u00e9e \u00e0 70 Tep. Le taux d\u2019int\u00e9gration locale est estim\u00e9 \u00e0 40 %.<\/p>\n<p><span class=\"c3\"><span class=\"c9\"><strong>Le d\u00e9veloppement des infrastructures<\/strong><\/span><\/span><\/p>\n<p>Le d\u00e9veloppement des diff\u00e9rents r\u00e9seaux d\u2019infrastructures routi\u00e8res et de t\u00e9l\u00e9communications et la construction d\u2019un village.<\/p>\n<p><span class=\"c4\"><strong>Extension du village de Borj Bourguiba<\/strong><\/span> par la construction d\u2019un village de 225 logements et la mise en place d\u2019infrastructures de base (eau potable, \u00e9lectricit\u00e9, \u00e9cole, dispensaire, mosqu\u00e9e, caf\u00e9, mini souk, maison de jeunes, local administratif\u2026) et ce pour fixer la population.<\/p>\n<p>Le co\u00fbt global est estim\u00e9 \u00e0 20 millions de DT.<\/p>\n<p><span class=\"c9\"><span class=\"c3\"><strong>Construction de la route reliant Remada \u00e0 Borj Bourguiba<\/strong><\/span><\/span><\/p>\n<p>L\u2019am\u00e9nagement de la route reliant Remada \u00e0 Borj Bourguiba d\u2019environ 30 km. Le cout est \u00e9valu\u00e9 \u00e0 15 millions de DT.<\/p>\n<p><span class=\"c3\"><strong>Il est n\u00e9cessaire de voir autrement le d\u00e9veloppement des r\u00e9gions productrices des ressources naturelles et d\u2019acc\u00e9l\u00e9rer la mise en \u0153uvre des projets \u00e9conomiquement rentables pour cr\u00e9er de la richesse et des emplois stables et durables.<\/strong><\/span><em><br \/><\/em><\/p>\n<p class=\"c10\"><strong>Khaled Kaddour<\/strong><\/p>\n<p>Auteur:<br \/>\n<a href=\"https:\/\/www.leaders.com.tn\/article\/30601-khaled-kaddour-developpement-du-sahara-un-levier-de-croissance-et-de-creation-d-emplois-pour-la-region-de-tataouine\">Cliquez ici pour lire l&rsquo;article depuis sa source.<\/a><\/p>\n","protected":false},"excerpt":{"rendered":"<p>Par Khaled Kaddour \u00ab\u00a0On montre ce qu&rsquo;on peut faire et non ce qu&rsquo;on doit faire\u2026 \u00ab\u00a0 &#8211; La reprise du rythme normal de la production du p\u00e9trole et du phosphate passe essentiellement par le d\u00e9veloppement des r\u00e9gions productrices des ressources naturelles (essentiellement Gafsa et Tataouine), afin de r\u00e9pondre aux attentes et aspirations de la population [&hellip;]<\/p>\n","protected":false},"author":1772,"featured_media":99233,"comment_status":"closed","ping_status":"closed","sticky":false,"template":"","format":"standard","meta":{"fifu_image_url":"","fifu_image_alt":"","footnotes":""},"categories":[73,55],"tags":[],"class_list":["post-99232","post","type-post","status-publish","format-standard","has-post-thumbnail","hentry","category-actualite","category-tunisie"],"_links":{"self":[{"href":"https:\/\/linitiative.ca\/International\/wp-json\/wp\/v2\/posts\/99232","targetHints":{"allow":["GET"]}}],"collection":[{"href":"https:\/\/linitiative.ca\/International\/wp-json\/wp\/v2\/posts"}],"about":[{"href":"https:\/\/linitiative.ca\/International\/wp-json\/wp\/v2\/types\/post"}],"author":[{"embeddable":true,"href":"https:\/\/linitiative.ca\/International\/wp-json\/wp\/v2\/users\/1772"}],"replies":[{"embeddable":true,"href":"https:\/\/linitiative.ca\/International\/wp-json\/wp\/v2\/comments?post=99232"}],"version-history":[{"count":0,"href":"https:\/\/linitiative.ca\/International\/wp-json\/wp\/v2\/posts\/99232\/revisions"}],"wp:featuredmedia":[{"embeddable":true,"href":"https:\/\/linitiative.ca\/International\/wp-json\/"}],"wp:attachment":[{"href":"https:\/\/linitiative.ca\/International\/wp-json\/wp\/v2\/media?parent=99232"}],"wp:term":[{"taxonomy":"category","embeddable":true,"href":"https:\/\/linitiative.ca\/International\/wp-json\/wp\/v2\/categories?post=99232"},{"taxonomy":"post_tag","embeddable":true,"href":"https:\/\/linitiative.ca\/International\/wp-json\/wp\/v2\/tags?post=99232"}],"curies":[{"name":"wp","href":"https:\/\/api.w.org\/{rel}","templated":true}]}}