{"id":99235,"date":"2020-09-18T09:08:19","date_gmt":"2020-09-18T13:08:19","guid":{"rendered":"https:\/\/linitiative.ca\/International\/des-indemnites-exceptionnelles-en-cours-delaboration-au-profit-des-professionnels-de-sante\/"},"modified":"2020-09-18T09:08:19","modified_gmt":"2020-09-18T13:08:19","slug":"des-indemnites-exceptionnelles-en-cours-delaboration-au-profit-des-professionnels-de-sante","status":"publish","type":"post","link":"https:\/\/linitiative.ca\/International\/des-indemnites-exceptionnelles-en-cours-delaboration-au-profit-des-professionnels-de-sante\/","title":{"rendered":"Des indemnit\u00e9s exceptionnelles en cours d\u2019\u00e9laboration au profit des professionnels de sant\u00e9"},"content":{"rendered":"<p><strong>Le ministre de la Sant\u00e9, Khalid Ait Taleb, a soulign\u00e9 jeudi \u00e0 Rabat, que son d\u00e9partement est en cours d\u2019\u00e9laborer des indemnit\u00e9s exceptionnelles au profit de tous les professionnels du secteur pour leurs efforts d\u00e9ploy\u00e9s.<\/strong><\/p>\n<div class=\"c10\"\/>\n<p>Dans un expos\u00e9 devant la Commission des secteurs sociaux \u00e0 la Chambre des repr\u00e9sentants, Ait Taleb a rappel\u00e9 que la note N\u00b0 066 du 24 ao\u00fbt 2020 a donn\u00e9 le feu vert pour la mise en \u0153uvre de la d\u00e9cision de pr\u00e9voir des indemnit\u00e9s au profit des professionnels de la Sant\u00e9 dans un cadre participatif avec tous les partenaires sociaux, notant qu&rsquo;\u00a0\u00bbaujourd\u2019hui, le minist\u00e8re \u0153uvre sur la mani\u00e8re dont elles seront vers\u00e9es, malgr\u00e9 que nous ne sommes pas encore sortis de la crise\u00a0\u00bb.<\/p>\n<p><strong>Lire aussi|\u00a0<\/strong><a href=\"https:\/\/www.challenge.ma\/coronavirus-247-marches-conclus-avec-98-entreprises-par-le-ministere-de-la-sante-157352\/\"><strong>Coronavirus : 247 march\u00e9s conclus avec 98 entreprises par le minist\u00e8re de la Sant\u00e9<\/strong><\/a><\/p>\n<p>Il a \u00e9galement saisi l\u2019occasion pour souligner que le d\u00e9partement de tutelle accorde une grande attention \u00e0 l\u2019am\u00e9lioration des conditions de travail et \u00e0 l\u2019encouragement des professionnels, notant que le programme d\u2019efficacit\u00e9 de la performance du minist\u00e8re 2020, dans le volet relatif au programme budg\u00e9taire des ressources humaines, comporte une s\u00e9rie de mesures qui pr\u00e9voient une indemnit\u00e9 sur le rendement, la revalorisation des indemnit\u00e9s de permanence et la mise en place d\u2019un programme national pour la sant\u00e9 et la s\u00e9curit\u00e9 dans les lieux de travail bas\u00e9 sur le contr\u00f4le, la gestion des risques professionnels pour le personnel de la Sant\u00e9 et des indemnit\u00e9s pour ceux qui travaillent dans les zones \u00e9loign\u00e9es.<\/p>\n<p>Le ministre a par ailleurs rappel\u00e9 les rencontres tenues \u00e0 partir du 4 ao\u00fbt dernier avec les centrales syndicales les plus repr\u00e9sentatives, mettant en avant la poursuite des efforts pour le r\u00e8glement d\u2019une s\u00e9rie de dossier en suspens relatifs \u00e0 la situation administrative et financi\u00e8re de certaines cat\u00e9gories, notamment les infirmiers et les techniciens de sant\u00e9 dans un cadre participatif. \u00ab\u00a0La refonte institutionnelle du syst\u00e8me national de sant\u00e9 permettra l\u2019am\u00e9lioration de la situation sanitaire et financi\u00e8re des professionnels de sant\u00e9 et la promotion du secteur dans sa globalit\u00e9\u00a0\u00bb, a-t-il conclu.<\/p>\n<p><strong>Lire aussi|<\/strong><a href=\"https:\/\/www.challenge.ma\/coronavirus-1121-foyers-actifs-au-maroc-157392\/\"><strong>Coronavirus : 1121 foyers actifs au Maroc<\/strong><\/a><\/p>\n<p>Avec MAP<\/p>\n<p>Auteur: challenge<br \/>\n<a href=\"https:\/\/www.challenge.ma\/des-indemnites-exceptionnelles-en-cours-delaboration-au-profit-des-professionnels-de-sante-157413\/\">Cliquez ici pour lire l&rsquo;article depuis sa source.<\/a><\/p>\n","protected":false},"excerpt":{"rendered":"<p>Le ministre de la Sant\u00e9, Khalid Ait Taleb, a soulign\u00e9 jeudi \u00e0 Rabat, que son d\u00e9partement est en cours d\u2019\u00e9laborer des indemnit\u00e9s exceptionnelles au profit de tous les professionnels du secteur pour leurs efforts d\u00e9ploy\u00e9s. Dans un expos\u00e9 devant la Commission des secteurs sociaux \u00e0 la Chambre des repr\u00e9sentants, Ait Taleb a rappel\u00e9 que la [&hellip;]<\/p>\n","protected":false},"author":1787,"featured_media":0,"comment_status":"closed","ping_status":"closed","sticky":false,"template":"","format":"standard","meta":{"fifu_image_url":"","fifu_image_alt":"","footnotes":""},"categories":[78,54],"tags":[],"class_list":["post-99235","post","type-post","status-publish","format-standard","hentry","category-economie","category-maroc"],"_links":{"self":[{"href":"https:\/\/linitiative.ca\/International\/wp-json\/wp\/v2\/posts\/99235","targetHints":{"allow":["GET"]}}],"collection":[{"href":"https:\/\/linitiative.ca\/International\/wp-json\/wp\/v2\/posts"}],"about":[{"href":"https:\/\/linitiative.ca\/International\/wp-json\/wp\/v2\/types\/post"}],"author":[{"embeddable":true,"href":"https:\/\/linitiative.ca\/International\/wp-json\/wp\/v2\/users\/1787"}],"replies":[{"embeddable":true,"href":"https:\/\/linitiative.ca\/International\/wp-json\/wp\/v2\/comments?post=99235"}],"version-history":[{"count":0,"href":"https:\/\/linitiative.ca\/International\/wp-json\/wp\/v2\/posts\/99235\/revisions"}],"wp:attachment":[{"href":"https:\/\/linitiative.ca\/International\/wp-json\/wp\/v2\/media?parent=99235"}],"wp:term":[{"taxonomy":"category","embeddable":true,"href":"https:\/\/linitiative.ca\/International\/wp-json\/wp\/v2\/categories?post=99235"},{"taxonomy":"post_tag","embeddable":true,"href":"https:\/\/linitiative.ca\/International\/wp-json\/wp\/v2\/tags?post=99235"}],"curies":[{"name":"wp","href":"https:\/\/api.w.org\/{rel}","templated":true}]}}