{"id":99242,"date":"2020-09-18T16:40:25","date_gmt":"2020-09-18T20:40:25","guid":{"rendered":"https:\/\/linitiative.ca\/International\/covid-en-tunisie-une-histoire-qui-avait-pourtant-si-bien-commence-mais-qui-vire-au-desastre\/"},"modified":"2020-09-18T16:40:25","modified_gmt":"2020-09-18T20:40:25","slug":"covid-en-tunisie-une-histoire-qui-avait-pourtant-si-bien-commence-mais-qui-vire-au-desastre","status":"publish","type":"post","link":"https:\/\/linitiative.ca\/International\/covid-en-tunisie-une-histoire-qui-avait-pourtant-si-bien-commence-mais-qui-vire-au-desastre\/","title":{"rendered":"Covid en Tunisie : Une histoire qui avait pourtant si bien commenc\u00e9 mais qui vire au d\u00e9sastre"},"content":{"rendered":"<div class=\"post-cont-in left relative\">\n<div id=\"post-info-wrap\" class=\"left relative post-info-out\">\n<div class=\"post-info-img left relative\"><img loading=\"lazy\" decoding=\"async\" alt=\"\" src=\"https:\/\/secure.gravatar.com\/avatar\/96253f4a657b482a18e837c1252096c2?s=50&amp;d=mm&amp;r=g\" srcset=\"https:\/\/secure.gravatar.com\/avatar\/96253f4a657b482a18e837c1252096c2?s=100&amp;d=mm&amp;r=g 2x\" class=\"avatar avatar-50 photo\" height=\"50\" width=\"50\"\/><\/div>\n<div class=\"post-info-in\">\n<div class=\"post-info-right left relative post-info-name left relative\"><span itemprop=\"author\" itemscope=\"\" itemtype=\"https:\/\/schema.org\/Person\"><span class=\"post-info-text\">Par<\/span> <span class=\"author-name vcard fn author\" itemprop=\"name\"><a href=\"https:\/\/www.tunisienumerique.com\/author\/saber\/\" title=\"Articles par Saber .\" rel=\"author\">Saber .<\/a><\/span><\/span> <span class=\"post-date updated\"><time class=\"post-date updated\" itemprop=\"datePublished\" datetime=\"2020-09-18\">\u00a0| Il y a 1 minute<\/time><\/span><\/div>\n<div class=\"left relative\"><button id=\"listenButton1\" class=\"responsivevoice-button\" type=\"button\" value=\"Play\" title=\"&#xC9;coutez l'article\"><span>\ud83d\udd0a \u00c9coutez l&rsquo;article<\/span><\/button> <\/div>\n<\/div>\n<\/div>\n<p>On ne sait pas si ce sont les d\u00e9cisions r\u00e9fl\u00e9chies du nouveau ministre de la sant\u00e9, ou si celui-ci s\u2019est trouv\u00e9 accul\u00e9 \u00e0 les prendre \u00e0 cause de la situation dont il a h\u00e9rit\u00e9 apr\u00e8s la gestion catastrophique de la crise, par l\u2019\u00e9quipe du g\u00e9n\u00e9ral Abdellatif Mekki. Toujours est-il que les mesures annonc\u00e9es, il y a deux jours par le ministre de la sant\u00e9, laissent comprendre que son d\u00e9partement s\u2019est trouv\u00e9 d\u00e9pass\u00e9 par les \u00e9v\u00e8nements, et ne peut plus rien tenter pour faire face.<\/p>\n<div class=\"code-block code-block-1 c4\"><ins class=\"adsbygoogle c3\" data-ad-layout=\"in-article\" data-ad-format=\"fluid\" data-ad-client=\"ca-pub-2102118777505746\" data-ad-slot=\"7301775417\"\/> <\/div>\n<p>Il n\u2019y a, parait-il plus de kits pour faire les tests virologiques, et le minist\u00e8re a d\u00e9cid\u00e9 de ne plus en pratiquer, sauf pour les cas extr\u00eames. D\u2019ailleurs, on pouvait deviner cela, depuis que l\u2019observatoire des maladies \u00e9mergentes a d\u00e9cid\u00e9 de ne plus publier le nombre de tests pratiqu\u00e9s chaque jour, ce qui voulait dire que le nombre \u00e9tait d\u00e9risoire par rapport aux cas positifs comptabilis\u00e9s. Or, avec la flamb\u00e9e des nouveaux cas enregistr\u00e9s chaque jour, et avec la rentr\u00e9e des classes et le nombre de plus en plus ahurissant d\u2019administrations ou d\u2019entreprises qui ferment chaque jour \u00e0 cause des nombreuses contaminations qu\u2019elle comptaient\u2026 Et, surtout, \u00e0 la suite de la r\u00e9ouverture des fronti\u00e8res aux tunisiens r\u00e9sidant \u00e0 l\u2019\u00e9tranger qui n\u2019ont \u00e9pargn\u00e9 aucun effort pour laisser la trace de leur passage cette ann\u00e9e, les cas suspects se comptent pas centaines, voire milliers, et l\u2019impossibilit\u00e9 de leur pratiquer les tests a de quoi affoler tous les tunisiens. Et cet affolement et cette panique touchent tous les secteurs, \u00e0 commencer par le secteur de la sant\u00e9, o\u00f9 le syndicat a appel\u00e9 ses adh\u00e9rents \u00e0 ne plus prendre en charge les malades suspects de porter le virus. Et pour cause\u00a0: Le minist\u00e8re ne leur fournit plus les moyens pour les prot\u00e9ger, et ne peut plus leur pratiquer les tests virologiques, leur demandant de rester confin\u00e9s chez eux, au grand dam de leurs confr\u00e8res qui se retrouvent submerg\u00e9s par le travail et qui sont proches du point de rupture. Et il en est de m\u00eame dans toutes les administrations et les entreprises publiques ou priv\u00e9es, ainsi que dans les \u00e9tablissements scolaires et universitaires\u2026 Autant dire, dans tout le pays qui s\u2019est transform\u00e9 en un foyer g\u00e9ant de la pand\u00e9mie. M\u00eame dans les familles et en soci\u00e9t\u00e9, on s\u2019affole. On entend \u00e0 tous bouts de champs qu\u2019un tel ou une telle est contamin\u00e9\u2026 On se rappelle, soudain, qu\u2019on l\u2019a rencontr\u00e9 il y a quelques jours, on s\u2019affole, on l\u2019appelle et on obtient la confirmation de l\u2019information\u2026 On s\u2019affole encore plus, on commence \u00e0 sentir de la fatigue, on se t\u00e2te le front \u00e0 longueur de journ\u00e9e \u00e0 la recherche du moindre acc\u00e8s de fi\u00e8vre, on a l\u2019impression qu\u2019on a un petit soup\u00e7on de toux ou d\u2019irritation de la gorge, on se sent mal\u2026 On finit par se r\u00e9soudre \u00e0 l\u2019\u00e9vidence\u00a0: On est tr\u00e8s probablement, que dis-je, tr\u00e8s certainement, atteint du covid. On appelle le m\u00e9decin, il refuse de venir, on propose d\u2019aller consulter dans son cabinet, l\u00e0 aussi il refuse de nous recevoir, on se rabat sur le SAMU\u00a0: Personne au bout du fil\u2026 Le minist\u00e8re de la sant\u00e9 assure qu\u2019il ne pratique plus les tests sauf pour les cas presque confirm\u00e9s. On consulte son compte en banque, on fait un petit calcul, on grignote sur les frais des fournitures scolaires ou sur tout autre chapitre, et on d\u00e9cide de se faire tester dans un laboratoire priv\u00e9\u2026 L\u00e0 aussi, il y a un hic. Le biologiste ne veut pas courir le risque de contaminer son laboratoire et \u00eatre oblig\u00e9 de le fermer, aussi, refuse-t-il de recevoir les cas suspects pour les pr\u00e9lever\u2026 Et le plus grave de tout, c\u2019est quand on arrive \u00e0 obtenir une visite du m\u00e9decin et que celui-ci prescrit l\u2019hospitalisation du malade, et qu\u2019on nous r\u00e9pond qu\u2019il n\u2019y a pas de lits disponibles, notamment ceux de r\u00e9animation. Et c\u2019est l\u00e0 o\u00f9 cela devient absurde et d\u00e9passe tout entendement. Car tout le monde sait que le minist\u00e8re de la sant\u00e9 a d\u00e9di\u00e9 150 lits de r\u00e9animation pour les malades covid +. Et quand on revient au dernier bulletin publi\u00e9 par le \u00a0minist\u00e8re, on apprend qu\u2019il n\u2019y a que 47 malades hospitalis\u00e9s en r\u00e9animation, dont 13 sous respirateur artificiel. Et l\u00e0, on ne peut pas se retenir de se demander o\u00f9 sont pass\u00e9s les 103 lits qui restent du total des 150 d\u00e9di\u00e9s\u00a0?<\/p>\n<p>Bref\u2026 Le cauchemar\u00a0!!!<\/p>\n<p>C\u2019est dommage que \u00e7\u00e0 se termine de la sorte, alors que cette histoire avait si bien commenc\u00e9, et notre minist\u00e8re, sous la houlette de Sonia Ben Cheikh avait r\u00e9ussi des prodiges, et au lieu de poursuivre sur cette lanc\u00e9e, salu\u00e9e par le monde entier, non\u00a0! Pas du tout\u00a0! Rien \u00e0 faire de la maladie ni de la sant\u00e9 du tunisien\u00a0! Il fallait livrer le minist\u00e8re, tel un troph\u00e9e de guerre, ou une r\u00e9compense post \u00e9lectorale, \u00e0 d\u2019autres \u00ab\u00a0comp\u00e9tences\u00a0\u00bb\u2026 Et voil\u00e0 le r\u00e9sultat\u00a0!<\/p>\n<p>Ce qui fait surtout, mal, c\u2019est quand les m\u00eames m\u00e9decins qui avaient marqu\u00e9 l\u2019histoire au d\u00e9but de l\u2019\u00e9pid\u00e9mie, au point de s\u2019\u00eatre transform\u00e9s en ic\u00f4nes, se retrouvent, actuellement, dans l\u2019obligation de dire n\u2019importe quoi et de faire des d\u00e9clarations contraires \u00e0 leurs convictions et \u00e0 leurs connaissances, uniquement parce qu\u2019on leur a demand\u00e9 de le faire\u2026 On leur a demand\u00e9 de d\u00e9fendre l\u2019ind\u00e9fendable\u2026 On leur a demand\u00e9 de d\u00e9fendre la strat\u00e9gie catastrophique adopt\u00e9e par un certain g\u00e9n\u00e9ral, qui a men\u00e9 le pays \u00e0 la d\u00e9route qu\u2019on est en train de vivre\u00a0!<\/p>\n<div class=\"swp_social_panel swp_horizontal_panel swp_flat_fresh swp_default_full_color swp_individual_full_color swp_other_full_color scale-100 scale-\" data-min-width=\"1100\" data-float-color=\"#ffffff\" data-float=\"bottom\" data-float-mobile=\"bottom\" data-transition=\"slide\">\n<div class=\"nc_tweetContainer swp_share_button total_shares total_sharesalt\"><span class=\"swp_count\">1 <span class=\"swp_label\">Partages<\/span><\/span><\/div>\n<\/div>\n<p><strong>Que se passe-t-il en Tunisie?<\/strong><br \/>Nous expliquons sur notre <a href=\"https:\/\/www.youtube.com\/channel\/UCRzypVq0B_yBad5eGrwBx0Q?sub_confirmation=1\" target=\"_blank\" rel=\"noopener noreferrer\">cha\u00eene YouTube<\/a> . <a href=\"https:\/\/www.youtube.com\/channel\/UCRzypVq0B_yBad5eGrwBx0Q?sub_confirmation=1\" target=\"_blank\" rel=\"noopener noreferrer\">Abonnez-vous!<\/a><\/p>\n<div class=\"mvp-org-wrap mvp-org-logo\" itemprop=\"publisher\" itemscope=\"\" itemtype=\"https:\/\/schema.org\/Organization\"><img decoding=\"async\" src=\"https:\/\/www.tunisienumerique.com\/wp-content\/uploads\/2017\/02\/logo_tunisie_numerique.png\"\/><\/div>\n<div class=\"mvp-related-posts left relative\">\n<h4 class=\"post-header\"><span class=\"post-header\">Lire aussi<\/span><\/h4>\n<\/div>\n<div id=\"article-ad\"><ins class=\"adsbygoogle c5\" data-ad-client=\"ca-pub-2102118777505746\" data-ad-slot=\"6513972734\" data-ad-format=\"auto\" data-full-width-responsive=\"true\"\/> <\/div>\n<\/div>\n<div id=\"post-sidebar-wrap\"><ins class=\"adsbygoogle c5\" data-ad-client=\"ca-pub-2102118777505746\" data-ad-slot=\"6168283410\" data-ad-format=\"auto\" data-full-width-responsive=\"true\"\/> <\/div>\n<p>Auteur: Saber .<br \/>\n<a href=\"https:\/\/www.tunisienumerique.com\/covid-en-tunisie-une-histoire-qui-avait-pourtant-si-bien-commence-mais-qui-vire-au-desastre\/\">Cliquez ici pour lire l&rsquo;article depuis sa source.<\/a><\/p>\n","protected":false},"excerpt":{"rendered":"<p>Par Saber . \u00a0| Il y a 1 minute \ud83d\udd0a \u00c9coutez l&rsquo;article On ne sait pas si ce sont les d\u00e9cisions r\u00e9fl\u00e9chies du nouveau ministre de la sant\u00e9, ou si celui-ci s\u2019est trouv\u00e9 accul\u00e9 \u00e0 les prendre \u00e0 cause de la situation dont il a h\u00e9rit\u00e9 apr\u00e8s la gestion catastrophique de la crise, par l\u2019\u00e9quipe [&hellip;]<\/p>\n","protected":false},"author":1789,"featured_media":0,"comment_status":"closed","ping_status":"closed","sticky":false,"template":"","format":"standard","meta":{"fifu_image_url":"","fifu_image_alt":"","footnotes":""},"categories":[73,55],"tags":[],"class_list":["post-99242","post","type-post","status-publish","format-standard","hentry","category-actualite","category-tunisie"],"_links":{"self":[{"href":"https:\/\/linitiative.ca\/International\/wp-json\/wp\/v2\/posts\/99242","targetHints":{"allow":["GET"]}}],"collection":[{"href":"https:\/\/linitiative.ca\/International\/wp-json\/wp\/v2\/posts"}],"about":[{"href":"https:\/\/linitiative.ca\/International\/wp-json\/wp\/v2\/types\/post"}],"author":[{"embeddable":true,"href":"https:\/\/linitiative.ca\/International\/wp-json\/wp\/v2\/users\/1789"}],"replies":[{"embeddable":true,"href":"https:\/\/linitiative.ca\/International\/wp-json\/wp\/v2\/comments?post=99242"}],"version-history":[{"count":0,"href":"https:\/\/linitiative.ca\/International\/wp-json\/wp\/v2\/posts\/99242\/revisions"}],"wp:attachment":[{"href":"https:\/\/linitiative.ca\/International\/wp-json\/wp\/v2\/media?parent=99242"}],"wp:term":[{"taxonomy":"category","embeddable":true,"href":"https:\/\/linitiative.ca\/International\/wp-json\/wp\/v2\/categories?post=99242"},{"taxonomy":"post_tag","embeddable":true,"href":"https:\/\/linitiative.ca\/International\/wp-json\/wp\/v2\/tags?post=99242"}],"curies":[{"name":"wp","href":"https:\/\/api.w.org\/{rel}","templated":true}]}}