{"id":99243,"date":"2020-09-18T17:08:23","date_gmt":"2020-09-18T21:08:23","guid":{"rendered":"https:\/\/linitiative.ca\/International\/tunisie-ennahdha-va-constituer-un-grand-danger-pour-la-democratie-dans-le-pays\/"},"modified":"2020-09-18T17:08:23","modified_gmt":"2020-09-18T21:08:23","slug":"tunisie-ennahdha-va-constituer-un-grand-danger-pour-la-democratie-dans-le-pays","status":"publish","type":"post","link":"https:\/\/linitiative.ca\/International\/tunisie-ennahdha-va-constituer-un-grand-danger-pour-la-democratie-dans-le-pays\/","title":{"rendered":"Tunisie \u2013 Ennahdha va constituer un grand danger pour la d\u00e9mocratie dans le pays"},"content":{"rendered":"<div class=\"post-cont-in left relative\">\n<div id=\"post-info-wrap\" class=\"left relative post-info-out\">\n<div class=\"post-info-img left relative\"><img loading=\"lazy\" decoding=\"async\" alt=\"\" src=\"https:\/\/secure.gravatar.com\/avatar\/9f10b5e5a102bf8cc0ebfb84f5ab5652?s=50&amp;d=mm&amp;r=g\" srcset=\"https:\/\/secure.gravatar.com\/avatar\/9f10b5e5a102bf8cc0ebfb84f5ab5652?s=100&amp;d=mm&amp;r=g 2x\" class=\"avatar avatar-50 photo\" height=\"50\" width=\"50\"\/><\/div>\n<div class=\"post-info-in\">\n<div class=\"post-info-right left relative post-info-name left relative\"><span itemprop=\"author\" itemscope=\"\" itemtype=\"https:\/\/schema.org\/Person\"><span class=\"post-info-text\">Par<\/span> <span class=\"author-name vcard fn author\" itemprop=\"name\"><a href=\"https:\/\/www.tunisienumerique.com\/author\/ramsis\/\" title=\"Articles par Ramsis\" rel=\"author\">Ramsis<\/a><\/span><\/span> <span class=\"post-date updated\"><time class=\"post-date updated\" itemprop=\"datePublished\" datetime=\"2020-09-18\">\u00a0| Il y a 2 minutes<\/time><\/span><\/div>\n<div class=\"left relative\"><button id=\"listenButton1\" class=\"responsivevoice-button\" type=\"button\" value=\"Play\" title=\"&#xC9;coutez l'article\"><span>\ud83d\udd0a \u00c9coutez l&rsquo;article<\/span><\/button> <\/div>\n<\/div>\n<\/div>\n<p>Ennahdha va-t-elle constituer un danger pour la d\u00e9mocratie dans le pays\u00a0? Cela semble, du moins, \u00eatre l\u2019avis d\u2019un de ses leaders, en l\u2019occurrence, Abdelhamid Jelassi, qui l\u2019a d\u00e9clar\u00e9 hier sur un plateau TV.<\/p>\n<div class=\"code-block code-block-1 c4\"><ins class=\"adsbygoogle c3\" data-ad-layout=\"in-article\" data-ad-format=\"fluid\" data-ad-client=\"ca-pub-2102118777505746\" data-ad-slot=\"7301775417\"\/> <\/div>\n<p>Jelassi a, en effet, assur\u00e9 que si Ennahdha va changer son r\u00e8glement interne dans le sens d\u2019autoriser \u00e0 Rached Ghannouchi de rempiler pour un troisi\u00e8me mandat successif, cela repr\u00e9senterait un grand danger pour la d\u00e9mocratie dans le pays. Dans la mesure o\u00f9 si le parti fait cette concession, \u00e0 son niveau, il n\u2019est pas exclu qu\u2019une fois au pouvoir, il proc\u00e8de au changement de la constitution, pour revenir \u00e0 une formule de dictature.<\/p>\n<p>Abdelhamid Jelassi n\u2019est pas le seul nahdhaoui \u00e0 penser de la sorte, et \u00e0 appr\u00e9hender cette \u00e9ventualit\u00e9, car il sait pertinemment ce qui se trame dans les coulisses du parti.<\/p>\n<p>Ghannouchi serait, en effet, en train de mener campagne pour obtenir gain de cause et rempiler pour un troisi\u00e8me mandat \u00e0 la t\u00eate de ce qu\u2019il consid\u00e8re comme son bien personnel, sa cr\u00e9ation. La derni\u00e8re r\u00e9union du bureau ex\u00e9cutif du parti laisse, justement, entrevoir que Ghannouchi est en train de s\u2019ent\u00eater \u00e0 op\u00e9rer un passage en force, en appelant \u00e0 changer le r\u00e8glement interne du parti, quitte \u00e0 afficher devant tout le monde le respect qu\u2019il pr\u00eate aux r\u00e8glements et aux textes, y compris, probablement, la constitution.<\/p>\n<p>Le bureau ex\u00e9cutif aurait, \u00e0 ce qu\u2019il parait, d\u00e9cr\u00e9t\u00e9 que le congr\u00e8s jouit d\u2019une autonomie totale, et peut d\u00e9cider ce qu\u2019il veut, y compris la modification du r\u00e8glement interne. Ce qui laisse comprendre que le Cheikh s\u2019est, certainement, d\u00e9j\u00e0 assur\u00e9 de l\u2019adh\u00e9sion d\u2019une majorit\u00e9 de congressistes \u00e0 son projet de poursuivre \u00e0 la t\u00eate du parti.<\/p>\n<p>Mais la bataille s\u2019annonce rude, entre ses partisans, et ses d\u00e9tracteurs qui n\u2019ont pas h\u00e9sit\u00e9 \u00e0 monter au cr\u00e9neau, en lui adressant une lettre ouverte, lui demandant, de fa\u00e7on publique, de plier bagages et de laisser la place \u00e0 qui de droit\u00a0!<\/p>\n<div class=\"swp_social_panel swp_horizontal_panel swp_flat_fresh swp_default_full_color swp_individual_full_color swp_other_full_color scale-100 scale-\" data-min-width=\"1100\" data-float-color=\"#ffffff\" data-float=\"bottom\" data-float-mobile=\"bottom\" data-transition=\"slide\">\n<div class=\"nc_tweetContainer swp_share_button total_shares total_sharesalt\"><span class=\"swp_count\">1 <span class=\"swp_label\">Partages<\/span><\/span><\/div>\n<\/div>\n<p><strong>Que se passe-t-il en Tunisie?<\/strong><br \/>Nous expliquons sur notre <a href=\"https:\/\/www.youtube.com\/channel\/UCRzypVq0B_yBad5eGrwBx0Q?sub_confirmation=1\" target=\"_blank\" rel=\"noopener noreferrer\">cha\u00eene YouTube<\/a> . <a href=\"https:\/\/www.youtube.com\/channel\/UCRzypVq0B_yBad5eGrwBx0Q?sub_confirmation=1\" target=\"_blank\" rel=\"noopener noreferrer\">Abonnez-vous!<\/a><\/p>\n<div class=\"mvp-org-wrap mvp-org-logo\" itemprop=\"publisher\" itemscope=\"\" itemtype=\"https:\/\/schema.org\/Organization\"><img decoding=\"async\" src=\"https:\/\/www.tunisienumerique.com\/wp-content\/uploads\/2017\/02\/logo_tunisie_numerique.png\"\/><\/div>\n<div class=\"mvp-related-posts left relative\">\n<h4 class=\"post-header\"><span class=\"post-header\">Lire aussi<\/span><\/h4>\n<\/div>\n<div id=\"article-ad\"><ins class=\"adsbygoogle c5\" data-ad-client=\"ca-pub-2102118777505746\" data-ad-slot=\"6513972734\" data-ad-format=\"auto\" data-full-width-responsive=\"true\"\/> <\/div>\n<\/div>\n<div id=\"post-sidebar-wrap\"><ins class=\"adsbygoogle c5\" data-ad-client=\"ca-pub-2102118777505746\" data-ad-slot=\"6168283410\" data-ad-format=\"auto\" data-full-width-responsive=\"true\"\/> <\/div>\n<p>Auteur: Ramsis<br \/>\n<a href=\"https:\/\/www.tunisienumerique.com\/tunisie-ennahdha-va-constituer-un-grand-danger-pour-la-democratie-dans-le-pays\/\">Cliquez ici pour lire l&rsquo;article depuis sa source.<\/a><\/p>\n","protected":false},"excerpt":{"rendered":"<p>Par Ramsis \u00a0| Il y a 2 minutes \ud83d\udd0a \u00c9coutez l&rsquo;article Ennahdha va-t-elle constituer un danger pour la d\u00e9mocratie dans le pays\u00a0? Cela semble, du moins, \u00eatre l\u2019avis d\u2019un de ses leaders, en l\u2019occurrence, Abdelhamid Jelassi, qui l\u2019a d\u00e9clar\u00e9 hier sur un plateau TV. Jelassi a, en effet, assur\u00e9 que si Ennahdha va changer son [&hellip;]<\/p>\n","protected":false},"author":1789,"featured_media":0,"comment_status":"closed","ping_status":"closed","sticky":false,"template":"","format":"standard","meta":{"fifu_image_url":"","fifu_image_alt":"","footnotes":""},"categories":[73,55],"tags":[],"class_list":["post-99243","post","type-post","status-publish","format-standard","hentry","category-actualite","category-tunisie"],"_links":{"self":[{"href":"https:\/\/linitiative.ca\/International\/wp-json\/wp\/v2\/posts\/99243","targetHints":{"allow":["GET"]}}],"collection":[{"href":"https:\/\/linitiative.ca\/International\/wp-json\/wp\/v2\/posts"}],"about":[{"href":"https:\/\/linitiative.ca\/International\/wp-json\/wp\/v2\/types\/post"}],"author":[{"embeddable":true,"href":"https:\/\/linitiative.ca\/International\/wp-json\/wp\/v2\/users\/1789"}],"replies":[{"embeddable":true,"href":"https:\/\/linitiative.ca\/International\/wp-json\/wp\/v2\/comments?post=99243"}],"version-history":[{"count":0,"href":"https:\/\/linitiative.ca\/International\/wp-json\/wp\/v2\/posts\/99243\/revisions"}],"wp:attachment":[{"href":"https:\/\/linitiative.ca\/International\/wp-json\/wp\/v2\/media?parent=99243"}],"wp:term":[{"taxonomy":"category","embeddable":true,"href":"https:\/\/linitiative.ca\/International\/wp-json\/wp\/v2\/categories?post=99243"},{"taxonomy":"post_tag","embeddable":true,"href":"https:\/\/linitiative.ca\/International\/wp-json\/wp\/v2\/tags?post=99243"}],"curies":[{"name":"wp","href":"https:\/\/api.w.org\/{rel}","templated":true}]}}