{"id":99251,"date":"2020-09-18T13:58:06","date_gmt":"2020-09-18T17:58:06","guid":{"rendered":"https:\/\/linitiative.ca\/International\/journee-sans-telephone-portable-bernadette-observe-le-comportement-des-etudiants\/"},"modified":"2020-09-18T13:58:06","modified_gmt":"2020-09-18T17:58:06","slug":"journee-sans-telephone-portable-bernadette-observe-le-comportement-des-etudiants","status":"publish","type":"post","link":"https:\/\/linitiative.ca\/International\/journee-sans-telephone-portable-bernadette-observe-le-comportement-des-etudiants\/","title":{"rendered":"Journ\u00e9e sans t\u00e9l\u00e9phone portable : Bernadette observe le comportement des \u00e9tudiants"},"content":{"rendered":"<div class=\"td-post-featured-image\"><a href=\"https:\/\/www.sidwaya.info\/wp-content\/uploads\/2020\/09\/tele.jpeg\" data-caption=\"\"><img loading=\"lazy\" decoding=\"async\" width=\"696\" height=\"343\" class=\"entry-thumb td-modal-image\" src=\"https:\/\/www.sidwaya.info\/wp-content\/uploads\/2020\/09\/tele-696x343.jpeg\" srcset=\"https:\/\/www.sidwaya.info\/wp-content\/uploads\/2020\/09\/tele-696x343.jpeg 696w, https:\/\/www.sidwaya.info\/wp-content\/uploads\/2020\/09\/tele-300x148.jpeg 300w, https:\/\/www.sidwaya.info\/wp-content\/uploads\/2020\/09\/tele-768x378.jpeg 768w, https:\/\/www.sidwaya.info\/wp-content\/uploads\/2020\/09\/tele-852x420.jpeg 852w, https:\/\/www.sidwaya.info\/wp-content\/uploads\/2020\/09\/tele-324x160.jpeg 324w, https:\/\/www.sidwaya.info\/wp-content\/uploads\/2020\/09\/tele.jpeg 901w\" sizes=\"auto, (max-width: 696px) 100vw, 696px\" alt=\"\" title=\"tele\"\/><\/a><\/div>\n<p><strong>Dans le cadre de son projet d\u2019\u00e9tude socio-\u00e9ducative, l\u2019\u00e9tudiante en S\u00e9miotique, Bernadette Gansonr\u00e9 a initi\u00e9, le samedi 12 septembre 2020, \u00e0 Ouagadougou, une journ\u00e9e sans t\u00e9l\u00e9phone portable pour observer le comportement des \u00e9tudiants.<\/strong><\/p>\n<p>Bernadette Gansonr\u00e9 veut mesurer jusqu\u2019o\u00f9 le t\u00e9l\u00e9phone portable occupe la vie des citoyens burkinab\u00e8. Pour se faire, elle a organis\u00e9, le samedi 12 septembre 2020, \u00e0 Ouagadougou, une journ\u00e9e sans t\u00e9l\u00e9phone portable. L\u2019objectif vis\u00e9 est d\u2019observer le comportement des participants sans leur t\u00e9l\u00e9phone portable afin de mesurer le temps et la place que celui-ci occupe dans la vie de ces derniers. En effet, plus d\u2019une trentaine d\u2019\u00e9tudiants ont r\u00e9pondu \u00e0 l\u2019appel, sans leur t\u00e9l\u00e9phone portable. Selon l\u2019\u00e9tudiante en 1er ann\u00e9e de th\u00e8se, option s\u00e9miotique, Bernadette Gansonr\u00e9, le t\u00e9l\u00e9phone portable est un outil tr\u00e8s important et capital de nos jours. Cependant, elle a indiqu\u00e9 que cet outil ne contient pas seulement que des avantages. <em>\u00abSi le t\u00e9l\u00e9phone portable est mal utilis\u00e9, il peut nuire \u00e0 la soci\u00e9t\u00e9\u00bb,<\/em> a-t-elle pr\u00e9cis\u00e9. L\u2019\u00e9tudiante en s\u00e9miotique a soulign\u00e9 \u00e9galement que l\u2019arriv\u00e9e du t\u00e9l\u00e9phone portable tue \u00e0 petit feu certaines valeurs. Elle veut donc qu\u2019on l\u2019utilise de fa\u00e7on optimale afin que cet appareil de communication soit b\u00e9n\u00e9fique \u00e0 la soci\u00e9t\u00e9. Sachant que le t\u00e9l\u00e9phone contribue au d\u00e9veloppement du Burkina Faso, elle compte proposer des solutions qui r\u00e9pondent aux valeurs africaines. <em>\u00abLors d\u2019une enqu\u00eate, j\u2019ai demand\u00e9 aux gens s\u2019ils peuvent faire une journ\u00e9e sans leur t\u00e9l\u00e9phone portable. Beaucoup ont r\u00e9pondu oui\u00bb,<\/em> a not\u00e9 Bernadette Gansonr\u00e9. Pour v\u00e9rifier cet oui, a-t-elle expliqu\u00e9, j\u2019ai organis\u00e9 cette journ\u00e9e sans t\u00e9l\u00e9phone portable afin de pouvoir observer le comportement des gens sans cet outil de plus en plus possessif. En effet, les participants sont unanimes qu\u2019il n\u2019est pas ais\u00e9 de faire une journ\u00e9e sans le portable.<\/p>\n<p>L\u2019\u00e9tudiante en ressources humaines, Nad\u00e8ge Bado, n\u2019a jamais essay\u00e9 de faire une journ\u00e9e sans son portable. <em>\u00abC\u2019est une premi\u00e8re. Mais comme il n\u2019y a pas de t\u00e9l\u00e9phone \u00e0 c\u00f4t\u00e9 et que nous sommes occup\u00e9s \u00e0 jouer, nous avons oubli\u00e9 les t\u00e9l\u00e9phones\u00bb,<\/em> a-t-elle pr\u00e9cis\u00e9. En effet, les participants se sont livr\u00e9s \u00e0 des jeux de soci\u00e9t\u00e9: <em>\u00abjeux de dame, lido, carte, scrabble, jeu d\u2019\u00e9checs, entre autres\u00bb.<\/em><\/p>\n<div class=\"td-a-rec td-a-rec-id-content_inline tdi_30_a65 td_block_template_1\"><img loading=\"lazy\" decoding=\"async\" class=\"aligncenter size-full wp-image-21314\" src=\"https:\/\/www.sidwaya.info\/wp-content\/uploads\/2020\/04\/Bandeau-Covid-19-Sidwaya-1.jpg\" alt=\"\" width=\"790\" height=\"98\"\/><\/div>\n<p>L\u2019\u00e9tudiant en master de traduction interpr\u00e9tation, Esso-Domna Roger Atana, pour sa part, a mentionn\u00e9 qu\u2019il\u00a0 passe plus de temps avec son portable andro\u00efde, non seulement, pour des recherches li\u00e9es \u00e0 ses cours, mais aussi pour \u00eatre au courant des informations qui circulent sur les r\u00e9seaux sociaux. Roger Atana avoue qu\u2019il n\u2019est pas ais\u00e9 de passer une journ\u00e9e sans t\u00e9l\u00e9phone portable. <em>\u00ab Cela fait maintenant presqu\u2019une demi journ\u00e9e que je n\u2019ai pas encore touch\u00e9 \u00e0 mon portable. Je sens un vide \u00e0 quelle que part. De temps \u00e0 autre, je tappe mes poches et je me rends compte que j\u2019ai laiss\u00e9 mon portable \u00e0 la maison\u00bb,<\/em> a-t-il soulign\u00e9. Pour lui, le t\u00e9l\u00e9phone affecte les valeurs africaines: <em>\u00absur les r\u00e9seaux sociaux on peut insulter qui on veut\u00bb<\/em>. Parlant de la culture et des valeurs africaines, il a donc recommand\u00e9 que l\u2019\u00e9ducation soit repens\u00e9e et adapt\u00e9e au temps moderne.<\/p>\n<p>Sachant que l\u2019usage du t\u00e9l\u00e9phone portable n\u2019est pas le m\u00eame en fonction de chaque cat\u00e9gorie sociale, Bernadette Gansonr\u00e9 compte poursuivre l\u2019op\u00e9ration <em>\u00abjourn\u00e9e sans t\u00e9l\u00e9phone portable\u00bb<\/em> avec d\u2019autres couches sociales.<\/p>\n<p><strong>Lassina BADOLO<\/strong><\/p>\n<div class=\"td-a-rec td-a-rec-id-content_bottom tdi_31_2b5 td_block_template_1\"><img loading=\"lazy\" decoding=\"async\" class=\"aligncenter size-full wp-image-22415\" src=\"https:\/\/www.sidwaya.info\/wp-content\/uploads\/2020\/05\/Bandeau-paiement-mobile-site.png\" alt=\"\" width=\"728\" height=\"90\"\/><\/div>\n<p>Auteur: BS. Sidwaya<br \/>\n<a href=\"https:\/\/www.sidwaya.info\/blog\/2020\/09\/18\/journee-sans-telephone-portable-bernadette-observe-le-comportement-des-etudiants\/\">Cliquez ici pour lire l&rsquo;article depuis sa source.<\/a><\/p>\n","protected":false},"excerpt":{"rendered":"<p>Dans le cadre de son projet d\u2019\u00e9tude socio-\u00e9ducative, l\u2019\u00e9tudiante en S\u00e9miotique, Bernadette Gansonr\u00e9 a initi\u00e9, le samedi 12 septembre 2020, \u00e0 Ouagadougou, une journ\u00e9e sans t\u00e9l\u00e9phone portable pour observer le comportement des \u00e9tudiants. Bernadette Gansonr\u00e9 veut mesurer jusqu\u2019o\u00f9 le t\u00e9l\u00e9phone portable occupe la vie des citoyens burkinab\u00e8. Pour se faire, elle a organis\u00e9, le samedi [&hellip;]<\/p>\n","protected":false},"author":1816,"featured_media":99252,"comment_status":"closed","ping_status":"closed","sticky":false,"template":"","format":"standard","meta":{"fifu_image_url":"","fifu_image_alt":"","footnotes":""},"categories":[73,81],"tags":[],"class_list":["post-99251","post","type-post","status-publish","format-standard","has-post-thumbnail","hentry","category-actualite","category-burkina-faso"],"_links":{"self":[{"href":"https:\/\/linitiative.ca\/International\/wp-json\/wp\/v2\/posts\/99251","targetHints":{"allow":["GET"]}}],"collection":[{"href":"https:\/\/linitiative.ca\/International\/wp-json\/wp\/v2\/posts"}],"about":[{"href":"https:\/\/linitiative.ca\/International\/wp-json\/wp\/v2\/types\/post"}],"author":[{"embeddable":true,"href":"https:\/\/linitiative.ca\/International\/wp-json\/wp\/v2\/users\/1816"}],"replies":[{"embeddable":true,"href":"https:\/\/linitiative.ca\/International\/wp-json\/wp\/v2\/comments?post=99251"}],"version-history":[{"count":0,"href":"https:\/\/linitiative.ca\/International\/wp-json\/wp\/v2\/posts\/99251\/revisions"}],"wp:featuredmedia":[{"embeddable":true,"href":"https:\/\/linitiative.ca\/International\/wp-json\/"}],"wp:attachment":[{"href":"https:\/\/linitiative.ca\/International\/wp-json\/wp\/v2\/media?parent=99251"}],"wp:term":[{"taxonomy":"category","embeddable":true,"href":"https:\/\/linitiative.ca\/International\/wp-json\/wp\/v2\/categories?post=99251"},{"taxonomy":"post_tag","embeddable":true,"href":"https:\/\/linitiative.ca\/International\/wp-json\/wp\/v2\/tags?post=99251"}],"curies":[{"name":"wp","href":"https:\/\/api.w.org\/{rel}","templated":true}]}}