{"id":99253,"date":"2020-09-18T12:18:02","date_gmt":"2020-09-18T16:18:02","guid":{"rendered":"https:\/\/linitiative.ca\/International\/finale-de-la-ligue-des-champions-dafrique-2019-le-tas-rejette-lappel-du-wac\/"},"modified":"2020-09-18T12:18:02","modified_gmt":"2020-09-18T16:18:02","slug":"finale-de-la-ligue-des-champions-dafrique-2019-le-tas-rejette-lappel-du-wac","status":"publish","type":"post","link":"https:\/\/linitiative.ca\/International\/finale-de-la-ligue-des-champions-dafrique-2019-le-tas-rejette-lappel-du-wac\/","title":{"rendered":"Finale de la ligue des champions d\u2019Afrique 2019: le TAS rejette l\u2019appel du WAC"},"content":{"rendered":"<div readability=\"32\">\n<p>Publi\u00e9 le 18.09.2020 \u00e0 17h18 par APA News<\/p>\n<\/div>\n<div readability=\"72\">\n<p>Le Tribunal Arbitral du Sport (TAS) a rendu sa d\u00e9cision finale dans le cadre de la proc\u00e9dure d\u2019arbitrage entre le club marocain du Wydad Athletic Club (WAC), la Conf\u00e9d\u00e9ration Africaine de Football (CAF) et l\u2019Esp\u00e9rance Sportive de Tunis (\u00ab EST \u00bb, Tunisie) concernant la d\u00e9cision rendue le 15 septembre 2019 par le Comit\u00e9 d\u2019appel de la CAF confirmant la d\u00e9cision du Jury disciplinaire de la CAF du 7 ao\u00fbt 2019.Le TAS a rejet\u00e9 l\u2019appel et confirm\u00e9 int\u00e9gralement la d\u00e9cision du Comit\u00e9 d\u2019appel de la CAF. Par cons\u00e9quent, l\u2019Esp\u00e9rance Sportive de Tunis reste le vainqueur de la Ligue des Champions de la CAF 2018\/2019.<\/p>\n<p>La Formation du TAS a \u00e9tabli en particulier que la d\u00e9cision des joueurs du WAC de ne pas reprendre la partie apr\u00e8s l\u2019interruption de la finale retour \u00e0 la 59e minute du match constituait bien un abandon au sens de l\u2019article 148 du Code disciplinaire de la CAF et que le Comit\u00e9 d\u2019appel de la CAF avait confirm\u00e9 \u00e0 bon droit la d\u00e9cision du Jury disciplinaire de d\u00e9clarer que le WAC avait perdu la finale retour par forfait. En cons\u00e9quence, la Formation du TAS a rejet\u00e9 l\u2019appel, d\u00e9cide le TAS dans un communiqu\u00e9 publi\u00e9 ce jeudi sur son portail.<\/p>\n<p>Pour rappel, La finale de la Ligue des Champions de la CAF 2018\/2019 a \u00e9t\u00e9 disput\u00e9e par le WAC et l\u2019EST sur deux matches aller-retour. Les deux \u00e9quipes avaient fait match nul 1-1 lors de la finale aller \u00e0 Rabat\/Maroc le 24 mai 2019.<\/p>\n<p>Le match retour a eu lieu \u00e0 Rad\u00e8s le 31 mai 2019 et a \u00e9t\u00e9 gravement perturb\u00e9 par des incidents sur et en-dehors du terrain. Le match fut ensuite d\u00e9finitivement interrompu suite \u00e0 la d\u00e9cision du WAC de ne pas reprendre la partie et l\u2019EST fut d\u00e9clar\u00e9e vainqueur du match et par cons\u00e9quent vainqueur de la Ligue des Champions de la CAF 2018\/2019.<\/p>\n<p>Le 5 juin 2019, le Comit\u00e9 ex\u00e9cutif de la CAF a toutefois ordonn\u00e9 aux deux clubs de rejouer le match retour de cette finale sur terrain neutre. Cette d\u00e9cision fut finalement annul\u00e9e par le TAS le 31 juillet 2019, suite \u00e0 des appels des deux clubs.<\/p>\n<p>Le 7 ao\u00fbt 2019, le jury disciplinaire de la CAF a d\u00e9cid\u00e9 de sanctionner le WAC en ordonnant la d\u00e9faite par forfait du match retour de la finale et en imposant une amende totale de 35.000 dollars pour l\u2019abandon du match et pour l\u2019utilisation de fumig\u00e8nes par ses fans.<\/p>\n<p>Le WAC a d\u00e9pos\u00e9 un appel contre cette d\u00e9cision aupr\u00e8s du Comit\u00e9 d\u2019appel de la CAF, appel qui a \u00e9t\u00e9 rejet\u00e9 le 15 septembre 2019. Ensuite, le WAC a d\u00e9pos\u00e9 un appel aupr\u00e8s du TAS contre cette derni\u00e8re d\u00e9cision de la CAF.<\/p>\n<\/div>\n<p>Auteur: APA News<br \/>\n<a href=\"https:\/\/www.journalducameroun.com\/finale-de-la-ligue-des-champions-dafrique-2019-le-tas-rejette-lappel-du-wac\/\">Cliquez ici pour lire l&rsquo;article depuis sa source.<\/a><\/p>\n","protected":false},"excerpt":{"rendered":"<p>Publi\u00e9 le 18.09.2020 \u00e0 17h18 par APA News Le Tribunal Arbitral du Sport (TAS) a rendu sa d\u00e9cision finale dans le cadre de la proc\u00e9dure d\u2019arbitrage entre le club marocain du Wydad Athletic Club (WAC), la Conf\u00e9d\u00e9ration Africaine de Football (CAF) et l\u2019Esp\u00e9rance Sportive de Tunis (\u00ab EST \u00bb, Tunisie) concernant la d\u00e9cision rendue le [&hellip;]<\/p>\n","protected":false},"author":1965,"featured_media":0,"comment_status":"closed","ping_status":"closed","sticky":false,"template":"","format":"standard","meta":{"fifu_image_url":"","fifu_image_alt":"","footnotes":""},"categories":[73,82],"tags":[],"class_list":["post-99253","post","type-post","status-publish","format-standard","hentry","category-actualite","category-cameroun"],"_links":{"self":[{"href":"https:\/\/linitiative.ca\/International\/wp-json\/wp\/v2\/posts\/99253","targetHints":{"allow":["GET"]}}],"collection":[{"href":"https:\/\/linitiative.ca\/International\/wp-json\/wp\/v2\/posts"}],"about":[{"href":"https:\/\/linitiative.ca\/International\/wp-json\/wp\/v2\/types\/post"}],"author":[{"embeddable":true,"href":"https:\/\/linitiative.ca\/International\/wp-json\/wp\/v2\/users\/1965"}],"replies":[{"embeddable":true,"href":"https:\/\/linitiative.ca\/International\/wp-json\/wp\/v2\/comments?post=99253"}],"version-history":[{"count":0,"href":"https:\/\/linitiative.ca\/International\/wp-json\/wp\/v2\/posts\/99253\/revisions"}],"wp:attachment":[{"href":"https:\/\/linitiative.ca\/International\/wp-json\/wp\/v2\/media?parent=99253"}],"wp:term":[{"taxonomy":"category","embeddable":true,"href":"https:\/\/linitiative.ca\/International\/wp-json\/wp\/v2\/categories?post=99253"},{"taxonomy":"post_tag","embeddable":true,"href":"https:\/\/linitiative.ca\/International\/wp-json\/wp\/v2\/tags?post=99253"}],"curies":[{"name":"wp","href":"https:\/\/api.w.org\/{rel}","templated":true}]}}